{"id":38111,"date":"2022-11-26T17:20:44","date_gmt":"2022-11-26T23:20:44","guid":{"rendered":"https:\/\/informativoelvalledeaguascalientes.online\/?p=38111"},"modified":"2022-11-28T17:21:06","modified_gmt":"2022-11-28T23:21:06","slug":"museo-nacional-de-pueblos-magicos-recibio-el-distintivo-turismoincluyente","status":"publish","type":"post","link":"https:\/\/informativoelvalledeaguascalientes.online\/?p=38111","title":{"rendered":"Museo Nacional de Pueblos M\u00e1gicos recibi\u00f3 el Distintivo #TurismoIncluyente"},"content":{"rendered":"<p><strong><a href=\"https:\/\/www.facebook.com\/hashtag\/informativoelvalledeaguascalientes\">#informativoelvalledeaguascalientes<\/a><\/strong><\/p>\n<p><strong><a href=\"https:\/\/www.facebook.com\/hashtag\/novaradioaguascalientes\">#novaradioaguascalientes<\/a><\/strong><\/p>\n<p>#CalvilloPuebloM\u00e1gico<br \/>\n#TierraQueTrasciende<\/p>\n<p>#TuEresLaMagia<\/p>\n<p>&nbsp;<\/p>\n<p>En el marco del D\u00e9cimo Aniversario del Nombramiento de Calvillo como Pueblo M\u00e1gico esta ma\u00f1ana el Museo Nacional de Pueblos M\u00e1gicos recibi\u00f3 el Distintivo #TurismoIncluyente el primero en el Estado de Aguascalientes y de los pocos entregados a nivel nacional.<\/p>\n<p>&nbsp;<\/p>\n<p>El presidente municipal de Calvillo recibi\u00f3 este distintivo de manos de Gloria Mar\u00eda Romo Cuesta, secretaria de Turismo del Estado de Aguascalientes, as\u00ed mismo refrend\u00f3 el compromiso de seguir trabajando desde el Gobierno de Calvillo para seguir siendo un municipio incluyente para todos y todas.<\/p>\n<p>&nbsp;<\/p>\n<p>La maestra Ver\u00f3nica Ballin de Luna, secretaria de Turismo y Cultura y V\u00edctor Daniel Contreras Loera, director del MUNPUMA mencionaron que m\u00e1s que un distintivo este sello es un compromiso para seguir trabajando para crear m\u00e1s y mejores facilidades para todas y todos haciendo de este recinto un lugar de f\u00e1cil acesso para su disfrute.<\/p>\n<p>&nbsp;<\/p>\n","protected":false},"excerpt":{"rendered":"<p>#informativoelvalledeaguascalientes #novaradioaguascalientes #CalvilloPuebloM\u00e1gico #TierraQueTrasciende #TuEresLaMagia &nbsp; En el marco del D\u00e9cimo Aniversario del Nombramiento de Calvillo como Pueblo M\u00e1gico esta ma\u00f1ana el Museo Nacional de Pueblos M\u00e1gicos recibi\u00f3 el Distintivo #TurismoIncluyente el primero en el Estado de Aguascalientes y de los pocos entregados a nivel nacional. &nbsp; El presidente municipal de Calvillo recibi\u00f3 este distintivo [&hellip;]<\/p>\n","protected":false},"author":1,"featured_media":38112,"comment_status":"closed","ping_status":"open","sticky":false,"template":"","format":"standard","meta":{"advanced_seo_description":"","jetpack_seo_html_title":"","jetpack_seo_noindex":false,"_jetpack_memberships_contains_paid_content":false,"footnotes":"","jetpack_publicize_message":"","jetpack_publicize_feature_enabled":true,"jetpack_social_post_already_shared":true,"jetpack_social_options":{"image_generator_settings":{"template":"highway","default_image_id":0,"font":"","enabled":false},"version":2}},"categories":[21,13],"tags":[22,88,29],"class_list":["post-38111","post","type-post","status-publish","format-standard","has-post-thumbnail","hentry","category-aguascalientes","category-calvillo-aguascalientes","tag-aguascalientes","tag-calvillo","tag-calvillo-aguascalientes"],"jetpack_publicize_connections":[],"jetpack_featured_media_url":"https:\/\/i0.wp.com\/informativoelvalledeaguascalientes.online\/wp-content\/uploads\/2022\/11\/calvillo-distintivo.jpg?fit=1024%2C683&ssl=1","jetpack-related-posts":[],"jetpack_sharing_enabled":true,"jetpack_likes_enabled":true,"_links":{"self":[{"href":"https:\/\/informativoelvalledeaguascalientes.online\/index.php?rest_route=\/wp\/v2\/posts\/38111","targetHints":{"allow":["GET"]}}],"collection":[{"href":"https:\/\/informativoelvalledeaguascalientes.online\/index.php?rest_route=\/wp\/v2\/posts"}],"about":[{"href":"https:\/\/informativoelvalledeaguascalientes.online\/index.php?rest_route=\/wp\/v2\/types\/post"}],"author":[{"embeddable":true,"href":"https:\/\/informativoelvalledeaguascalientes.online\/index.php?rest_route=\/wp\/v2\/users\/1"}],"replies":[{"embeddable":true,"href":"https:\/\/informativoelvalledeaguascalientes.online\/index.php?rest_route=%2Fwp%2Fv2%2Fcomments&post=38111"}],"version-history":[{"count":1,"href":"https:\/\/informativoelvalledeaguascalientes.online\/index.php?rest_route=\/wp\/v2\/posts\/38111\/revisions"}],"predecessor-version":[{"id":38113,"href":"https:\/\/informativoelvalledeaguascalientes.online\/index.php?rest_route=\/wp\/v2\/posts\/38111\/revisions\/38113"}],"wp:featuredmedia":[{"embeddable":true,"href":"https:\/\/informativoelvalledeaguascalientes.online\/index.php?rest_route=\/wp\/v2\/media\/38112"}],"wp:attachment":[{"href":"https:\/\/informativoelvalledeaguascalientes.online\/index.php?rest_route=%2Fwp%2Fv2%2Fmedia&parent=38111"}],"wp:term":[{"taxonomy":"category","embeddable":true,"href":"https:\/\/informativoelvalledeaguascalientes.online\/index.php?rest_route=%2Fwp%2Fv2%2Fcategories&post=38111"},{"taxonomy":"post_tag","embeddable":true,"href":"https:\/\/informativoelvalledeaguascalientes.online\/index.php?rest_route=%2Fwp%2Fv2%2Ftags&post=38111"}],"curies":[{"name":"wp","href":"https:\/\/api.w.org\/{rel}","templated":true}]}}