{"id":37667,"date":"2022-11-15T21:00:17","date_gmt":"2022-11-16T03:00:17","guid":{"rendered":"https:\/\/informativoelvalledeaguascalientes.online\/?p=37667"},"modified":"2022-11-15T21:00:17","modified_gmt":"2022-11-16T03:00:17","slug":"reforzaran-la-vacunacion-contra-el-covid-19-en-ninos-de-5-a-11-anos-en-todo-el-estado","status":"publish","type":"post","link":"https:\/\/informativoelvalledeaguascalientes.online\/?p=37667","title":{"rendered":"REFORZAR\u00c1N LA VACUNACI\u00d3N CONTRA EL COVID-19 EN NI\u00d1OS DE 5 A 11 A\u00d1OS EN TODO EL ESTADO"},"content":{"rendered":"<p><strong><a href=\"https:\/\/www.facebook.com\/hashtag\/informativoelvalledeaguascalientes\">#informativoelvalledeaguascalientes<\/a><\/strong><\/p>\n<p><strong><a href=\"https:\/\/www.facebook.com\/hashtag\/novaradioaguascalientes\">#novaradioaguascalientes<\/a><\/strong><\/p>\n<p><strong><a href=\"https:\/\/www.facebook.com\/GobiernodeAguascalientes\">#ElGiganteDeMexico<\/a><\/strong><\/p>\n<p>&nbsp;<\/p>\n<ul class=\"public-DraftStyleDefault-ul\">\n<li id=\"viewer-x898c15720\" class=\"_3Kjjs _78FBa public-DraftStyleDefault-unorderedListItem public-DraftStyleDefault-depth0 public-DraftStyleDefault-list-ltr fixed-tab-size public-DraftStyleDefault-reset _1FoOD _78FBa\">\n<p class=\"_1j-51 _1FoOD _78FBa undefined\"><strong><em>Durante noviembre se aplicar\u00e1 la primera y segunda dosis contra el covid-19 a ni\u00f1os de 5 a 11 a\u00f1os\u00a0\u00a0<\/em><\/strong><\/p>\n<\/li>\n<li id=\"viewer-dnm3c15723\" class=\"_3Kjjs _78FBa public-DraftStyleDefault-unorderedListItem public-DraftStyleDefault-depth0 public-DraftStyleDefault-list-ltr fixed-tab-size _1FoOD _78FBa\">\n<p class=\"_1j-51 _1FoOD _78FBa undefined\"><strong><em>El objetivo de esta jornada es acercar la vacuna a quienes por alguna situaci\u00f3n no pudieron acceder a ella en su momento\u00a0<\/em><\/strong><\/p>\n<\/li>\n<li id=\"viewer-cltgo15726\" class=\"_3Kjjs _78FBa public-DraftStyleDefault-unorderedListItem public-DraftStyleDefault-depth0 public-DraftStyleDefault-list-ltr fixed-tab-size _1FoOD _78FBa\">\n<p class=\"_1j-51 _1FoOD _78FBa undefined\"><strong><em>Se han aplicado 252 mil dosis (entre primera y segunda) en este grupo de edad<\/em><\/strong><\/p>\n<\/li>\n<\/ul>\n<div id=\"viewer-l8bwq16107\" class=\"mm8Nw _1j-51 _1FoOD _78FBa public-DraftStyleDefault-block-depth0 fixed-tab-size public-DraftStyleDefault-text-ltr\"><span class=\"_2PHJq public-DraftStyleDefault-ltr\">\u00a0<\/span><\/div>\n<p id=\"viewer-gt9fa15728\" class=\"mm8Nw _1j-51 _1FoOD _78FBa public-DraftStyleDefault-block-depth0 fixed-tab-size public-DraftStyleDefault-text-ltr\"><span class=\"_2PHJq public-DraftStyleDefault-ltr\">Para seguir la instrucci\u00f3n de la gobernadora del estado, Tere Jim\u00e9nez, de velar por la salud de las y los ni\u00f1os en Aguascalientes, la Secretar\u00eda de Salud del Estado informa que se reforzar\u00e1n las jornadas de vacunaci\u00f3n en menores de 5 a 11 a\u00f1os durante noviembre, en los centros de salud rurales y urbanos.<\/span><\/p>\n<div id=\"viewer-gfynh17218\" class=\"mm8Nw _1j-51 _1FoOD _78FBa public-DraftStyleDefault-block-depth0 fixed-tab-size public-DraftStyleDefault-text-ltr\"><span class=\"_2PHJq public-DraftStyleDefault-ltr\">\u00a0<\/span><\/div>\n<p id=\"viewer-ww2hs15730\" class=\"mm8Nw _1j-51 _1FoOD _78FBa public-DraftStyleDefault-block-depth0 fixed-tab-size public-DraftStyleDefault-text-ltr\"><span class=\"_2PHJq public-DraftStyleDefault-ltr\">La instrucci\u00f3n precisa es llegar a cada ni\u00f1o y ni\u00f1a de Aguascalientes, asegurando que con la aplicaci\u00f3n del biol\u00f3gico tendr\u00e1n mayores posibilidades de salir bien librados de posibles contagios; si bien el n\u00famero de casos ha disminuido, no es momento de bajar la guardia.<\/span><\/p>\n<div id=\"viewer-pzmgl17387\" class=\"mm8Nw _1j-51 _1FoOD _78FBa public-DraftStyleDefault-block-depth0 fixed-tab-size public-DraftStyleDefault-text-ltr\"><span class=\"_2PHJq public-DraftStyleDefault-ltr\">\u00a0<\/span><\/div>\n<p id=\"viewer-gnboz15732\" class=\"mm8Nw _1j-51 _1FoOD _78FBa public-DraftStyleDefault-block-depth0 fixed-tab-size public-DraftStyleDefault-text-ltr\"><span class=\"_2PHJq public-DraftStyleDefault-ltr\">El doctor V\u00edctor Molina, responsable de Vacunolog\u00eda en el estado, mencion\u00f3 que durante esta temporada es importante reforzar el sistema inmunol\u00f3gico de los menores de edad, por lo que hizo un llamado a las madres, padres o tutores para que lleven a sus hijas e hijos al centro de salud m\u00e1s cercano a recibir la vacuna; recalc\u00f3 que su aplicaci\u00f3n no requiere alg\u00fan tipo de derechohabiencia.<\/span><\/p>\n<div id=\"viewer-quz4n17559\" class=\"mm8Nw _1j-51 _1FoOD _78FBa public-DraftStyleDefault-block-depth0 fixed-tab-size public-DraftStyleDefault-text-ltr\"><span class=\"_2PHJq public-DraftStyleDefault-ltr\">\u00a0<\/span><\/div>\n<p id=\"viewer-e11mt15734\" class=\"mm8Nw _1j-51 _1FoOD _78FBa public-DraftStyleDefault-block-depth0 fixed-tab-size public-DraftStyleDefault-text-ltr\"><span class=\"_2PHJq public-DraftStyleDefault-ltr\">A\u00f1adi\u00f3 que en caso de ser su primera dosis, deben acudir con su expediente de vacunaci\u00f3n impreso y CURP; si se trata de la segunda dosis, es necesario presentar el comprobante de la primera vacuna para verificar que ya pasaron 21 d\u00edas, que es el tiempo m\u00ednimo para la siguiente aplicaci\u00f3n. En cualquiera de los casos, las ni\u00f1as y ni\u00f1os deben ir acompa\u00f1ados de un adulto, de 8:00 a 14:00 horas o hasta agotar las dosis de Pfizer pedi\u00e1trica existentes.\u00a0<\/span><\/p>\n<div id=\"viewer-z6swi17734\" class=\"mm8Nw _1j-51 _1FoOD _78FBa public-DraftStyleDefault-block-depth0 fixed-tab-size public-DraftStyleDefault-text-ltr\"><span class=\"_2PHJq public-DraftStyleDefault-ltr\">\u00a0<\/span><\/div>\n<p id=\"viewer-x348v15736\" class=\"mm8Nw _1j-51 _1FoOD _78FBa public-DraftStyleDefault-block-depth0 fixed-tab-size public-DraftStyleDefault-text-ltr\"><span class=\"_2PHJq public-DraftStyleDefault-ltr\">Los centros de salud habilitados para la vacunaci\u00f3n son: Cumbres, Morelos, Guadalupe Peralta, Arboledas, Constituci\u00f3n, Insurgentes, Pabell\u00f3n de Arteaga, Rinc\u00f3n de Romos, Asientos, Cos\u00edo, San Jos\u00e9 de Gracia y Calvillo.<\/span><\/p>\n<div id=\"viewer-6vns317912\" class=\"mm8Nw _1j-51 _1FoOD _78FBa public-DraftStyleDefault-block-depth0 fixed-tab-size public-DraftStyleDefault-text-ltr\"><span class=\"_2PHJq public-DraftStyleDefault-ltr\">\u00a0<\/span><\/div>\n<p id=\"viewer-xwsq215738\" class=\"mm8Nw _1j-51 _1FoOD _78FBa public-DraftStyleDefault-block-depth0 fixed-tab-size public-DraftStyleDefault-text-ltr\"><span class=\"_2PHJq public-DraftStyleDefault-ltr\">Para mayor informaci\u00f3n puede visitar <a class=\"_3Bkfb _1lsz7\" href=\"http:\/\/www.issea.gob.mx\/\" target=\"_self\" rel=\"noopener noreferrer\" data-hook=\"linkViewer\"><u class=\"_3zM-5\">www.issea.gob.mx<\/u><\/a> o llamar al 449 910 79 00.\u00a0<\/span><\/p>\n","protected":false},"excerpt":{"rendered":"<p>#informativoelvalledeaguascalientes #novaradioaguascalientes #ElGiganteDeMexico &nbsp; Durante noviembre se aplicar\u00e1 la primera y segunda dosis contra el covid-19 a ni\u00f1os de 5 a 11 a\u00f1os\u00a0\u00a0 El objetivo de esta jornada es acercar la vacuna a quienes por alguna situaci\u00f3n no pudieron acceder a ella en su momento\u00a0 Se han aplicado 252 mil dosis (entre primera y segunda) [&hellip;]<\/p>\n","protected":false},"author":1,"featured_media":37668,"comment_status":"closed","ping_status":"open","sticky":false,"template":"","format":"standard","meta":{"advanced_seo_description":"","jetpack_seo_html_title":"","jetpack_seo_noindex":false,"_jetpack_memberships_contains_paid_content":false,"footnotes":"","jetpack_publicize_message":"","jetpack_publicize_feature_enabled":true,"jetpack_social_post_already_shared":true,"jetpack_social_options":{"image_generator_settings":{"template":"highway","default_image_id":0,"font":"","enabled":false},"version":2}},"categories":[21,4],"tags":[22,161,30],"class_list":["post-37667","post","type-post","status-publish","format-standard","has-post-thumbnail","hentry","category-aguascalientes","category-gobierno-del-estado-aguascalientes","tag-aguascalientes","tag-gobierno-del-estado-aguascalientes","tag-issea"],"jetpack_publicize_connections":[],"jetpack_featured_media_url":"https:\/\/i0.wp.com\/informativoelvalledeaguascalientes.online\/wp-content\/uploads\/2022\/11\/gob-edo-issea.jpeg?fit=1280%2C853&ssl=1","jetpack-related-posts":[],"jetpack_sharing_enabled":true,"jetpack_likes_enabled":true,"_links":{"self":[{"href":"https:\/\/informativoelvalledeaguascalientes.online\/index.php?rest_route=\/wp\/v2\/posts\/37667","targetHints":{"allow":["GET"]}}],"collection":[{"href":"https:\/\/informativoelvalledeaguascalientes.online\/index.php?rest_route=\/wp\/v2\/posts"}],"about":[{"href":"https:\/\/informativoelvalledeaguascalientes.online\/index.php?rest_route=\/wp\/v2\/types\/post"}],"author":[{"embeddable":true,"href":"https:\/\/informativoelvalledeaguascalientes.online\/index.php?rest_route=\/wp\/v2\/users\/1"}],"replies":[{"embeddable":true,"href":"https:\/\/informativoelvalledeaguascalientes.online\/index.php?rest_route=%2Fwp%2Fv2%2Fcomments&post=37667"}],"version-history":[{"count":1,"href":"https:\/\/informativoelvalledeaguascalientes.online\/index.php?rest_route=\/wp\/v2\/posts\/37667\/revisions"}],"predecessor-version":[{"id":37669,"href":"https:\/\/informativoelvalledeaguascalientes.online\/index.php?rest_route=\/wp\/v2\/posts\/37667\/revisions\/37669"}],"wp:featuredmedia":[{"embeddable":true,"href":"https:\/\/informativoelvalledeaguascalientes.online\/index.php?rest_route=\/wp\/v2\/media\/37668"}],"wp:attachment":[{"href":"https:\/\/informativoelvalledeaguascalientes.online\/index.php?rest_route=%2Fwp%2Fv2%2Fmedia&parent=37667"}],"wp:term":[{"taxonomy":"category","embeddable":true,"href":"https:\/\/informativoelvalledeaguascalientes.online\/index.php?rest_route=%2Fwp%2Fv2%2Fcategories&post=37667"},{"taxonomy":"post_tag","embeddable":true,"href":"https:\/\/informativoelvalledeaguascalientes.online\/index.php?rest_route=%2Fwp%2Fv2%2Ftags&post=37667"}],"curies":[{"name":"wp","href":"https:\/\/api.w.org\/{rel}","templated":true}]}}