{"id":37661,"date":"2022-11-15T20:39:23","date_gmt":"2022-11-16T02:39:23","guid":{"rendered":"https:\/\/informativoelvalledeaguascalientes.online\/?p=37661"},"modified":"2022-11-15T20:39:23","modified_gmt":"2022-11-16T02:39:23","slug":"vigilara-municipio-a-chatarreras-no-permitira-la-venta-de-materiales-de-cobre-y-metal-de-la-infraestructura-publica","status":"publish","type":"post","link":"https:\/\/informativoelvalledeaguascalientes.online\/?p=37661","title":{"rendered":"VIGILAR\u00c1 MUNICIPIO A CHATARRERAS; NO PERMITIR\u00c1 LA VENTA DE MATERIALES DE COBRE Y METAL DE LA INFRAESTRUCTURA P\u00daBLICA"},"content":{"rendered":"<p><strong><a href=\"https:\/\/www.facebook.com\/hashtag\/informativoelvalledeaguascalientes\">#informativoelvalledeaguascalientes<\/a><\/strong><\/p>\n<p><strong><a href=\"https:\/\/www.facebook.com\/hashtag\/novaradioaguascalientes\">#novaradioaguascalientes<\/a><\/strong><\/p>\n<p><strong><a class=\"x1i10hfl xjbqb8w x6umtig x1b1mbwd xaqea5y xav7gou x9f619 x1ypdohk xt0psk2 xe8uvvx xdj266r x11i5rnm xat24cr x1mh8g0r xexx8yu x4uap5 x18d9i69 xkhd6sd x16tdsg8 x1hl2dhg xggy1nq x1a2a7pz xt0b8zv x1qq9wsj xo1l8bm\" tabindex=\"0\" role=\"link\" href=\"https:\/\/www.facebook.com\/hashtag\/laciudaddetuvida?__eep__=6&amp;__cft__[0]=AZVUzG-uzEgkHBxlWi4clX4-qXx_nfGicugdShvx3oYxvDeUIl1My5bfFXiXTmVU7O9FCNwHdVuQiVqIjO99-u7dxeUq1S3CqcB1PNpBXLQtm-Q1JLiRFFX8c4SEMe3VqRRgSs9kS8-Ajp6HnW6ebLd3GeB3j-SCsEGrTUVXz1WdbDeQs8bs0Dry33nLaV6fVU4&amp;__tn__=*NK-R\">#LaCiudadDeTuVida<\/a><\/strong><\/p>\n<p>&nbsp;<\/p>\n<ul>\n<li><b>Se busca disminuir el robo de cableado del alumbrado p\u00fablico y de rejillas y tapas de alcantarillado\u00a0<\/b><\/li>\n<\/ul>\n<p>Este martes en la Sesi\u00f3n Ordinaria Abierta de Cabildo, el H. Ayuntamiento aprob\u00f3 por unanimidad reformas al C\u00f3digo Municipal de Aguascalientes, al Reglamento de Protecci\u00f3n al Medio Ambiente y Manejo de \u00c1reas Verdes, y al Reglamento para el Funcionamiento y Operaci\u00f3n de los Establecimientos Dedicados a la Compra, Venta, Acopio y Reciclaje en el municipio, en materia de visitas de inspecci\u00f3n a \u201cchatarreras\u201d.<\/p>\n<p>El presidente municipal,\u00a0<strong>Leonardo Monta\u00f1ez<\/strong>, explic\u00f3 que es una modificaci\u00f3n al C\u00f3digo Municipal,\u00a0 para facultar a los verificadores adscritos a la Secretar\u00eda de Medio Ambiente y Desarrollo Sustentable (Semadesu), para que supervisen y puedan sancionar aquellos lugares donde se adquiera principalmente cobre y\u00a0 otros residuos s\u00f3lidos, como las rejillas de los caimanes, pozos de visita o tapas de alcantarillas y que afectan el servicio de alumbrado, y a los autom\u00f3viles y personas que pudieran caer en alg\u00fan registro destapado.<\/p>\n<p>\u00abNo vamos a permitir que sigan da\u00f1ando nuestra infraestructura de alumbrado y que con eso se generen otro tipo de inseguridades; estaremos vigilando de cerca a los establecimientos, como algunos que no cuentan con licencia y que la sociedad nos reporta d\u00f3nde se comercializa principalmente el cobre\u00bb, se\u00f1al\u00f3 el presidente municipal.<\/p>\n<p>La regidora<strong>\u00a0Patricia Garc\u00eda<\/strong>, afirm\u00f3 que esta iniciativa es de suma importancia para brindar a las familias, principalmente un servicio de alumbrado puntual y eficiente. En este sentido, hizo un llamado a la ciudadan\u00eda a unir esfuerzos para cuidar y hacer buen uso de la infraestructura, para que todos gocen de buenos y mejores servicios.<\/p>\n<p>La regidora<strong>\u00a0Mirna Medina Ruvalcaba,<\/strong>\u00a0explic\u00f3 que todos los centros de acopio particulares y privados deber\u00e1n de explicar el origen de los materiales que comercializan, y aquel centro de acopio que tenga material de alg\u00fan servicio p\u00fablico como se\u00f1alamientos, cable, tapas de alcantarillado, entre otros, ser\u00e1 sujeto a sanci\u00f3n, por fomentar esta pr\u00e1ctica il\u00edcita que da\u00f1a a la ciudadan\u00eda.<\/p>\n<p>Para dar voz a la ciudadan\u00eda y fomentar la participaci\u00f3n social, el H. Ayuntamiento de Aguascalientes llev\u00f3 a cabo la Sesi\u00f3n Abierta de Cabildo, en donde ciudadanos y representantes de diversos sectores expusieron sus propuestas para una prestaci\u00f3n de servicios p\u00fablicos m\u00e1s eficientes y un mejor desarrollo urbano y social.<\/p>\n<p><strong>Julio C\u00e9sar Aguilar Hern\u00e1ndez<\/strong>, se manifest\u00f3 a favor de contar con una movilidad inclusiva con calles y banquetas m\u00e1s amplias y con elementos accesibles, como rampas, para que personas con discapacidad o adultos mayores puedan desplazarse de manera m\u00e1s c\u00f3moda y segura.<\/p>\n<p><strong>Alma Aracely Bustos Lozano<\/strong>, vecina del fraccionamiento Villa Sur, solicit\u00f3 se revise el COTEDUVI y se tome en cuenta a la ciudadan\u00eda para un mejor desempe\u00f1o en cuesti\u00f3n de desarrollos habitacionales en condominios, para no generar problem\u00e1ticas o controversias posteriores y los habitantes cuenten con servicios de calidad.<\/p>\n<p><strong>Gloria Rivera y Mar\u00eda Guadalupe Ram\u00edrez<\/strong>, representantes de asociaciones como As\u00eds de Aguascalientes y Club Can\u00f3filo de Agilidad y Trabajo de Aguascalientes, solicitaron la asignaci\u00f3n de mayores recursos para las actividades del Centro de Atenci\u00f3n, Control y Bienestar Animal, as\u00ed como para la operaci\u00f3n del Rastro Municipal, para brindar mejores servicios, y fortalecer acciones como la esterilizaci\u00f3n de perros y gatos y evitar con ello que aumente el n\u00famero de animales en situaci\u00f3n de calle y abandono.<\/p>\n<p><strong>H\u00e9ctor Raymundo Amador D\u00edaz<\/strong>, propuso la creaci\u00f3n de una bandera oficial del Municipio de Aguascalientes, en cuyo dise\u00f1o participe la ciudadan\u00eda y que sea un s\u00edmbolo para reafirmar la identidad de la poblaci\u00f3n. En la sesi\u00f3n present\u00f3 una propuesta de tres franjas, azul, blanco y verde que representan el agua y cielo claro de Aguascalientes, sus campos y pulmones naturales.<\/p>\n<p>Asimismo, cond\u00f3minos del fraccionamiento Villa Sur, expusieron algunas alternativas para eficientar el tr\u00e1nsito vehicular de la zona, a trav\u00e9s de proyectos de obra para ampliar vialidades o el puente, y as\u00ed trasladarse de manera m\u00e1s eficiente y segura a sus centros de trabajo o escolares.<\/p>\n<p>El presidente municipal,\u00a0 agradeci\u00f3 estas participaciones ciudadanas que contribuyen a brindar mejores servicios y un mejor Aguascalientes.<\/p>\n<p>Los integrantes del H. Ayuntamiento votaron a favor del nombramiento de la\u00a0 regidora\u00a0<strong>Mar\u00eda Dolores Verd\u00edn Almanza<\/strong>, como secretaria del Patronato de la Feria Nacional de San Marcos, a trav\u00e9s de lo cual se mantiene el trabajo coordinado para el \u00f3ptimo desarrollo de la verbena abrile\u00f1a.<\/p>\n<p>La regidora\u00a0<strong>Mar\u00eda Dolores Verd\u00edn<\/strong>, se comprometi\u00f3 a llevar con responsabilidad esta encomienda, y velar para que las actividades se lleven a cabo en orden y de manera segura, favoreciendo a miles de visitantes y a los servicios que se prestan en esta fiesta, considerada como una de las m\u00e1s importantes de M\u00e9xico<\/p>\n<p>En este sentido los regidores\u00a0<strong>Alejandro Serrano Almanza<\/strong>\u00a0y\u00a0\u00a0<strong>Gustavo Granados<\/strong>, avalaron esta propuesta, para\u00a0 brindar mejores servicios y manifestaron un reconocimiento al trabajo realizado por la regidora\u00a0<strong>Jaqueline Azcona<\/strong>\u00a0en la feria pasada, quien habl\u00f3 de los positivos resultados en 2022 y brind\u00f3 su respaldo a la nueva representante para prestar servicios de calidad.<\/p>\n<p>Como parte de las acciones preventivas y de cuidado a la salud de la poblaci\u00f3n, y con motivo del D\u00eda Internacional del Hombre que se conmemorar\u00e1 el 19 de noviembre, se aprob\u00f3 el acuerdo para el desarrollo de las jornadas para combatir el c\u00e1ncer de pr\u00f3stata y por una masculinidad positiva, y fomentar as\u00ed la detecci\u00f3n oportuna de esta enfermedad, mismas que se desarrollar\u00e1n del 16 al 23 de noviembre con servicios gratuitos de salud como estudios m\u00e9dicos y conferencias de concientizaci\u00f3n.<\/p>\n<p>La regidora\u00a0<strong>Mar\u00eda Dolores Verd\u00edn Almanza,\u00a0<\/strong>se\u00f1al\u00f3 que esto ayuda a visibilizar\u00a0 la igualdad en la salud de g\u00e9nero y coadyuva a una sociedad igualitaria entre hombres y mujeres; junto al regidor\u00a0<strong>Alejandro Serrano<\/strong>, habl\u00f3 sobre las alarmantes cifras de casos de c\u00e1ncer de pr\u00f3stata registrados en M\u00e9xico, en donde estas jornadas representan una acci\u00f3n responsable de detecci\u00f3n oportuna.<\/p>\n<p>Se aprobaron adem\u00e1s reformas y adiciones a diversos art\u00edculos del Reglamento de Hermanamientos del Municipio de Aguascalientes, cuya firma de hermanamiento podr\u00e1 llevarse a cabo en sesi\u00f3n ordinaria o extraordinaria. Se continuar\u00e1 trabajando en diversas adecuaciones que fortalezcan las relaciones de cooperaci\u00f3n\u00a0 a nivel nacional e internacional, a favor del intercambio cultural, acad\u00e9mico, comercial y econ\u00f3mico entre ciudades.<\/p>\n<p>Fue aprobada tambi\u00e9n la adici\u00f3n al art\u00edculo 1358 del C\u00f3digo Municipal de Aguascalientes, a fin de llevar a trav\u00e9s del comit\u00e9 dictaminador en la materia, una operaci\u00f3n m\u00e1s ordenada\u00a0 del comercio en v\u00eda p\u00fablica y ofrecer un mejor servicio a la ciudadan\u00eda, mencion\u00f3 al respecto la regidora\u00a0<strong>Jaqueline Azcona Ram\u00edrez.<\/strong><\/p>\n<p>Se vot\u00f3 a favor del dictamen que contiene la propuesta de regularizaci\u00f3n del tianguis \u201cSolidaridad IV\u201d, mismo que se establece los martes sobre la calle Jos\u00e9 Gonz\u00e1lez Carrillo, para dotar a los habitantes de dicho fraccionamiento de un espacio donde comprar art\u00edculos de la canasta b\u00e1sica y otros productos para el hogar.<\/p>\n<p>La regidora\u00a0<strong>Jaqueline Azcona Ram\u00edrez<\/strong>, agradeci\u00f3 la colaboraci\u00f3n para avanzar en la regularizaci\u00f3n y que estos espacios ofrezcan servicios \u00f3ptimos a la ciudadan\u00eda.<\/p>\n<p>En este sentido, la regidora\u00a0<strong>Patricia Garc\u00eda<\/strong>, hizo un llamado a la Direcci\u00f3n de Mercados y a l\u00edderes tiangusitas a mantener la operaci\u00f3n del lugar de manera ordenada y limpia.<\/p>\n<p>Por su parte, el regidor\u00a0<strong>Gustavo Granados Corzo<\/strong>, extern\u00f3 una felicitaci\u00f3n a Don Chuy, l\u00edder del tianguis el Buen Pastor, por alcanzar esta formalizaci\u00f3n que beneficiar\u00e1 al desempe\u00f1o de las actividades de venta de una gran variedad de productos sobre todo de la canasta b\u00e1sica.<\/p>\n<p>Tras su an\u00e1lisis se aprob\u00f3 la renovaci\u00f3n de comodatos condicionados de predios propiedad municipal, uno a favor del IEA para la administraci\u00f3n, resguardo y mantenimiento de las instalaciones del Tele Bachillerato ubicado en el condominio Hacienda San Marcos, y otro predio a favor de la Di\u00f3cesis de Aguascalientes A.R., en el condominio La Aurora.<\/p>\n<p>Fueron aprobados los dict\u00e1menes\u00a0 que proponen la desincorporaci\u00f3n del dominio p\u00fablico al dominio privado para la donaci\u00f3n condicionada de\u00a0 predios propiedad Municipal a favor del Instituto de Educaci\u00f3n de Aguascalientes (IEA), uno para la regularizaci\u00f3n de la Escuela Secundaria General No. 20 \u201cSiglo XXI\u201d, en el fraccionamiento Municipio Libre; dos predios m\u00e1s para consolidar el plantel multinivel de educaci\u00f3n b\u00e1sica, ubicados frente a la avenida Mahatma Gandhi, del condominio San Gerardo, al sur de la ciudad.<\/p>\n<p>Debido a que no es utilizado conforme a las actividades para las que fue destinado, se aprob\u00f3 la revocaci\u00f3n del comodato condicionado de un predio propiedad municipal en el fraccionamiento San Marcos, a favor de la fundaci\u00f3n \u201cAndr\u00e9s V\u00e1zquez Gloria A.C.\u201d.<\/p>\n<p>La regidora\u00a0<strong>Citlalli Rodr\u00edguez Gonz\u00e1lez,<\/strong>\u00a0reconoci\u00f3 el compromiso del Cabildo con j\u00f3venes y ni\u00f1os estudiantes, a favor de mejores espacios y desempe\u00f1o educativo. Manifest\u00f3 estar segura de que se dar\u00e1 a los predios el uso adecuado. Extern\u00f3 en este sentido, que los predios en comodato o donaci\u00f3n condicionada, al no ser utilizados para los fines solicitados, se revocan en cumplimiento a la ley, ya que son otorgados para crear espacios en beneficio de la ciudadan\u00eda.<\/p>\n<p>Se aprob\u00f3 la asignaci\u00f3n de nomenclatura para las vialidades p\u00fablicas de los fraccionamientos habitacionales urbanos de tipo popular y comercial a denominarse \u201cLunaria\u201d y \u201cSendero Toscano\u201d, en el municipio de Aguascalientes; asimismo \u201cParque Baden-Powell\u201d, para el parque ubicado en Bosques del Prado Norte.<\/p>\n<p>La regidora\u00a0<strong>Patricia Garc\u00eda<\/strong>, mencion\u00f3 que se asigna esta nomenclatura al parque en honor al exmilitar ingl\u00e9s,\u00a0<strong>Baden Powell,\u00a0<\/strong>\u00a0adem\u00e1s la edil reconoci\u00f3 el trabajo de la comunidad Scout presente en esta Sesi\u00f3n de Cabildo, que representan un pilar social y de valores, y quienes tendr\u00e1n encuentros en este parque, para fomentar en la sociedad el deporte y el trabajo en equipo.<\/p>\n<p>Asimismo, la regidora\u00a0<strong>Mar\u00eda Guadalupe Arellano Espinosa<\/strong>\u00a0y el regidor\u00a0<strong>Edgar Due\u00f1as Mac\u00edas<\/strong>, manifestaron el benepl\u00e1cito de apoyar estas iniciativas a favor de formaci\u00f3n de ciudadanos de bien.<\/p>\n<p>Se aprob\u00f3 la iniciativa de adici\u00f3n al art\u00edculo 4 A y de reforma al art\u00edculo 71 de la Constituci\u00f3n Pol\u00edtica del Estado de Aguascalientes y al art\u00edculo 2 de la Ley de Movilidad del Estado de Aguascalientes, referente al derecho que tiene la ciudadan\u00eda a una movilidad universal en condiciones seguras, accesibles, c\u00f3modas, sustentables, incluyentes y progresivas, as\u00ed como un transporte p\u00fablico de calidad, digno, eficiente y de cobertura suficiente, para lo cual se habr\u00e1n de adoptar medidas para el uso equitativo del espacio vial y la implementaci\u00f3n de un sistema integral. Los regidores\u00a0<strong>Mar\u00eda Guadalupe Arellano<\/strong>\u00a0y\u00a0<strong>Gustavo Granados<\/strong>, se refirieron a la iniciativa que est\u00e1 pendiente por aprobarse del Reglamento de Movilidad y Seguridad Vial.<\/p>\n<p>En Asuntos Generales,\u00a0 el regidor\u00a0<strong>Carlos Fernando Ortega Tiscare\u00f1o<\/strong>, quien agradeci\u00f3 la presencia de estudiantes de la licenciatura en Ciencias Pol\u00edticas de la Universidad Aut\u00f3noma de Aguascalientes, reconoci\u00f3\u00a0 a la ciudadan\u00eda que particip\u00f3 en la marcha en defensa del Instituto Nacional Electoral (INE), y dijo se respaldar\u00e1n las causas ciudadanas y la democracia.<\/p>\n<p>La regidora\u00a0<strong>Mirna Medina<\/strong>, habl\u00f3 sobre la campa\u00f1a del cuidado del agua que impulsa en sus redes sociales y pide se d\u00e9 una mayor difusi\u00f3n a trav\u00e9s del \u00e1rea de Comunicaci\u00f3n. Asimismo, refiri\u00f3 que solicit\u00f3 a CCAPAMA informaci\u00f3n sobre los pozos existentes en la ciudad, as\u00ed como sobre las actividades y programas para no caer en una crisis h\u00eddrica.\u00a0 En otro tema, habl\u00f3 de la importancia de integrar en comisiones del Ayuntamiento a la Coordinaci\u00f3n General de Delegaciones Urbanas y Rurales.<\/p>\n<p>La regidora\u00a0<strong>Alejandra Pe\u00f1a Curiel<\/strong>, hizo referencia a los recursos que se requieren para poner en marcha el modelo de operaci\u00f3n del servicio de agua, el cual representa una gran responsabilidad.\u00a0 Adem\u00e1s con respecto a la marcha del INE, aclar\u00f3 que la reforma no tiene fines impositivos, pues se votar\u00e1 y tiene como objetivo evolucionar, para lo cual contempla bajar el n\u00famero consejeros y bajar el gasto pues se disminuir\u00edan el n\u00famero de diputados y senadores.<\/p>\n<p>La regidora\u00a0<strong>Mar\u00eda Dolores Verd\u00edn<\/strong>, sugiere hacer un an\u00e1lisis de los contratos de las APP\u00b4s, para buscar mejores beneficios parael municipio y eficientar los recursos financieros en favor de la ciudadan\u00eda.<\/p>\n<p>Al respecto, el regidor<strong>\u00a0Gustavo Granados<\/strong>, destac\u00f3 que en la marcha se\u00a0 \u00a0defendi\u00f3 la democracia y expuso que la reforma, la cual califica como un distractor, no es solo el cambio de nombre del INE, sino que afectar\u00e1 a las instituciones; y la eliminaci\u00f3n de 200 diputados no es positiva, pues son legisladores que hacen trabajo de campo y cercanos con la ciudadan\u00eda. Asimismo, la regidora\u00a0<strong>Mar\u00eda Guadalupe Arellano,\u00a0<\/strong>se manifest\u00f3 a favor de no tocar al INE<\/p>\n","protected":false},"excerpt":{"rendered":"<p>#informativoelvalledeaguascalientes #novaradioaguascalientes #LaCiudadDeTuVida &nbsp; Se busca disminuir el robo de cableado del alumbrado p\u00fablico y de rejillas y tapas de alcantarillado\u00a0 Este martes en la Sesi\u00f3n Ordinaria Abierta de Cabildo, el H. Ayuntamiento aprob\u00f3 por unanimidad reformas al C\u00f3digo Municipal de Aguascalientes, al Reglamento de Protecci\u00f3n al Medio Ambiente y Manejo de \u00c1reas Verdes, y [&hellip;]<\/p>\n","protected":false},"author":1,"featured_media":37662,"comment_status":"closed","ping_status":"open","sticky":false,"template":"","format":"standard","meta":{"advanced_seo_description":"","jetpack_seo_html_title":"","jetpack_seo_noindex":false,"_jetpack_memberships_contains_paid_content":false,"footnotes":"","jetpack_publicize_message":"","jetpack_publicize_feature_enabled":true,"jetpack_social_post_already_shared":true,"jetpack_social_options":{"image_generator_settings":{"template":"highway","default_image_id":0,"font":"","enabled":false},"version":2}},"categories":[21,3],"tags":[22,25],"class_list":["post-37661","post","type-post","status-publish","format-standard","has-post-thumbnail","hentry","category-aguascalientes","category-municipio-aguascalientes","tag-aguascalientes","tag-mpio-aguascalientes"],"jetpack_publicize_connections":[],"jetpack_featured_media_url":"https:\/\/i0.wp.com\/informativoelvalledeaguascalientes.online\/wp-content\/uploads\/2022\/11\/mpio-ags-cabildo-abierto.jpg?fit=1920%2C1280&ssl=1","jetpack-related-posts":[],"jetpack_sharing_enabled":true,"jetpack_likes_enabled":true,"_links":{"self":[{"href":"https:\/\/informativoelvalledeaguascalientes.online\/index.php?rest_route=\/wp\/v2\/posts\/37661","targetHints":{"allow":["GET"]}}],"collection":[{"href":"https:\/\/informativoelvalledeaguascalientes.online\/index.php?rest_route=\/wp\/v2\/posts"}],"about":[{"href":"https:\/\/informativoelvalledeaguascalientes.online\/index.php?rest_route=\/wp\/v2\/types\/post"}],"author":[{"embeddable":true,"href":"https:\/\/informativoelvalledeaguascalientes.online\/index.php?rest_route=\/wp\/v2\/users\/1"}],"replies":[{"embeddable":true,"href":"https:\/\/informativoelvalledeaguascalientes.online\/index.php?rest_route=%2Fwp%2Fv2%2Fcomments&post=37661"}],"version-history":[{"count":1,"href":"https:\/\/informativoelvalledeaguascalientes.online\/index.php?rest_route=\/wp\/v2\/posts\/37661\/revisions"}],"predecessor-version":[{"id":37663,"href":"https:\/\/informativoelvalledeaguascalientes.online\/index.php?rest_route=\/wp\/v2\/posts\/37661\/revisions\/37663"}],"wp:featuredmedia":[{"embeddable":true,"href":"https:\/\/informativoelvalledeaguascalientes.online\/index.php?rest_route=\/wp\/v2\/media\/37662"}],"wp:attachment":[{"href":"https:\/\/informativoelvalledeaguascalientes.online\/index.php?rest_route=%2Fwp%2Fv2%2Fmedia&parent=37661"}],"wp:term":[{"taxonomy":"category","embeddable":true,"href":"https:\/\/informativoelvalledeaguascalientes.online\/index.php?rest_route=%2Fwp%2Fv2%2Fcategories&post=37661"},{"taxonomy":"post_tag","embeddable":true,"href":"https:\/\/informativoelvalledeaguascalientes.online\/index.php?rest_route=%2Fwp%2Fv2%2Ftags&post=37661"}],"curies":[{"name":"wp","href":"https:\/\/api.w.org\/{rel}","templated":true}]}}