{"id":37596,"date":"2022-11-14T18:14:49","date_gmt":"2022-11-15T00:14:49","guid":{"rendered":"https:\/\/informativoelvalledeaguascalientes.online\/?p=37596"},"modified":"2022-11-14T18:14:49","modified_gmt":"2022-11-15T00:14:49","slug":"se-dio-a-conocer-el-proceso-de-la-convocatoria-para-la-eleccion-de-la-dirigencia-2022-2026-en-aguascalientes","status":"publish","type":"post","link":"https:\/\/informativoelvalledeaguascalientes.online\/?p=37596","title":{"rendered":"Se dio a conocer el proceso de la convocatoria para la elecci\u00f3n de la dirigencia 2022-2026, en Aguascalientes"},"content":{"rendered":"<p><strong><a href=\"https:\/\/www.facebook.com\/hashtag\/informativoelvalledeaguascalientes\">#informativoelvalledeaguascalientes<\/a><\/strong><\/p>\n<p><strong><a href=\"https:\/\/www.facebook.com\/hashtag\/novaradioaguascalientes\">#novaradioaguascalientes<\/a><\/strong><\/p>\n<p>&nbsp;<\/p>\n<p>Se dio a conocer el proceso de la convocatoria para la elecci\u00f3n de la dirigencia 2022-2026 del CDE (Comit\u00e9 Directivo Estatal), donde el CEN (Comit\u00e9 Ejecutivo Nacional) en todo momento estar\u00e1 al pendiente.<\/p>\n<p>En rueda de prensa, el sub secretario de organizaci\u00f3n del CEN del PRI y enviado especial para el proceso de elecci\u00f3n, Jorge Meade, record\u00f3 que el dirigente nacional, Alejandro Moreno C\u00e1rdenas, se comprometi\u00f3 con el pri\u00edsmo de Aguascalientes de que, pasando el proceso electoral, se difundir\u00eda la convocatoria para devolver el liderazgo a mujeres y hombres del Estado en el partido, por lo que hoy est\u00e1 en la cancha de la militancia aguascalentense decidir qui\u00e9nes ser\u00e1n su dirigencia.<\/p>\n<p>Se\u00f1al\u00f3 que se elegir\u00e1 la formula conforme lo se\u00f1alan los documentos b\u00e1sicos, donde el CEN estar\u00e1 verificando que el proceso sea equitativo.<\/p>\n<p>Dijo que la comisi\u00f3n de procesos internos ser\u00e1 la responsable de organizar y conducir el proceso, donde el CEN y el CDE, en sus \u00e1reas electoral y jur\u00eddicas, estar\u00e1n pendientes de que todo se cumpla para que la elecci\u00f3n de la nueva dirigencia fortalezca al pri\u00edsmo de Aguascalientes.<\/p>\n<p>Por su parte, el secretario Jur\u00eddico, Brando Amauri Cardona, explic\u00f3 el calendario del proceso donde despu\u00e9s de haberse publicado la convocatoria, viene la expedici\u00f3n del Manual de Organizaci\u00f3n el 15 de noviembre; la jornada de registro de las f\u00f3rmulas de aspirantes el 23 de noviembre; el periodo de garant\u00eda de audiencia sobre el registro de candidaturas los d\u00edas 24 y 25 de noviembre; la expedici\u00f3n de dict\u00e1menes el 26 de noviembre; el per\u00edodo de proselitismo interno el 27 de noviembre; la jornada electiva el 13 de diciembre; y, finalmente, el c\u00f3mputo estatal, la declaraci\u00f3n de validez de la elecci\u00f3n y la entrega de la constancia de mayor\u00eda el 14 de diciembre.<\/p>\n","protected":false},"excerpt":{"rendered":"<p>#informativoelvalledeaguascalientes #novaradioaguascalientes &nbsp; Se dio a conocer el proceso de la convocatoria para la elecci\u00f3n de la dirigencia 2022-2026 del CDE (Comit\u00e9 Directivo Estatal), donde el CEN (Comit\u00e9 Ejecutivo Nacional) en todo momento estar\u00e1 al pendiente. En rueda de prensa, el sub secretario de organizaci\u00f3n del CEN del PRI y enviado especial para el proceso [&hellip;]<\/p>\n","protected":false},"author":1,"featured_media":37597,"comment_status":"closed","ping_status":"open","sticky":false,"template":"","format":"standard","meta":{"advanced_seo_description":"","jetpack_seo_html_title":"","jetpack_seo_noindex":false,"_jetpack_memberships_contains_paid_content":false,"footnotes":"","jetpack_publicize_message":"","jetpack_publicize_feature_enabled":true,"jetpack_social_post_already_shared":true,"jetpack_social_options":{"image_generator_settings":{"template":"highway","default_image_id":0,"font":"","enabled":false},"version":2}},"categories":[21,19,6,9],"tags":[22,232,33],"class_list":["post-37596","post","type-post","status-publish","format-standard","has-post-thumbnail","hentry","category-aguascalientes","category-informacion-general","category-partidos-politicos","category-pri-aguascalientes","tag-aguascalientes","tag-informacion-general","tag-pri-aguascalientes-cde"],"jetpack_publicize_connections":[],"jetpack_featured_media_url":"https:\/\/i0.wp.com\/informativoelvalledeaguascalientes.online\/wp-content\/uploads\/2022\/11\/pri-ags.jpg?fit=1280%2C853&ssl=1","jetpack-related-posts":[],"jetpack_sharing_enabled":true,"jetpack_likes_enabled":true,"_links":{"self":[{"href":"https:\/\/informativoelvalledeaguascalientes.online\/index.php?rest_route=\/wp\/v2\/posts\/37596","targetHints":{"allow":["GET"]}}],"collection":[{"href":"https:\/\/informativoelvalledeaguascalientes.online\/index.php?rest_route=\/wp\/v2\/posts"}],"about":[{"href":"https:\/\/informativoelvalledeaguascalientes.online\/index.php?rest_route=\/wp\/v2\/types\/post"}],"author":[{"embeddable":true,"href":"https:\/\/informativoelvalledeaguascalientes.online\/index.php?rest_route=\/wp\/v2\/users\/1"}],"replies":[{"embeddable":true,"href":"https:\/\/informativoelvalledeaguascalientes.online\/index.php?rest_route=%2Fwp%2Fv2%2Fcomments&post=37596"}],"version-history":[{"count":1,"href":"https:\/\/informativoelvalledeaguascalientes.online\/index.php?rest_route=\/wp\/v2\/posts\/37596\/revisions"}],"predecessor-version":[{"id":37598,"href":"https:\/\/informativoelvalledeaguascalientes.online\/index.php?rest_route=\/wp\/v2\/posts\/37596\/revisions\/37598"}],"wp:featuredmedia":[{"embeddable":true,"href":"https:\/\/informativoelvalledeaguascalientes.online\/index.php?rest_route=\/wp\/v2\/media\/37597"}],"wp:attachment":[{"href":"https:\/\/informativoelvalledeaguascalientes.online\/index.php?rest_route=%2Fwp%2Fv2%2Fmedia&parent=37596"}],"wp:term":[{"taxonomy":"category","embeddable":true,"href":"https:\/\/informativoelvalledeaguascalientes.online\/index.php?rest_route=%2Fwp%2Fv2%2Fcategories&post=37596"},{"taxonomy":"post_tag","embeddable":true,"href":"https:\/\/informativoelvalledeaguascalientes.online\/index.php?rest_route=%2Fwp%2Fv2%2Ftags&post=37596"}],"curies":[{"name":"wp","href":"https:\/\/api.w.org\/{rel}","templated":true}]}}