{"id":37261,"date":"2022-11-03T10:25:42","date_gmt":"2022-11-03T16:25:42","guid":{"rendered":"https:\/\/informativoelvalledeaguascalientes.online\/?p=37261"},"modified":"2022-11-03T10:25:42","modified_gmt":"2022-11-03T16:25:42","slug":"familias-de-los-municipios-disfrutaron-en-grande-el-festival-cultural-de-calaveras-2022","status":"publish","type":"post","link":"https:\/\/informativoelvalledeaguascalientes.online\/?p=37261","title":{"rendered":"FAMILIAS DE LOS MUNICIPIOS DISFRUTARON EN GRANDE EL FESTIVAL CULTURAL DE CALAVERAS 2022"},"content":{"rendered":"<div id=\"bgLayers_comp-l7sh9ubr2\" class=\"_3wnIc\" data-hook=\"bgLayers\">\n<div id=\"bgMedia_comp-l7sh9ubr2\" class=\"_2GUhU\"><\/div>\n<\/div>\n<div class=\"\" data-mesh-id=\"comp-l7sh9ubr2inlineContent\" data-testid=\"inline-content\">\n<div data-mesh-id=\"comp-l7sh9ubr2inlineContent-gridContainer\" data-testid=\"mesh-container-content\">\n<div id=\"comp-l7sh9ubx\" class=\"_2PSyL\">\n<div class=\"comp-l7sh9ubx\">\n<div class=\"s1IW4b\" data-hook=\"ricosviewer-wrapper\">\n<div class=\"kvdbP _1O7aH\" dir=\"ltr\" data-id=\"rich-content-viewer\">\n<div class=\"_1hN1O _3EPBy\">\n<div id=\"viewer-foo\" class=\"mm8Nw _1j-51 _1FoOD _3M0Fe public-DraftStyleDefault-block-depth0 fixed-tab-size public-DraftStyleDefault-text-ltr\">\n<p><strong><a href=\"https:\/\/www.facebook.com\/hashtag\/informativoelvalledeaguascalientes\">#informativoelvalledeaguascalientes<\/a><\/strong><\/p>\n<p><strong><a href=\"https:\/\/www.facebook.com\/hashtag\/novaradioaguascalientes\">#novaradioaguascalientes<\/a><\/strong><\/p>\n<p><strong><a href=\"https:\/\/www.facebook.com\/GobiernodeAguascalientes\">#ElGiganteDeMexico<\/a><\/strong><\/p>\n<\/div>\n<p id=\"viewer-nj0tc2000\" class=\"mm8Nw _1j-51 _1FoOD _3M0Fe public-DraftStyleDefault-block-depth0 fixed-tab-size public-DraftStyleDefault-text-ltr\"><span class=\"_2PHJq public-DraftStyleDefault-ltr\"><em>\u2022 Se desarrollaron m\u00e1s de 100 actividades a lo largo del territorio estatal<\/em><\/span><\/p>\n<p id=\"viewer-9qlz71691\" class=\"mm8Nw _1j-51 _1FoOD _3M0Fe public-DraftStyleDefault-block-depth0 fixed-tab-size public-DraftStyleDefault-text-ltr\"><span class=\"_2PHJq public-DraftStyleDefault-ltr\"><em>\u2022 Las familias de los municipios disfrutaron por vez primera el festival de calaveras sin tener que <\/em><\/span><\/p>\n<p id=\"viewer-u2fre1833\" class=\"mm8Nw _1j-51 _1FoOD _3M0Fe public-DraftStyleDefault-block-depth0 fixed-tab-size public-DraftStyleDefault-text-ltr\"><span class=\"_2PHJq public-DraftStyleDefault-ltr\"><em> viajar a la capital<\/em><\/span><\/p>\n<div id=\"viewer-h27yw2019\" class=\"mm8Nw _1j-51 _1FoOD _3M0Fe public-DraftStyleDefault-block-depth0 fixed-tab-size public-DraftStyleDefault-text-ltr\"><span class=\"_2PHJq public-DraftStyleDefault-ltr\">\u00a0<\/span><\/div>\n<p id=\"viewer-6pyfw2054\" class=\"mm8Nw _1j-51 _1FoOD _78FBa public-DraftStyleDefault-block-depth0 fixed-tab-size public-DraftStyleDefault-text-ltr\"><span class=\"_2PHJq public-DraftStyleDefault-ltr\">Por instrucci\u00f3n de la gobernadora Tere Jim\u00e9nez de acercar la cultura y las tradiciones a las familias de Aguascalientes, se llevaron a cabo m\u00e1s de 100 actividades art\u00edsticas y culturales a lo largo del territorio estatal durante la presente emisi\u00f3n del Festival de Calaveras.<\/span><\/p>\n<div id=\"viewer-vsgrj2307\" class=\"mm8Nw _1j-51 _1FoOD _78FBa public-DraftStyleDefault-block-depth0 fixed-tab-size public-DraftStyleDefault-text-ltr\"><span class=\"_2PHJq public-DraftStyleDefault-ltr\">\u00a0<\/span><\/div>\n<p id=\"viewer-asg902308\" class=\"mm8Nw _1j-51 _1FoOD _78FBa public-DraftStyleDefault-block-depth0 fixed-tab-size public-DraftStyleDefault-text-ltr\"><span class=\"_2PHJq public-DraftStyleDefault-ltr\">Las familias del municipio de Asientos disfrutaron del espect\u00e1culo Circo Luz y Fuego y de la presentaci\u00f3n musical de Flor de Jade, adem\u00e1s de algunos eventos multidisciplinarios.\u00a0<\/span><\/p>\n<div id=\"viewer-g8bak2310\" class=\"mm8Nw _1j-51 _1FoOD _78FBa public-DraftStyleDefault-block-depth0 fixed-tab-size public-DraftStyleDefault-text-ltr\"><span class=\"_2PHJq public-DraftStyleDefault-ltr\">\u00a0<\/span><\/div>\n<p id=\"viewer-83e5d2311\" class=\"mm8Nw _1j-51 _1FoOD _78FBa public-DraftStyleDefault-block-depth0 fixed-tab-size public-DraftStyleDefault-text-ltr\"><span class=\"_2PHJq public-DraftStyleDefault-ltr\">En Calvillo, la comparsa Una familia muy Catrina y la Compa\u00f1\u00eda Danzarcos fueron los encargados de amenizar los eventos. Tambi\u00e9n se tuvo la participaci\u00f3n del grupo de danza y m\u00fasica africana Ra\u00edz en Movimiento.<\/span><\/p>\n<div id=\"viewer-f0ms92313\" class=\"mm8Nw _1j-51 _1FoOD _78FBa public-DraftStyleDefault-block-depth0 fixed-tab-size public-DraftStyleDefault-text-ltr\"><span class=\"_2PHJq public-DraftStyleDefault-ltr\">\u00a0<\/span><\/div>\n<p id=\"viewer-ub62t2314\" class=\"mm8Nw _1j-51 _1FoOD _78FBa public-DraftStyleDefault-block-depth0 fixed-tab-size public-DraftStyleDefault-text-ltr\"><span class=\"_2PHJq public-DraftStyleDefault-ltr\">En Cos\u00edo, las comunidades El Durazno, La Esperanza, El Refugio de Providencia, Potreritos, El Refugio de Agua Zarca, Santa Mar\u00eda de la Paz, Soledad de Abajo, Guadalupito, Soledad de Arriba, Zacatequillas, El Salero y La Punta disfrutaron del tradicional desfile y de presentaciones musicales con el grupo Doro Fonseca y Los Electrocharros; as\u00ed como de presentaciones art\u00edsticas multidisciplinares.<\/span><\/p>\n<div id=\"viewer-f3xl02316\" class=\"mm8Nw _1j-51 _1FoOD _78FBa public-DraftStyleDefault-block-depth0 fixed-tab-size public-DraftStyleDefault-text-ltr\"><span class=\"_2PHJq public-DraftStyleDefault-ltr\">\u00a0<\/span><\/div>\n<p id=\"viewer-rypou2317\" class=\"mm8Nw _1j-51 _1FoOD _78FBa public-DraftStyleDefault-block-depth0 fixed-tab-size public-DraftStyleDefault-text-ltr\"><span class=\"_2PHJq public-DraftStyleDefault-ltr\">El Llano recibi\u00f3 al grupo Ra\u00edz Viva con su m\u00fasica tradicional mexicana, tambi\u00e9n se realizaron exposiciones pl\u00e1sticas, presentaciones de circo y relatos de leyendas. Las y los peque\u00f1os elaboraron calaveritas de az\u00facar, y hubo una degustaci\u00f3n de antojitos mexicanos; se cont\u00f3 con la participaci\u00f3n del Poeta Instrumental y, para finalizar, las alumnas y alumnos de talleres art\u00edsticos realizaron la apertura de la ofrenda.<\/span><\/p>\n<div id=\"viewer-r68d32319\" class=\"mm8Nw _1j-51 _1FoOD _78FBa public-DraftStyleDefault-block-depth0 fixed-tab-size public-DraftStyleDefault-text-ltr\"><span class=\"_2PHJq public-DraftStyleDefault-ltr\">\u00a0<\/span><\/div>\n<p id=\"viewer-zdifo2320\" class=\"mm8Nw _1j-51 _1FoOD _78FBa public-DraftStyleDefault-block-depth0 fixed-tab-size public-DraftStyleDefault-text-ltr\"><span class=\"_2PHJq public-DraftStyleDefault-ltr\">En Jes\u00fas Mar\u00eda se prepararon diversas actividades con participantes de los talleres de la Casa de la Cultura, adem\u00e1s se recibi\u00f3 con entusiasmo la presentaci\u00f3n de un grupo de flamenco y ritmos latinos.\u00a0<\/span><\/p>\n<div id=\"viewer-3ghon2322\" class=\"mm8Nw _1j-51 _1FoOD _78FBa public-DraftStyleDefault-block-depth0 fixed-tab-size public-DraftStyleDefault-text-ltr\"><span class=\"_2PHJq public-DraftStyleDefault-ltr\">\u00a0<\/span><\/div>\n<p id=\"viewer-e7ydj2323\" class=\"mm8Nw _1j-51 _1FoOD _78FBa public-DraftStyleDefault-block-depth0 fixed-tab-size public-DraftStyleDefault-text-ltr\"><span class=\"_2PHJq public-DraftStyleDefault-ltr\">En Pabell\u00f3n de Arteaga se recibi\u00f3 a la agrupaci\u00f3n Coco Ska y se realizaron exposiciones de calaveritas y cartoner\u00eda; se dio lectura a calaveras literarias y se inaugur\u00f3 una exposici\u00f3n de artes pl\u00e1sticas.\u00a0<\/span><\/p>\n<div id=\"viewer-n7htn2325\" class=\"mm8Nw _1j-51 _1FoOD _78FBa public-DraftStyleDefault-block-depth0 fixed-tab-size public-DraftStyleDefault-text-ltr\"><span class=\"_2PHJq public-DraftStyleDefault-ltr\">\u00a0<\/span><\/div>\n<p id=\"viewer-v5gzr2326\" class=\"mm8Nw _1j-51 _1FoOD _78FBa public-DraftStyleDefault-block-depth0 fixed-tab-size public-DraftStyleDefault-text-ltr\"><span class=\"_2PHJq public-DraftStyleDefault-ltr\">En Rinc\u00f3n de Romos la ofrenda estuvo acompa\u00f1ada por un recital de guitarra, tambi\u00e9n se cont\u00f3 con la participaci\u00f3n de integrantes de los talleres de iniciaci\u00f3n art\u00edstica. Se presentaron Beat Girl\u2019s y la Compa\u00f1\u00eda Sue\u00f1o Azul Teatro, y el alumnado de danza y Ciudad del Ma\u00edz particip\u00f3 con m\u00fasica tradicional contempor\u00e1nea.<\/span><\/p>\n<div id=\"viewer-7j3my2328\" class=\"mm8Nw _1j-51 _1FoOD _78FBa public-DraftStyleDefault-block-depth0 fixed-tab-size public-DraftStyleDefault-text-ltr\"><span class=\"_2PHJq public-DraftStyleDefault-ltr\">\u00a0<\/span><\/div>\n<p id=\"viewer-ht26g2329\" class=\"mm8Nw _1j-51 _1FoOD _78FBa public-DraftStyleDefault-block-depth0 fixed-tab-size public-DraftStyleDefault-text-ltr\"><span class=\"_2PHJq public-DraftStyleDefault-ltr\">San Francisco de los Romos cont\u00f3 con presentaciones de danza cl\u00e1sica, un recital musical por parte de estudiantes de la Casa de la Cultura y la participaci\u00f3n del grupo St. Banjos.<\/span><\/p>\n<div id=\"viewer-i2upb2331\" class=\"mm8Nw _1j-51 _1FoOD _78FBa public-DraftStyleDefault-block-depth0 fixed-tab-size public-DraftStyleDefault-text-ltr\"><span class=\"_2PHJq public-DraftStyleDefault-ltr\">\u00a0<\/span><\/div>\n<p id=\"viewer-48pvk2332\" class=\"mm8Nw _1j-51 _1FoOD _78FBa public-DraftStyleDefault-block-depth0 fixed-tab-size public-DraftStyleDefault-text-ltr\"><span class=\"_2PHJq public-DraftStyleDefault-ltr\">En San Jos\u00e9 de Gracia se instal\u00f3 un altar monumental y se abri\u00f3 un concurso de calaveras literarias y dibujo; hubo narraci\u00f3n y representaci\u00f3n esc\u00e9nica de leyendas. En la comunidad de San Francisco de los R\u00edos y Paredes se llev\u00f3 a cabo una muestra gastron\u00f3mica, adem\u00e1s particip\u00f3 el grupo Sembrando Revoluson, con sus sones jarochos. Se realiz\u00f3 un desfile de calaveras con Puebla de los Pardos y, para concluir, hubo una serie de actividades multidisciplinarias con alumnado de los talleres.<\/span><\/p>\n<div id=\"viewer-f4hm42334\" class=\"mm8Nw _1j-51 _1FoOD _78FBa public-DraftStyleDefault-block-depth0 fixed-tab-size public-DraftStyleDefault-text-ltr\"><span class=\"_2PHJq public-DraftStyleDefault-ltr\">\u00a0<\/span><\/div>\n<p id=\"viewer-z11zv2335\" class=\"mm8Nw _1j-51 _1FoOD _78FBa public-DraftStyleDefault-block-depth0 fixed-tab-size public-DraftStyleDefault-text-ltr\"><span class=\"_2PHJq public-DraftStyleDefault-ltr\">Se visitaron las comunidades de Carboneras y San Antonio en Tepezal\u00e1. El taller de teatro particip\u00f3 con Narraciones de Historias de Vida y Muerte y se llev\u00f3 a cabo un desfile de calaveras; tambi\u00e9n se cont\u00f3 con la presentaci\u00f3n del grupo flamenco Gipsy y de eventos multidisciplinarios de estudiantes de los talleres art\u00edsticos.\u00a0<\/span><\/p>\n<div id=\"viewer-0ojp82337\" class=\"mm8Nw _1j-51 _1FoOD _78FBa public-DraftStyleDefault-block-depth0 fixed-tab-size public-DraftStyleDefault-text-ltr\"><span class=\"_2PHJq public-DraftStyleDefault-ltr\">\u00a0<\/span><\/div>\n<p id=\"viewer-o8hwj2338\" class=\"mm8Nw _1j-51 _1FoOD _78FBa public-DraftStyleDefault-block-depth0 fixed-tab-size public-DraftStyleDefault-text-ltr\"><span class=\"_2PHJq public-DraftStyleDefault-ltr\">De esa manera, el Instituto Cultural de Aguascalientes (ICA), con la participaci\u00f3n de las Casas de Cultura de los municipios, llev\u00f3 estos espect\u00e1culos y eventos art\u00edsticos del Festival Cultural de Calaveras a todas las familias del estado.<\/span><\/p>\n<\/div>\n<\/div>\n<\/div>\n<\/div>\n<\/div>\n<\/div>\n<\/div>\n","protected":false},"excerpt":{"rendered":"<p>#informativoelvalledeaguascalientes #novaradioaguascalientes #ElGiganteDeMexico \u2022 Se desarrollaron m\u00e1s de 100 actividades a lo largo del territorio estatal \u2022 Las familias de los municipios disfrutaron por vez primera el festival de calaveras sin tener que viajar a la capital \u00a0 Por instrucci\u00f3n de la gobernadora Tere Jim\u00e9nez de acercar la cultura y las tradiciones a las familias [&hellip;]<\/p>\n","protected":false},"author":1,"featured_media":37262,"comment_status":"closed","ping_status":"open","sticky":false,"template":"","format":"standard","meta":{"advanced_seo_description":"","jetpack_seo_html_title":"","jetpack_seo_noindex":false,"_jetpack_memberships_contains_paid_content":false,"footnotes":"","jetpack_publicize_message":"","jetpack_publicize_feature_enabled":true,"jetpack_social_post_already_shared":true,"jetpack_social_options":{"image_generator_settings":{"template":"highway","default_image_id":0,"font":"","enabled":false},"version":2}},"categories":[21,4],"tags":[22,161,52,320],"class_list":["post-37261","post","type-post","status-publish","format-standard","has-post-thumbnail","hentry","category-aguascalientes","category-gobierno-del-estado-aguascalientes","tag-aguascalientes","tag-gobierno-del-estado-aguascalientes","tag-ica","tag-tere-jimenez"],"jetpack_publicize_connections":[],"jetpack_featured_media_url":"https:\/\/i0.wp.com\/informativoelvalledeaguascalientes.online\/wp-content\/uploads\/2022\/11\/4d3a7626-scaled.jpg?fit=2560%2C1707&ssl=1","jetpack-related-posts":[],"jetpack_sharing_enabled":true,"jetpack_likes_enabled":true,"_links":{"self":[{"href":"https:\/\/informativoelvalledeaguascalientes.online\/index.php?rest_route=\/wp\/v2\/posts\/37261","targetHints":{"allow":["GET"]}}],"collection":[{"href":"https:\/\/informativoelvalledeaguascalientes.online\/index.php?rest_route=\/wp\/v2\/posts"}],"about":[{"href":"https:\/\/informativoelvalledeaguascalientes.online\/index.php?rest_route=\/wp\/v2\/types\/post"}],"author":[{"embeddable":true,"href":"https:\/\/informativoelvalledeaguascalientes.online\/index.php?rest_route=\/wp\/v2\/users\/1"}],"replies":[{"embeddable":true,"href":"https:\/\/informativoelvalledeaguascalientes.online\/index.php?rest_route=%2Fwp%2Fv2%2Fcomments&post=37261"}],"version-history":[{"count":1,"href":"https:\/\/informativoelvalledeaguascalientes.online\/index.php?rest_route=\/wp\/v2\/posts\/37261\/revisions"}],"predecessor-version":[{"id":37263,"href":"https:\/\/informativoelvalledeaguascalientes.online\/index.php?rest_route=\/wp\/v2\/posts\/37261\/revisions\/37263"}],"wp:featuredmedia":[{"embeddable":true,"href":"https:\/\/informativoelvalledeaguascalientes.online\/index.php?rest_route=\/wp\/v2\/media\/37262"}],"wp:attachment":[{"href":"https:\/\/informativoelvalledeaguascalientes.online\/index.php?rest_route=%2Fwp%2Fv2%2Fmedia&parent=37261"}],"wp:term":[{"taxonomy":"category","embeddable":true,"href":"https:\/\/informativoelvalledeaguascalientes.online\/index.php?rest_route=%2Fwp%2Fv2%2Fcategories&post=37261"},{"taxonomy":"post_tag","embeddable":true,"href":"https:\/\/informativoelvalledeaguascalientes.online\/index.php?rest_route=%2Fwp%2Fv2%2Ftags&post=37261"}],"curies":[{"name":"wp","href":"https:\/\/api.w.org\/{rel}","templated":true}]}}