{"id":37213,"date":"2022-11-02T00:27:07","date_gmt":"2022-11-02T06:27:07","guid":{"rendered":"https:\/\/informativoelvalledeaguascalientes.online\/?p=37213"},"modified":"2022-11-02T00:27:07","modified_gmt":"2022-11-02T06:27:07","slug":"capacitacion-gratuita-para-emprendedores-y-microempresas-de-aguascalientes","status":"publish","type":"post","link":"https:\/\/informativoelvalledeaguascalientes.online\/?p=37213","title":{"rendered":"CAPACITACI\u00d3N GRATUITA PARA EMPRENDEDORES Y MICROEMPRESAS DE AGUASCALIENTES"},"content":{"rendered":"<p><strong><a href=\"https:\/\/www.facebook.com\/hashtag\/informativoelvalledeaguascalientes\">#informativoelvalledeaguascalientes<\/a><\/strong><\/p>\n<p><strong><a href=\"https:\/\/www.facebook.com\/hashtag\/novaradioaguascalientes\">#novaradioaguascalientes<\/a><\/strong><\/p>\n<p><strong><a class=\"x1i10hfl xjbqb8w x6umtig x1b1mbwd xaqea5y xav7gou x9f619 x1ypdohk xt0psk2 xe8uvvx xdj266r x11i5rnm xat24cr x1mh8g0r xexx8yu x4uap5 x18d9i69 xkhd6sd x16tdsg8 x1hl2dhg xggy1nq x1a2a7pz xt0b8zv x1qq9wsj xo1l8bm\" tabindex=\"0\" role=\"link\" href=\"https:\/\/www.facebook.com\/hashtag\/laciudaddetuvida?__eep__=6&amp;__cft__[0]=AZVUzG-uzEgkHBxlWi4clX4-qXx_nfGicugdShvx3oYxvDeUIl1My5bfFXiXTmVU7O9FCNwHdVuQiVqIjO99-u7dxeUq1S3CqcB1PNpBXLQtm-Q1JLiRFFX8c4SEMe3VqRRgSs9kS8-Ajp6HnW6ebLd3GeB3j-SCsEGrTUVXz1WdbDeQs8bs0Dry33nLaV6fVU4&amp;__tn__=*NK-R\">#LaCiudadDeTuVida<\/a><\/strong><\/p>\n<ul class=\"public-DraftStyleDefault-ul\">\n<li id=\"viewer-foo\" class=\"_3Kjjs _78FBa public-DraftStyleDefault-unorderedListItem public-DraftStyleDefault-depth0 public-DraftStyleDefault-list-ltr fixed-tab-size public-DraftStyleDefault-reset _1FoOD _78FBa\">\n<p class=\"_1j-51 _1FoOD _78FBa undefined\"><strong><em>La Sedecyt oferta los programas para el Desarrollo de Competencias y Crecimiento Empresarial<\/em><\/strong><\/p>\n<\/li>\n<li id=\"viewer-d5ogk5360\" class=\"_3Kjjs _78FBa public-DraftStyleDefault-unorderedListItem public-DraftStyleDefault-depth0 public-DraftStyleDefault-list-ltr fixed-tab-size _1FoOD _78FBa\">\n<p class=\"_1j-51 _1FoOD _78FBa undefined\"><strong><em>Buscamos elevar los niveles de productividad, calidad y competitividad de los negocios locales: Manuel Alejandro Gonz\u00e1lez Mart\u00ednez<\/em><\/strong><\/p>\n<\/li>\n<\/ul>\n<div id=\"viewer-xi8jb5362\" class=\"mm8Nw _1j-51 _1FoOD _78FBa public-DraftStyleDefault-block-depth0 fixed-tab-size public-DraftStyleDefault-text-ltr\"><span class=\"_2PHJq public-DraftStyleDefault-ltr\">\u00a0<\/span><\/div>\n<p id=\"viewer-xka075363\" class=\"mm8Nw _1j-51 _1FoOD _78FBa public-DraftStyleDefault-block-depth0 fixed-tab-size public-DraftStyleDefault-text-ltr\"><span class=\"_2PHJq public-DraftStyleDefault-ltr\">Con el objetivo de ofrecer herramientas profesionales para que emprendedores y microempresas de Aguascalientes puedan fortalecer sus competencias, el Gobierno del Estado, a trav\u00e9s de la Secretar\u00eda de Desarrollo Econ\u00f3mico, Ciencia y Tecnolog\u00eda (Sedecyt), pone en marcha los programas de capacitaci\u00f3n \u201cFormaci\u00f3n para el emprendimiento\u201d y \u201cCrecimiento empresarial\u201d.<\/span><\/p>\n<div id=\"viewer-wjbo45365\" class=\"mm8Nw _1j-51 _1FoOD _78FBa public-DraftStyleDefault-block-depth0 fixed-tab-size public-DraftStyleDefault-text-ltr\"><span class=\"_2PHJq public-DraftStyleDefault-ltr\">\u00a0<\/span><\/div>\n<p id=\"viewer-vulbz5366\" class=\"mm8Nw _1j-51 _1FoOD _78FBa public-DraftStyleDefault-block-depth0 fixed-tab-size public-DraftStyleDefault-text-ltr\"><span class=\"_2PHJq public-DraftStyleDefault-ltr\">Al respecto, el secretario Manuel Alejandro Gonz\u00e1lez Mart\u00ednez coment\u00f3 que con esto se atiende el compromiso de la gobernadora Tere Jim\u00e9nez por elevar los niveles de productividad, calidad y competitividad de los negocios locales, puntualizando que la participaci\u00f3n es gratuita con registro en la plataforma <a class=\"_3Bkfb _1lsz7\" href=\"https:\/\/forms.gle\/jN7Nts245tXAHjXVA\" target=\"_self\" rel=\"noopener noreferrer\" data-hook=\"linkViewer\"><u class=\"_3zM-5\">https:\/\/forms.gle\/jN7Nts245tXAHjXVA<\/u><\/a>.<\/span><\/p>\n<div id=\"viewer-nh5q45370\" class=\"mm8Nw _1j-51 _1FoOD _78FBa public-DraftStyleDefault-block-depth0 fixed-tab-size public-DraftStyleDefault-text-ltr\"><span class=\"_2PHJq public-DraftStyleDefault-ltr\">\u00a0<\/span><\/div>\n<p id=\"viewer-efw1w5371\" class=\"mm8Nw _1j-51 _1FoOD _78FBa public-DraftStyleDefault-block-depth0 fixed-tab-size public-DraftStyleDefault-text-ltr\"><span class=\"_2PHJq public-DraftStyleDefault-ltr\">\u00a0\u00a0Los cursos que integran el primer programa son: Habilidades blandas para la direcci\u00f3n de tu negocio y networking; Mercadotecnia y comercializaci\u00f3n; Dise\u00f1o de negocios: Planeaci\u00f3n y modelo canvas; Aspectos b\u00e1sicos sobre contabilidad y temas fiscales; y C\u00f3mo manejar tu negocio y no morir en el camino con el caso de \u00e9xito de la empresa Mazapanes Elisa.<\/span><\/p>\n<div id=\"viewer-bktzq5373\" class=\"mm8Nw _1j-51 _1FoOD _78FBa public-DraftStyleDefault-block-depth0 fixed-tab-size public-DraftStyleDefault-text-ltr\"><span class=\"_2PHJq public-DraftStyleDefault-ltr\">\u00a0<\/span><\/div>\n<p id=\"viewer-1lz8o5374\" class=\"mm8Nw _1j-51 _1FoOD _78FBa public-DraftStyleDefault-block-depth0 fixed-tab-size public-DraftStyleDefault-text-ltr\"><span class=\"_2PHJq public-DraftStyleDefault-ltr\">Con el programa \u201cCrecimiento empresarial\u201d se ofrecer\u00e1n consultor\u00edas especializadas en las \u00e1reas de finanzas, mercadotecnia, comercializaci\u00f3n, c\u00e1lculo de n\u00f3minas, control de inventarios y temas fiscales; las unidades econ\u00f3micas que deseen participar deber\u00e1n realizar un diagn\u00f3stico previo para identificar sus \u00e1reas de oportunidad en <a class=\"_3Bkfb _1lsz7\" href=\"https:\/\/forms.gle\/iNukY5isYZSxoDoK8\" target=\"_self\" rel=\"noopener noreferrer\" data-hook=\"linkViewer\"><u class=\"_3zM-5\">https:\/\/forms.gle\/iNukY5isYZSxoDoK8<\/u><\/a>.<\/span><\/p>\n<div id=\"viewer-2wr3e5378\" class=\"mm8Nw _1j-51 _1FoOD _78FBa public-DraftStyleDefault-block-depth0 fixed-tab-size public-DraftStyleDefault-text-ltr\"><span class=\"_2PHJq public-DraftStyleDefault-ltr\">\u00a0<\/span><\/div>\n<p id=\"viewer-qu3jo5379\" class=\"mm8Nw _1j-51 _1FoOD _78FBa public-DraftStyleDefault-block-depth0 fixed-tab-size public-DraftStyleDefault-text-ltr\"><span class=\"_2PHJq public-DraftStyleDefault-ltr\">La fecha de inicio es el lunes 14 de noviembre en punto de las 9:00 horas en las instalaciones de la Sedecyt, ubicadas en la Nave 55 del Complejo Tres Centurias, con acceso por la parte posterior del Museo Espacio o por la calle Heroico Colegio Militar, a un costado del CRIT; para mayores informes pueden comunicarse al tel\u00e9fono 449 910 2622 extensi\u00f3n 1691.<\/span><\/p>\n<p>&nbsp;<\/p>\n","protected":false},"excerpt":{"rendered":"<p>#informativoelvalledeaguascalientes #novaradioaguascalientes #LaCiudadDeTuVida La Sedecyt oferta los programas para el Desarrollo de Competencias y Crecimiento Empresarial Buscamos elevar los niveles de productividad, calidad y competitividad de los negocios locales: Manuel Alejandro Gonz\u00e1lez Mart\u00ednez \u00a0 Con el objetivo de ofrecer herramientas profesionales para que emprendedores y microempresas de Aguascalientes puedan fortalecer sus competencias, el Gobierno del [&hellip;]<\/p>\n","protected":false},"author":1,"featured_media":37216,"comment_status":"closed","ping_status":"open","sticky":false,"template":"","format":"standard","meta":{"advanced_seo_description":"","jetpack_seo_html_title":"","jetpack_seo_noindex":false,"_jetpack_memberships_contains_paid_content":false,"footnotes":"","jetpack_publicize_message":"","jetpack_publicize_feature_enabled":true,"jetpack_social_post_already_shared":true,"jetpack_social_options":{"image_generator_settings":{"template":"highway","default_image_id":0,"font":"","enabled":false},"version":2}},"categories":[21,4],"tags":[22,161,610,320],"class_list":["post-37213","post","type-post","status-publish","format-standard","has-post-thumbnail","hentry","category-aguascalientes","category-gobierno-del-estado-aguascalientes","tag-aguascalientes","tag-gobierno-del-estado-aguascalientes","tag-sedecyt","tag-tere-jimenez"],"jetpack_publicize_connections":[],"jetpack_featured_media_url":"https:\/\/i0.wp.com\/informativoelvalledeaguascalientes.online\/wp-content\/uploads\/2022\/11\/boletin004-1.jpg?fit=1200%2C800&ssl=1","jetpack-related-posts":[],"jetpack_sharing_enabled":true,"jetpack_likes_enabled":true,"_links":{"self":[{"href":"https:\/\/informativoelvalledeaguascalientes.online\/index.php?rest_route=\/wp\/v2\/posts\/37213","targetHints":{"allow":["GET"]}}],"collection":[{"href":"https:\/\/informativoelvalledeaguascalientes.online\/index.php?rest_route=\/wp\/v2\/posts"}],"about":[{"href":"https:\/\/informativoelvalledeaguascalientes.online\/index.php?rest_route=\/wp\/v2\/types\/post"}],"author":[{"embeddable":true,"href":"https:\/\/informativoelvalledeaguascalientes.online\/index.php?rest_route=\/wp\/v2\/users\/1"}],"replies":[{"embeddable":true,"href":"https:\/\/informativoelvalledeaguascalientes.online\/index.php?rest_route=%2Fwp%2Fv2%2Fcomments&post=37213"}],"version-history":[{"count":1,"href":"https:\/\/informativoelvalledeaguascalientes.online\/index.php?rest_route=\/wp\/v2\/posts\/37213\/revisions"}],"predecessor-version":[{"id":37217,"href":"https:\/\/informativoelvalledeaguascalientes.online\/index.php?rest_route=\/wp\/v2\/posts\/37213\/revisions\/37217"}],"wp:featuredmedia":[{"embeddable":true,"href":"https:\/\/informativoelvalledeaguascalientes.online\/index.php?rest_route=\/wp\/v2\/media\/37216"}],"wp:attachment":[{"href":"https:\/\/informativoelvalledeaguascalientes.online\/index.php?rest_route=%2Fwp%2Fv2%2Fmedia&parent=37213"}],"wp:term":[{"taxonomy":"category","embeddable":true,"href":"https:\/\/informativoelvalledeaguascalientes.online\/index.php?rest_route=%2Fwp%2Fv2%2Fcategories&post=37213"},{"taxonomy":"post_tag","embeddable":true,"href":"https:\/\/informativoelvalledeaguascalientes.online\/index.php?rest_route=%2Fwp%2Fv2%2Ftags&post=37213"}],"curies":[{"name":"wp","href":"https:\/\/api.w.org\/{rel}","templated":true}]}}