{"id":37208,"date":"2022-11-02T00:19:50","date_gmt":"2022-11-02T06:19:50","guid":{"rendered":"https:\/\/informativoelvalledeaguascalientes.online\/?p=37208"},"modified":"2022-11-02T00:19:50","modified_gmt":"2022-11-02T06:19:50","slug":"informa-seguridad-publica-municipal-cierre-de-vialidades-con-motivo-del-tradicional-desfile-de-calaveras","status":"publish","type":"post","link":"https:\/\/informativoelvalledeaguascalientes.online\/?p=37208","title":{"rendered":"INFORMA SEGURIDAD P\u00daBLICA MUNICIPAL CIERRE DE VIALIDADES CON MOTIVO DEL TRADICIONAL DESFILE DE CALAVERAS"},"content":{"rendered":"<p><strong><a href=\"https:\/\/www.facebook.com\/hashtag\/informativoelvalledeaguascalientes\">#informativoelvalledeaguascalientes<\/a><\/strong><\/p>\n<p><strong><a href=\"https:\/\/www.facebook.com\/hashtag\/novaradioaguascalientes\">#novaradioaguascalientes<\/a><\/strong><\/p>\n<p><strong><a class=\"x1i10hfl xjbqb8w x6umtig x1b1mbwd xaqea5y xav7gou x9f619 x1ypdohk xt0psk2 xe8uvvx xdj266r x11i5rnm xat24cr x1mh8g0r xexx8yu x4uap5 x18d9i69 xkhd6sd x16tdsg8 x1hl2dhg xggy1nq x1a2a7pz xt0b8zv x1qq9wsj xo1l8bm\" tabindex=\"0\" role=\"link\" href=\"https:\/\/www.facebook.com\/hashtag\/laciudaddetuvida?__eep__=6&amp;__cft__[0]=AZVUzG-uzEgkHBxlWi4clX4-qXx_nfGicugdShvx3oYxvDeUIl1My5bfFXiXTmVU7O9FCNwHdVuQiVqIjO99-u7dxeUq1S3CqcB1PNpBXLQtm-Q1JLiRFFX8c4SEMe3VqRRgSs9kS8-Ajp6HnW6ebLd3GeB3j-SCsEGrTUVXz1WdbDeQs8bs0Dry33nLaV6fVU4&amp;__tn__=*NK-R\">#LaCiudadDeTuVida<\/a><\/strong><\/p>\n<ul>\n<li><strong>Se desplegar\u00e1n decenas de elementos de la Polic\u00eda Vial, Polic\u00eda Municipal y cadetes en formaci\u00f3n para despejar y resguardar la ruta<\/strong><\/li>\n<\/ul>\n<p>Con motivo del \u201cDesfile de Calaveras 2022\u201d que se desarrollar\u00e1 la noche de este mi\u00e9rcoles 2 de noviembre, la Secretar\u00eda de Seguridad P\u00fablica Municipal de Aguascalientes a trav\u00e9s de la Direcci\u00f3n de Movilidad anuncia cierre de vialidades en las principales calles de la Zona Centro de la Ciudad.<\/p>\n<p>El Secretario de Seguridad P\u00fablica Municipal de Aguascalientes,\u00a0<strong>Antonio Mart\u00ednez Romo<\/strong>, se\u00f1alo que la Direcci\u00f3n de Movilidad estar\u00e1 coordinando un operativo de vialidad para preservar el orden y la seguridad de todos los ciudadanos que presenciar\u00e1n el desfile en el que se prev\u00e9 la participaci\u00f3n de carros aleg\u00f3ricos y\u00a0 comparsas, iniciando a las 15:00 horas con el despeje de la ruta del Desfile de Calaveras para su inicio a las 20:00 horas, con duraci\u00f3n aproximada de dos horas y media.<\/p>\n<p>En ese contexto, detall\u00f3 que se desplegar\u00e1n decenas de elementos de la Polic\u00eda Vial, Polic\u00eda Municipal y cadetes en formaci\u00f3n para despejar y resguardar la ruta del desfile que comienza en la Av. Francisco I. Madero hacia el poniente para luego continuar por la Plaza de la Patria, continuar al oriente por Juan de Montoro, D\u00edaz de Le\u00f3n al sur y finalmente Av. Adolfo L\u00f3pez Mateos al poniente rumbo a calle F. Elizondo donde se dispersar\u00e1n los contingentes.<\/p>\n<p><strong>Mart\u00ednez Romo<\/strong>\u00a0puntualiz\u00f3 que parte importante de este operativo ser\u00e1 el cierre de vialidades que coinciden con la ruta antes descrita, por lo que habr\u00e1n de ser bloqueadas las siguientes avenidas y calles:<\/p>\n<ul>\n<li>Adolfo L\u00f3pez Mateos, entre Convenci\u00f3n Oriente y Convenci\u00f3n Poniente (ambos sentidos)<\/li>\n<li>28 de Agosto, entre Decreto 27 de Septiembre y Alameda (ambos sentidos)<\/li>\n<li>Francisco I. Madero, entre 28 de Agosto y Galeana (al poniente)<\/li>\n<li>H\u00e9roe de Nacozari, entre Convenci\u00f3n Norte y Paseo de la Cruz (al norte y al sur antes de llegar a Madero)<\/li>\n<li>Alameda, entre Convenci\u00f3n Oriente y la Glorieta La Pur\u00edsima (al poniente)<\/li>\n<li>Josefa Ortiz de Dom\u00ednguez -Ignacio Zaragoza, entre L\u00f3pez Mateos y Pedro Parga (al norte)<\/li>\n<li>Morelos \u2013 Dr. D\u00edaz de Le\u00f3n, entre Pedro Parga y Adolfo L\u00f3pez Mateos (al sur)<\/li>\n<\/ul>\n<p>Los elementos de la Polic\u00eda Vial orientar\u00e1n sobre las siguientes rutas alternas:<\/p>\n<ul>\n<li>Avenida Aguascalientes Oriente y Poniente (ambos sentidos)<\/li>\n<li>Avenida Convenci\u00f3n Oriente y Poniente (ambos sentidos)<\/li>\n<li>J. Correa- F. Elizondo- Avenida Las Am\u00e9ricas al sur y al norte<\/li>\n<li>de Los Maestros (ambos sentidos)<\/li>\n<li>Jos\u00e9 Mar\u00eda Ch\u00e1vez \u2013 5 de Mayo (al norte)<\/li>\n<li>\u00c1lvaro Obreg\u00f3n \u2013 Uni\u00f3n \u2013 Adolfo Torres \u2013 Guadalupe (al poniente)<\/li>\n<li>Emiliano Zapata \u2013 Rivero y Guti\u00e9rrez \u2013 Pedro Parga (al oriente)<\/li>\n<li>Ignacio T. Ch\u00e1vez (ambos sentidos),<\/li>\n<li>Paseo de la Cruz (ambos sentidos)<\/li>\n<li>Par Vial Norberto G\u00f3mez \u2013 Enrique Estrada (al oriente y poniente)<\/li>\n<li>Ecuador \u2013 Bogot\u00e1 (al oriente y poniente)<\/li>\n<li>Venustiano Carranza (al poniente)<\/li>\n<\/ul>\n","protected":false},"excerpt":{"rendered":"<p>#informativoelvalledeaguascalientes #novaradioaguascalientes #LaCiudadDeTuVida Se desplegar\u00e1n decenas de elementos de la Polic\u00eda Vial, Polic\u00eda Municipal y cadetes en formaci\u00f3n para despejar y resguardar la ruta Con motivo del \u201cDesfile de Calaveras 2022\u201d que se desarrollar\u00e1 la noche de este mi\u00e9rcoles 2 de noviembre, la Secretar\u00eda de Seguridad P\u00fablica Municipal de Aguascalientes a trav\u00e9s de la Direcci\u00f3n [&hellip;]<\/p>\n","protected":false},"author":1,"featured_media":37212,"comment_status":"closed","ping_status":"open","sticky":false,"template":"","format":"standard","meta":{"advanced_seo_description":"","jetpack_seo_html_title":"","jetpack_seo_noindex":false,"_jetpack_memberships_contains_paid_content":false,"footnotes":"","jetpack_publicize_message":"","jetpack_publicize_feature_enabled":true,"jetpack_social_post_already_shared":true,"jetpack_social_options":{"image_generator_settings":{"template":"highway","default_image_id":0,"font":"","enabled":false},"version":2}},"categories":[21,3],"tags":[22,139],"class_list":["post-37208","post","type-post","status-publish","format-standard","has-post-thumbnail","hentry","category-aguascalientes","category-municipio-aguascalientes","tag-aguascalientes","tag-mpio-aguascalientes-ssp"],"jetpack_publicize_connections":[],"jetpack_featured_media_url":"https:\/\/i0.wp.com\/informativoelvalledeaguascalientes.online\/wp-content\/uploads\/2022\/11\/IMG-20221101-WA0116.jpg?fit=917%2C1280&ssl=1","jetpack-related-posts":[],"jetpack_sharing_enabled":true,"jetpack_likes_enabled":true,"_links":{"self":[{"href":"https:\/\/informativoelvalledeaguascalientes.online\/index.php?rest_route=\/wp\/v2\/posts\/37208","targetHints":{"allow":["GET"]}}],"collection":[{"href":"https:\/\/informativoelvalledeaguascalientes.online\/index.php?rest_route=\/wp\/v2\/posts"}],"about":[{"href":"https:\/\/informativoelvalledeaguascalientes.online\/index.php?rest_route=\/wp\/v2\/types\/post"}],"author":[{"embeddable":true,"href":"https:\/\/informativoelvalledeaguascalientes.online\/index.php?rest_route=\/wp\/v2\/users\/1"}],"replies":[{"embeddable":true,"href":"https:\/\/informativoelvalledeaguascalientes.online\/index.php?rest_route=%2Fwp%2Fv2%2Fcomments&post=37208"}],"version-history":[{"count":1,"href":"https:\/\/informativoelvalledeaguascalientes.online\/index.php?rest_route=\/wp\/v2\/posts\/37208\/revisions"}],"predecessor-version":[{"id":37214,"href":"https:\/\/informativoelvalledeaguascalientes.online\/index.php?rest_route=\/wp\/v2\/posts\/37208\/revisions\/37214"}],"wp:featuredmedia":[{"embeddable":true,"href":"https:\/\/informativoelvalledeaguascalientes.online\/index.php?rest_route=\/wp\/v2\/media\/37212"}],"wp:attachment":[{"href":"https:\/\/informativoelvalledeaguascalientes.online\/index.php?rest_route=%2Fwp%2Fv2%2Fmedia&parent=37208"}],"wp:term":[{"taxonomy":"category","embeddable":true,"href":"https:\/\/informativoelvalledeaguascalientes.online\/index.php?rest_route=%2Fwp%2Fv2%2Fcategories&post=37208"},{"taxonomy":"post_tag","embeddable":true,"href":"https:\/\/informativoelvalledeaguascalientes.online\/index.php?rest_route=%2Fwp%2Fv2%2Ftags&post=37208"}],"curies":[{"name":"wp","href":"https:\/\/api.w.org\/{rel}","templated":true}]}}