{"id":37203,"date":"2022-11-02T00:14:08","date_gmt":"2022-11-02T06:14:08","guid":{"rendered":"https:\/\/informativoelvalledeaguascalientes.online\/?p=37203"},"modified":"2022-11-02T00:14:08","modified_gmt":"2022-11-02T06:14:08","slug":"incentivara-municipio-la-creatividad-de-estudiantes-mediante-concursos-de-objetos-con-material-reciclable","status":"publish","type":"post","link":"https:\/\/informativoelvalledeaguascalientes.online\/?p=37203","title":{"rendered":"INCENTIVAR\u00c1 MUNICIPIO LA CREATIVIDAD DE ESTUDIANTES MEDIANTE CONCURSOS DE OBJETOS CON MATERIAL RECICLABLE"},"content":{"rendered":"<p><strong><a href=\"https:\/\/www.facebook.com\/hashtag\/informativoelvalledeaguascalientes\">#informativoelvalledeaguascalientes<\/a><\/strong><\/p>\n<p><strong><a href=\"https:\/\/www.facebook.com\/hashtag\/novaradioaguascalientes\">#novaradioaguascalientes<\/a><\/strong><\/p>\n<p><strong><a class=\"x1i10hfl xjbqb8w x6umtig x1b1mbwd xaqea5y xav7gou x9f619 x1ypdohk xt0psk2 xe8uvvx xdj266r x11i5rnm xat24cr x1mh8g0r xexx8yu x4uap5 x18d9i69 xkhd6sd x16tdsg8 x1hl2dhg xggy1nq x1a2a7pz xt0b8zv x1qq9wsj xo1l8bm\" tabindex=\"0\" role=\"link\" href=\"https:\/\/www.facebook.com\/hashtag\/laciudaddetuvida?__eep__=6&amp;__cft__[0]=AZVUzG-uzEgkHBxlWi4clX4-qXx_nfGicugdShvx3oYxvDeUIl1My5bfFXiXTmVU7O9FCNwHdVuQiVqIjO99-u7dxeUq1S3CqcB1PNpBXLQtm-Q1JLiRFFX8c4SEMe3VqRRgSs9kS8-Ajp6HnW6ebLd3GeB3j-SCsEGrTUVXz1WdbDeQs8bs0Dry33nLaV6fVU4&amp;__tn__=*NK-R\">#LaCiudadDeTuVida<\/a><\/strong><\/p>\n<ul>\n<li><strong>Podr\u00e1n participar alumnos de instituciones educativas de nivel b\u00e1sico y medio superior<\/strong><\/li>\n<\/ul>\n<p>Para incentivar la creatividad de estudiantes y fortalecer h\u00e1bitos de aprovechamiento de material reciclable, el secretario de Servicios P\u00fablicos,\u00a0<strong>Carlos Espa\u00f1a Mart\u00ednez<\/strong>, present\u00f3 la convocatoria \u00abPor un Aguascalientes a\u00fan m\u00e1s limpio YO RECICLO\u00bb, dirigida a alumnos de primaria, secundaria y preparatoria para concursar en distintas categor\u00edas de acuerdo a su nivel de estudios.<\/p>\n<p>Para los m\u00e1s peque\u00f1os, alumnos de primaria, el concurso se ha denominado \u00abReciclando y Jugando\u00bb, el cual consiste en presentar un dibujo que muestre la separaci\u00f3n de residuos y una breve descripci\u00f3n sobre la importancia que esta pr\u00e1ctica representa para el medio ambiente; mientras que para secundaria el nivel de proyecto ser\u00e1 mayor, pues se tendr\u00e1 que elaborar un proyecto de utilidad cotidiana como objetos decorativos empleando material reciclable. Y, finalmente, los estudiantes de preparatoria deber\u00e1n presentar un invento enfocado en la generaci\u00f3n de energ\u00edas limpias a partir de objetos reciclables.<\/p>\n<p>En las tres categor\u00edas, los estudiantes entregar\u00e1n los trabajos realizados a la Direcci\u00f3n de la instituci\u00f3n a la que pertenezcan antes del 25 de noviembre, para que un jurado calificador elija los ganadores de los tres primeros lugares de cada nivel educativo y el 1 de diciembre sean premiados p\u00fablicamente.<\/p>\n<p><strong>Espa\u00f1a Mart\u00ednez<\/strong>, destac\u00f3 que en ocasiones la educaci\u00f3n ambiental resulta un poco compleja para ni\u00f1os y j\u00f3venes, por lo que estos temas deben centrarse en inculcar buenos h\u00e1bitos y fomentar actividades sobre el aprovechamiento de recursos naturales, disminuci\u00f3n de la generaci\u00f3n de residuos, contaminaci\u00f3n y c\u00f3mo prolongar la vida \u00fatil del relleno sanitario, entre otros.<\/p>\n<p>Mencion\u00f3 que se estima que la producci\u00f3n diaria de desechos por habitante oscila entre los 800 gramos y un kilo, en tanto que el ingreso por d\u00eda al relleno sanitario es de aproximadamente 700 toneladas y se logra una recuperaci\u00f3n de apenas el 3 por ciento de objetos reciclables.<\/p>\n<p>Al momento de anunciar las convocatorias, el titular de Servicios P\u00fablicos estuvo acompa\u00f1ado por los regidores\u00a0<strong>Patricia Garc\u00eda Garc\u00eda<\/strong>, presidenta de la Comisi\u00f3n Permanente de Limpia y Alumbrado;\u00a0<strong>Mirna Rubiela Medina Ruvalcaba<\/strong>, presidenta de la Comisi\u00f3n Permanente de Ecolog\u00eda, Parques, Jardines y Panteones;\u00a0<strong>Mar\u00eda Guadalupe Arellano Espinosa<\/strong>, presidenta de la Comisi\u00f3n Permanente de Obras P\u00fablicas y\u00a0<strong>Alejandro Serrano Almanza<\/strong>, presidente de la Comisi\u00f3n de Hacienda; adem\u00e1s del director de Limpia y Aseo P\u00fablico,\u00a0<strong>Cristian Hern\u00e1ndez Mac\u00edas<\/strong>\u00a0y la jefa del Departamento de Inspecci\u00f3n y Concientizaci\u00f3n Ciudadana,\u00a0<strong>Zuleyma Marlen Guti\u00e9rrez Calvillo<\/strong>.<\/p>\n","protected":false},"excerpt":{"rendered":"<p>#informativoelvalledeaguascalientes #novaradioaguascalientes #LaCiudadDeTuVida Podr\u00e1n participar alumnos de instituciones educativas de nivel b\u00e1sico y medio superior Para incentivar la creatividad de estudiantes y fortalecer h\u00e1bitos de aprovechamiento de material reciclable, el secretario de Servicios P\u00fablicos,\u00a0Carlos Espa\u00f1a Mart\u00ednez, present\u00f3 la convocatoria \u00abPor un Aguascalientes a\u00fan m\u00e1s limpio YO RECICLO\u00bb, dirigida a alumnos de primaria, secundaria y preparatoria [&hellip;]<\/p>\n","protected":false},"author":1,"featured_media":37206,"comment_status":"closed","ping_status":"open","sticky":false,"template":"","format":"standard","meta":{"advanced_seo_description":"","jetpack_seo_html_title":"","jetpack_seo_noindex":false,"_jetpack_memberships_contains_paid_content":false,"footnotes":"","jetpack_publicize_message":"","jetpack_publicize_feature_enabled":true,"jetpack_social_post_already_shared":true,"jetpack_social_options":{"image_generator_settings":{"template":"highway","default_image_id":0,"font":"","enabled":false},"version":2}},"categories":[21,3],"tags":[22,25],"class_list":["post-37203","post","type-post","status-publish","format-standard","has-post-thumbnail","hentry","category-aguascalientes","category-municipio-aguascalientes","tag-aguascalientes","tag-mpio-aguascalientes"],"jetpack_publicize_connections":[],"jetpack_featured_media_url":"https:\/\/i0.wp.com\/informativoelvalledeaguascalientes.online\/wp-content\/uploads\/2022\/11\/DSC_1253.jpg?fit=1620%2C1080&ssl=1","jetpack-related-posts":[],"jetpack_sharing_enabled":true,"jetpack_likes_enabled":true,"_links":{"self":[{"href":"https:\/\/informativoelvalledeaguascalientes.online\/index.php?rest_route=\/wp\/v2\/posts\/37203","targetHints":{"allow":["GET"]}}],"collection":[{"href":"https:\/\/informativoelvalledeaguascalientes.online\/index.php?rest_route=\/wp\/v2\/posts"}],"about":[{"href":"https:\/\/informativoelvalledeaguascalientes.online\/index.php?rest_route=\/wp\/v2\/types\/post"}],"author":[{"embeddable":true,"href":"https:\/\/informativoelvalledeaguascalientes.online\/index.php?rest_route=\/wp\/v2\/users\/1"}],"replies":[{"embeddable":true,"href":"https:\/\/informativoelvalledeaguascalientes.online\/index.php?rest_route=%2Fwp%2Fv2%2Fcomments&post=37203"}],"version-history":[{"count":1,"href":"https:\/\/informativoelvalledeaguascalientes.online\/index.php?rest_route=\/wp\/v2\/posts\/37203\/revisions"}],"predecessor-version":[{"id":37207,"href":"https:\/\/informativoelvalledeaguascalientes.online\/index.php?rest_route=\/wp\/v2\/posts\/37203\/revisions\/37207"}],"wp:featuredmedia":[{"embeddable":true,"href":"https:\/\/informativoelvalledeaguascalientes.online\/index.php?rest_route=\/wp\/v2\/media\/37206"}],"wp:attachment":[{"href":"https:\/\/informativoelvalledeaguascalientes.online\/index.php?rest_route=%2Fwp%2Fv2%2Fmedia&parent=37203"}],"wp:term":[{"taxonomy":"category","embeddable":true,"href":"https:\/\/informativoelvalledeaguascalientes.online\/index.php?rest_route=%2Fwp%2Fv2%2Fcategories&post=37203"},{"taxonomy":"post_tag","embeddable":true,"href":"https:\/\/informativoelvalledeaguascalientes.online\/index.php?rest_route=%2Fwp%2Fv2%2Ftags&post=37203"}],"curies":[{"name":"wp","href":"https:\/\/api.w.org\/{rel}","templated":true}]}}