{"id":37202,"date":"2022-11-02T00:13:14","date_gmt":"2022-11-02T06:13:14","guid":{"rendered":"https:\/\/informativoelvalledeaguascalientes.online\/?p=37202"},"modified":"2022-11-02T00:13:14","modified_gmt":"2022-11-02T06:13:14","slug":"retoma-municipio-actividades-en-la-alberca-de-villas-de-nuestra-senora-de-la-asuncion","status":"publish","type":"post","link":"https:\/\/informativoelvalledeaguascalientes.online\/?p=37202","title":{"rendered":"RETOMA MUNICIPIO ACTIVIDADES EN LA ALBERCA DE VILLAS DE NUESTRA SE\u00d1ORA DE LA ASUNCI\u00d3N"},"content":{"rendered":"<p><strong><a href=\"https:\/\/www.facebook.com\/hashtag\/informativoelvalledeaguascalientes\">#informativoelvalledeaguascalientes<\/a><\/strong><\/p>\n<p><strong><a href=\"https:\/\/www.facebook.com\/hashtag\/novaradioaguascalientes\">#novaradioaguascalientes<\/a><\/strong><\/p>\n<p><strong><a class=\"x1i10hfl xjbqb8w x6umtig x1b1mbwd xaqea5y xav7gou x9f619 x1ypdohk xt0psk2 xe8uvvx xdj266r x11i5rnm xat24cr x1mh8g0r xexx8yu x4uap5 x18d9i69 xkhd6sd x16tdsg8 x1hl2dhg xggy1nq x1a2a7pz xt0b8zv x1qq9wsj xo1l8bm\" tabindex=\"0\" role=\"link\" href=\"https:\/\/www.facebook.com\/hashtag\/laciudaddetuvida?__eep__=6&amp;__cft__[0]=AZVUzG-uzEgkHBxlWi4clX4-qXx_nfGicugdShvx3oYxvDeUIl1My5bfFXiXTmVU7O9FCNwHdVuQiVqIjO99-u7dxeUq1S3CqcB1PNpBXLQtm-Q1JLiRFFX8c4SEMe3VqRRgSs9kS8-Ajp6HnW6ebLd3GeB3j-SCsEGrTUVXz1WdbDeQs8bs0Dry33nLaV6fVU4&amp;__tn__=*NK-R\">#LaCiudadDeTuVida<\/a><\/strong><\/p>\n<p>&nbsp;<\/p>\n<ul>\n<li><strong>\u00a0<\/strong><strong>La alberca se encuentra en \u00f3ptimas condiciones para reactivar clases este jueves 3 de noviembre<\/strong><\/li>\n<\/ul>\n<p>El Municipio de Aguascalientes informa que se retomar\u00e1n las actividades en la alberca del Polideportivo en el fraccionamiento Villas de Nuestra Se\u00f1ora de la Asunci\u00f3n este jueves 3 de noviembre, espacio que beneficia a m\u00e1s de 400 usuarios que practican nataci\u00f3n como deporte, terapia o recreaci\u00f3n.<\/p>\n<p>El titular de la Direcci\u00f3n de Cultura F\u00edsica, Recreaci\u00f3n y Deporte, de la Secretar\u00eda de Desarrollo Social Municipal,\u00a0<strong>Luis Rodr\u00edguez Dur\u00e1n<\/strong>, reiter\u00f3 la invitaci\u00f3n a inscribirse y practicar esta disciplina deportiva que trae grandes beneficios a la salud y fomenta la sana convivencia.<\/p>\n<p>Mencion\u00f3 que la Secretar\u00eda de Desarrollo Urbano y la Coordinaci\u00f3n de Protecci\u00f3n Civil hicieron diversas revisiones detalladas, determin\u00e1ndose que la alberca no sufri\u00f3 da\u00f1os estructurales luego del sismo que se sinti\u00f3 en Aguascalientes en septiembre pasado, y tras poner en funcionamiento la caldera esta infraestructura est\u00e1 en \u00f3ptimas condiciones para brindar servicio.<\/p>\n<p><strong>Luis Rodr\u00edguez\u00a0<\/strong>indic\u00f3 que los costos son muy accesibles, de 106 pesos de inscripci\u00f3n y 235 pesos mensuales, por tres clases a la semana.<\/p>\n<p>La alberca se ubica en Av. Poliducto esquina Jos\u00e9 Femat Guti\u00e9rrez, fraccionamiento Villas de Nuestra Se\u00f1ora de la Asunci\u00f3n, sector Guadalupe y brinda servicio de lunes a viernes, de 6:00 a 21:00 horas a usuarios a partir de los 3 a\u00f1os de edad. Adem\u00e1s, se cuenta con atenci\u00f3n especial en rehabilitaci\u00f3n para personas con discapacidad, lunes, mi\u00e9rcoles y jueves a las 17:00 horas.<\/p>\n<p>Para solicitar mayores informes est\u00e1 disponible el n\u00famero telef\u00f3nico de la Secretar\u00eda de Desarrollo Social 449 910 23 90.<\/p>\n<p>&nbsp;<\/p>\n","protected":false},"excerpt":{"rendered":"<p>#informativoelvalledeaguascalientes #novaradioaguascalientes #LaCiudadDeTuVida &nbsp; \u00a0La alberca se encuentra en \u00f3ptimas condiciones para reactivar clases este jueves 3 de noviembre El Municipio de Aguascalientes informa que se retomar\u00e1n las actividades en la alberca del Polideportivo en el fraccionamiento Villas de Nuestra Se\u00f1ora de la Asunci\u00f3n este jueves 3 de noviembre, espacio que beneficia a m\u00e1s de [&hellip;]<\/p>\n","protected":false},"author":1,"featured_media":37204,"comment_status":"closed","ping_status":"open","sticky":false,"template":"","format":"standard","meta":{"advanced_seo_description":"","jetpack_seo_html_title":"","jetpack_seo_noindex":false,"_jetpack_memberships_contains_paid_content":false,"footnotes":"","jetpack_publicize_message":"","jetpack_publicize_feature_enabled":true,"jetpack_social_post_already_shared":true,"jetpack_social_options":{"image_generator_settings":{"template":"highway","default_image_id":0,"font":"","enabled":false},"version":2}},"categories":[21,3],"tags":[22,25,286],"class_list":["post-37202","post","type-post","status-publish","format-standard","has-post-thumbnail","hentry","category-aguascalientes","category-municipio-aguascalientes","tag-aguascalientes","tag-mpio-aguascalientes","tag-mpio-aguascalientes-sedesom"],"jetpack_publicize_connections":[],"jetpack_featured_media_url":"https:\/\/i0.wp.com\/informativoelvalledeaguascalientes.online\/wp-content\/uploads\/2022\/11\/WhatsApp-Image-2022-11-01-at-10.20.33-2.jpeg?fit=1600%2C900&ssl=1","jetpack-related-posts":[],"jetpack_sharing_enabled":true,"jetpack_likes_enabled":true,"_links":{"self":[{"href":"https:\/\/informativoelvalledeaguascalientes.online\/index.php?rest_route=\/wp\/v2\/posts\/37202","targetHints":{"allow":["GET"]}}],"collection":[{"href":"https:\/\/informativoelvalledeaguascalientes.online\/index.php?rest_route=\/wp\/v2\/posts"}],"about":[{"href":"https:\/\/informativoelvalledeaguascalientes.online\/index.php?rest_route=\/wp\/v2\/types\/post"}],"author":[{"embeddable":true,"href":"https:\/\/informativoelvalledeaguascalientes.online\/index.php?rest_route=\/wp\/v2\/users\/1"}],"replies":[{"embeddable":true,"href":"https:\/\/informativoelvalledeaguascalientes.online\/index.php?rest_route=%2Fwp%2Fv2%2Fcomments&post=37202"}],"version-history":[{"count":1,"href":"https:\/\/informativoelvalledeaguascalientes.online\/index.php?rest_route=\/wp\/v2\/posts\/37202\/revisions"}],"predecessor-version":[{"id":37205,"href":"https:\/\/informativoelvalledeaguascalientes.online\/index.php?rest_route=\/wp\/v2\/posts\/37202\/revisions\/37205"}],"wp:featuredmedia":[{"embeddable":true,"href":"https:\/\/informativoelvalledeaguascalientes.online\/index.php?rest_route=\/wp\/v2\/media\/37204"}],"wp:attachment":[{"href":"https:\/\/informativoelvalledeaguascalientes.online\/index.php?rest_route=%2Fwp%2Fv2%2Fmedia&parent=37202"}],"wp:term":[{"taxonomy":"category","embeddable":true,"href":"https:\/\/informativoelvalledeaguascalientes.online\/index.php?rest_route=%2Fwp%2Fv2%2Fcategories&post=37202"},{"taxonomy":"post_tag","embeddable":true,"href":"https:\/\/informativoelvalledeaguascalientes.online\/index.php?rest_route=%2Fwp%2Fv2%2Ftags&post=37202"}],"curies":[{"name":"wp","href":"https:\/\/api.w.org\/{rel}","templated":true}]}}