{"id":37192,"date":"2022-11-02T00:00:46","date_gmt":"2022-11-02T06:00:46","guid":{"rendered":"https:\/\/informativoelvalledeaguascalientes.online\/?p=37192"},"modified":"2022-11-02T00:01:45","modified_gmt":"2022-11-02T06:01:45","slug":"anterior-continuan-los-jueves-de-bolsa-de-trabajo-en-apoyo-a-quienes-buscan-un-empleo-formal","status":"publish","type":"post","link":"https:\/\/informativoelvalledeaguascalientes.online\/?p=37192","title":{"rendered":"CONTIN\u00daAN LOS JUEVES DE BOLSA DE TRABAJO EN APOYO A QUIENES BUSCAN UN EMPLEO FORMAL"},"content":{"rendered":"<p><strong><a href=\"https:\/\/www.facebook.com\/hashtag\/informativoelvalledeaguascalientes\">#informativoelvalledeaguascalientes<\/a><\/strong><\/p>\n<p><strong><a href=\"https:\/\/www.facebook.com\/hashtag\/novaradioaguascalientes\">#novaradioaguascalientes<\/a><\/strong><\/p>\n<p><strong><a href=\"https:\/\/www.facebook.com\/GobiernodeAguascalientes\">#ElGiganteDeMexico<\/a><\/strong><\/p>\n<div class=\"\" data-mesh-id=\"comp-l7sh9ubr2inlineContent\" data-testid=\"inline-content\">\n<div data-mesh-id=\"comp-l7sh9ubr2inlineContent-gridContainer\" data-testid=\"mesh-container-content\">\n<div id=\"comp-l7sh9ubx\" class=\"_2PSyL\">\n<div class=\"comp-l7sh9ubx\">\n<div class=\"s1IW4b\" data-hook=\"ricosviewer-wrapper\">\n<div class=\"kvdbP _1O7aH\" dir=\"ltr\" data-id=\"rich-content-viewer\">\n<div class=\"_1hN1O _3EPBy\">\n<p id=\"viewer-foo\" class=\"mm8Nw _1j-51 _1FoOD _78FBa public-DraftStyleDefault-block-depth0 fixed-tab-size public-DraftStyleDefault-text-ltr\"><span class=\"_2PHJq public-DraftStyleDefault-ltr\">Con la finalidad de acercar las oportunidades laborales a quienes buscan un empleo formal, y tal como lo instruy\u00f3 la gobernadora Tere Jim\u00e9nez, este jueves 3 de noviembre se llevar\u00e1 a cabo una jornada m\u00e1s de \u201cTrabajemos Juntos\u201d, en la que 15 empresas de diferentes giros ofertar\u00e1n m\u00e1s de 500 vacantes.<\/span><\/p>\n<div id=\"viewer-9rgaf2507\" class=\"mm8Nw _1j-51 _1FoOD _78FBa public-DraftStyleDefault-block-depth0 fixed-tab-size public-DraftStyleDefault-text-ltr\"><span class=\"_2PHJq public-DraftStyleDefault-ltr\">\u00a0<\/span><\/div>\n<p id=\"viewer-jnuh12508\" class=\"mm8Nw _1j-51 _1FoOD _78FBa public-DraftStyleDefault-block-depth0 fixed-tab-size public-DraftStyleDefault-text-ltr\"><span class=\"_2PHJq public-DraftStyleDefault-ltr\">El evento se realizar\u00e1 en las instalaciones de la Delegaci\u00f3n Santa Anita, que se ubica en la calle Gral. Pascual Cornejo Brun No. 800, en un horario de 9:00 a 15:00 horas; en esta ocasi\u00f3n, la jornada se dirige a personas mayores de 18 a\u00f1os que est\u00e9n en b\u00fasqueda de un empleo formal en los niveles operativo, t\u00e9cnico o licenciatura.<\/span><\/p>\n<div id=\"viewer-gvdxf2510\" class=\"mm8Nw _1j-51 _1FoOD _78FBa public-DraftStyleDefault-block-depth0 fixed-tab-size public-DraftStyleDefault-text-ltr\"><span class=\"_2PHJq public-DraftStyleDefault-ltr\">\u00a0<\/span><\/div>\n<p id=\"viewer-575g52511\" class=\"mm8Nw _1j-51 _1FoOD _78FBa public-DraftStyleDefault-block-depth0 fixed-tab-size public-DraftStyleDefault-text-ltr\"><span class=\"_2PHJq public-DraftStyleDefault-ltr\">Las y los interesados en participar, deben presentarse directamente en las instalaciones de la Delegaci\u00f3n Santa Anita con varias solicitudes de empleo.<\/span><\/p>\n<div id=\"viewer-82d292515\" class=\"mm8Nw _1j-51 _1FoOD _78FBa public-DraftStyleDefault-block-depth0 fixed-tab-size public-DraftStyleDefault-text-ltr\"><span class=\"_2PHJq public-DraftStyleDefault-ltr\">\u00a0<\/span><\/div>\n<p id=\"viewer-q6jro2516\" class=\"mm8Nw _1j-51 _1FoOD _78FBa public-DraftStyleDefault-block-depth0 fixed-tab-size public-DraftStyleDefault-text-ltr\"><span class=\"_2PHJq public-DraftStyleDefault-ltr\">La Secretar\u00eda de Desarrollo Econ\u00f3mico, Ciencia y Tecnolog\u00eda (Sedecyt) y el Servicio Nacional de Empleo Aguascalientes (SNEA), unen esfuerzos para fortalecer la econom\u00eda de los aguascalentenses, ya que al contar con un empleo formal, tienen la posibilidad de mejorar sus condiciones de vida y las de sus familias.<\/span><\/p>\n<\/div>\n<\/div>\n<\/div>\n<\/div>\n<\/div>\n<\/div>\n<\/div>\n","protected":false},"excerpt":{"rendered":"<p>#informativoelvalledeaguascalientes #novaradioaguascalientes #ElGiganteDeMexico Con la finalidad de acercar las oportunidades laborales a quienes buscan un empleo formal, y tal como lo instruy\u00f3 la gobernadora Tere Jim\u00e9nez, este jueves 3 de noviembre se llevar\u00e1 a cabo una jornada m\u00e1s de \u201cTrabajemos Juntos\u201d, en la que 15 empresas de diferentes giros ofertar\u00e1n m\u00e1s de 500 vacantes. \u00a0 [&hellip;]<\/p>\n","protected":false},"author":1,"featured_media":37193,"comment_status":"closed","ping_status":"open","sticky":false,"template":"","format":"standard","meta":{"advanced_seo_description":"","jetpack_seo_html_title":"","jetpack_seo_noindex":false,"_jetpack_memberships_contains_paid_content":false,"footnotes":"","jetpack_publicize_message":"","jetpack_publicize_feature_enabled":true,"jetpack_social_post_already_shared":true,"jetpack_social_options":{"image_generator_settings":{"template":"highway","default_image_id":0,"font":"","enabled":false},"version":2}},"categories":[21,4],"tags":[22,161,610,320],"class_list":["post-37192","post","type-post","status-publish","format-standard","has-post-thumbnail","hentry","category-aguascalientes","category-gobierno-del-estado-aguascalientes","tag-aguascalientes","tag-gobierno-del-estado-aguascalientes","tag-sedecyt","tag-tere-jimenez"],"jetpack_publicize_connections":[],"jetpack_featured_media_url":"https:\/\/i0.wp.com\/informativoelvalledeaguascalientes.online\/wp-content\/uploads\/2022\/11\/sne_flyer.jpg?fit=1400%2C906&ssl=1","jetpack-related-posts":[],"jetpack_sharing_enabled":true,"jetpack_likes_enabled":true,"_links":{"self":[{"href":"https:\/\/informativoelvalledeaguascalientes.online\/index.php?rest_route=\/wp\/v2\/posts\/37192","targetHints":{"allow":["GET"]}}],"collection":[{"href":"https:\/\/informativoelvalledeaguascalientes.online\/index.php?rest_route=\/wp\/v2\/posts"}],"about":[{"href":"https:\/\/informativoelvalledeaguascalientes.online\/index.php?rest_route=\/wp\/v2\/types\/post"}],"author":[{"embeddable":true,"href":"https:\/\/informativoelvalledeaguascalientes.online\/index.php?rest_route=\/wp\/v2\/users\/1"}],"replies":[{"embeddable":true,"href":"https:\/\/informativoelvalledeaguascalientes.online\/index.php?rest_route=%2Fwp%2Fv2%2Fcomments&post=37192"}],"version-history":[{"count":2,"href":"https:\/\/informativoelvalledeaguascalientes.online\/index.php?rest_route=\/wp\/v2\/posts\/37192\/revisions"}],"predecessor-version":[{"id":37196,"href":"https:\/\/informativoelvalledeaguascalientes.online\/index.php?rest_route=\/wp\/v2\/posts\/37192\/revisions\/37196"}],"wp:featuredmedia":[{"embeddable":true,"href":"https:\/\/informativoelvalledeaguascalientes.online\/index.php?rest_route=\/wp\/v2\/media\/37193"}],"wp:attachment":[{"href":"https:\/\/informativoelvalledeaguascalientes.online\/index.php?rest_route=%2Fwp%2Fv2%2Fmedia&parent=37192"}],"wp:term":[{"taxonomy":"category","embeddable":true,"href":"https:\/\/informativoelvalledeaguascalientes.online\/index.php?rest_route=%2Fwp%2Fv2%2Fcategories&post=37192"},{"taxonomy":"post_tag","embeddable":true,"href":"https:\/\/informativoelvalledeaguascalientes.online\/index.php?rest_route=%2Fwp%2Fv2%2Ftags&post=37192"}],"curies":[{"name":"wp","href":"https:\/\/api.w.org\/{rel}","templated":true}]}}