{"id":37186,"date":"2022-11-01T08:52:00","date_gmt":"2022-11-01T14:52:00","guid":{"rendered":"https:\/\/informativoelvalledeaguascalientes.online\/?p=37186"},"modified":"2022-11-01T08:52:00","modified_gmt":"2022-11-01T14:52:00","slug":"aplaude-tere-jimenez-el-talento-de-artistas-aguascalentenses-en-el-festival-cultural-de-calaveras-2022","status":"publish","type":"post","link":"https:\/\/informativoelvalledeaguascalientes.online\/?p=37186","title":{"rendered":"APLAUDE TERE JIM\u00c9NEZ EL TALENTO DE ARTISTAS AGUASCALENTENSES EN EL FESTIVAL CULTURAL DE CALAVERAS 2022"},"content":{"rendered":"<p><strong><a href=\"https:\/\/www.facebook.com\/hashtag\/informativoelvalledeaguascalientes\">#informativoelvalledeaguascalientes<\/a><\/strong><\/p>\n<p><strong><a href=\"https:\/\/www.facebook.com\/hashtag\/novaradioaguascalientes\">#novaradioaguascalientes<\/a><\/strong><\/p>\n<p><strong><a href=\"https:\/\/www.facebook.com\/GobiernodeAguascalientes\">#ElGiganteDeMexico<\/a><\/strong><\/p>\n<p>&nbsp;<\/p>\n<p id=\"viewer-foo\" class=\"mm8Nw _1j-51 _1FoOD _78FBa public-DraftStyleDefault-block-depth0 fixed-tab-size public-DraftStyleDefault-text-ltr\"><span class=\"_2PHJq public-DraftStyleDefault-ltr\">En una noche llena de luces, colores de temporada y bailes de fiesta, la gobernadora de Aguascalientes, Tere Jim\u00e9nez, disfrut\u00f3 el espect\u00e1culo &#8220;Altares vivientes&#8221; y el mapping &#8220;La historia de la Catrina&#8221;, que se realizaron en las instalaciones del Palacio de Gobierno del Estado, en compa\u00f1\u00eda del alcalde Leonardo Monta\u00f1ez, de la secretaria de Turismo, Gloria Romo Cuesta, y del Gabinete Estatal.<\/span><\/p>\n<div id=\"viewer-jdjeg1651\" class=\"mm8Nw _1j-51 _1FoOD _78FBa public-DraftStyleDefault-block-depth0 fixed-tab-size public-DraftStyleDefault-text-ltr\"><span class=\"_2PHJq public-DraftStyleDefault-ltr\">\u00a0<\/span><\/div>\n<p id=\"viewer-ao2451652\" class=\"mm8Nw _1j-51 _1FoOD _78FBa public-DraftStyleDefault-block-depth0 fixed-tab-size public-DraftStyleDefault-text-ltr\"><span class=\"_2PHJq public-DraftStyleDefault-ltr\">En el marco de la celebraci\u00f3n del Festival Cultural de Calaveras 2022, mismo en el que Tere Jim\u00e9nez busca impulsar al talento local, las y los asistentes revivieron el nacimiento de la obra m\u00e1s emblem\u00e1tica del hidroc\u00e1lido Jos\u00e9 Guadalupe Posada; en primer lugar, se deleitaron con la presentaci\u00f3n escenogr\u00e1fica de los altares, en los que se representa la uni\u00f3n entre Posada y la Catrina.<\/span><\/p>\n<div id=\"viewer-u0ube1654\" class=\"mm8Nw _1j-51 _1FoOD _78FBa public-DraftStyleDefault-block-depth0 fixed-tab-size public-DraftStyleDefault-text-ltr\"><span class=\"_2PHJq public-DraftStyleDefault-ltr\">\u00a0<\/span><\/div>\n<p id=\"viewer-3jox71655\" class=\"mm8Nw _1j-51 _1FoOD _78FBa public-DraftStyleDefault-block-depth0 fixed-tab-size public-DraftStyleDefault-text-ltr\"><span class=\"_2PHJq public-DraftStyleDefault-ltr\">Acto seguido, disfrutaron la proyecci\u00f3n del mapping en la fachada del Palacio de Gobierno, la cual narr\u00f3 la evoluci\u00f3n de este \u00edcono de la cultura mexicana.<\/span><\/p>\n<div id=\"viewer-mwcow1657\" class=\"mm8Nw _1j-51 _1FoOD _78FBa public-DraftStyleDefault-block-depth0 fixed-tab-size public-DraftStyleDefault-text-ltr\"><span class=\"_2PHJq public-DraftStyleDefault-ltr\">\u00a0<\/span><\/div>\n<p id=\"viewer-4wc4w1658\" class=\"mm8Nw _1j-51 _1FoOD _78FBa public-DraftStyleDefault-block-depth0 fixed-tab-size public-DraftStyleDefault-text-ltr\"><span class=\"_2PHJq public-DraftStyleDefault-ltr\">La gobernadora reconoci\u00f3 el trabajo de las y los organizadores, artistas y participantes para que estas presentaciones se conviertan en un espect\u00e1culo de convivencia familiar y una forma de abrazar y conservar nuestras tradiciones.<\/span><\/p>\n","protected":false},"excerpt":{"rendered":"<p>#informativoelvalledeaguascalientes #novaradioaguascalientes #ElGiganteDeMexico &nbsp; En una noche llena de luces, colores de temporada y bailes de fiesta, la gobernadora de Aguascalientes, Tere Jim\u00e9nez, disfrut\u00f3 el espect\u00e1culo &#8220;Altares vivientes&#8221; y el mapping &#8220;La historia de la Catrina&#8221;, que se realizaron en las instalaciones del Palacio de Gobierno del Estado, en compa\u00f1\u00eda del alcalde Leonardo Monta\u00f1ez, de [&hellip;]<\/p>\n","protected":false},"author":1,"featured_media":37187,"comment_status":"closed","ping_status":"open","sticky":false,"template":"","format":"standard","meta":{"advanced_seo_description":"","jetpack_seo_html_title":"","jetpack_seo_noindex":false,"_jetpack_memberships_contains_paid_content":false,"footnotes":"","jetpack_publicize_message":"","jetpack_publicize_feature_enabled":true,"jetpack_social_post_already_shared":true,"jetpack_social_options":{"image_generator_settings":{"template":"highway","default_image_id":0,"font":"","enabled":false},"version":2}},"categories":[21,4],"tags":[22,161],"class_list":["post-37186","post","type-post","status-publish","format-standard","has-post-thumbnail","hentry","category-aguascalientes","category-gobierno-del-estado-aguascalientes","tag-aguascalientes","tag-gobierno-del-estado-aguascalientes"],"jetpack_publicize_connections":[],"jetpack_featured_media_url":"https:\/\/i0.wp.com\/informativoelvalledeaguascalientes.online\/wp-content\/uploads\/2022\/11\/tj-altares.jpg?fit=1920%2C1280&ssl=1","jetpack-related-posts":[],"jetpack_sharing_enabled":true,"jetpack_likes_enabled":true,"_links":{"self":[{"href":"https:\/\/informativoelvalledeaguascalientes.online\/index.php?rest_route=\/wp\/v2\/posts\/37186","targetHints":{"allow":["GET"]}}],"collection":[{"href":"https:\/\/informativoelvalledeaguascalientes.online\/index.php?rest_route=\/wp\/v2\/posts"}],"about":[{"href":"https:\/\/informativoelvalledeaguascalientes.online\/index.php?rest_route=\/wp\/v2\/types\/post"}],"author":[{"embeddable":true,"href":"https:\/\/informativoelvalledeaguascalientes.online\/index.php?rest_route=\/wp\/v2\/users\/1"}],"replies":[{"embeddable":true,"href":"https:\/\/informativoelvalledeaguascalientes.online\/index.php?rest_route=%2Fwp%2Fv2%2Fcomments&post=37186"}],"version-history":[{"count":1,"href":"https:\/\/informativoelvalledeaguascalientes.online\/index.php?rest_route=\/wp\/v2\/posts\/37186\/revisions"}],"predecessor-version":[{"id":37188,"href":"https:\/\/informativoelvalledeaguascalientes.online\/index.php?rest_route=\/wp\/v2\/posts\/37186\/revisions\/37188"}],"wp:featuredmedia":[{"embeddable":true,"href":"https:\/\/informativoelvalledeaguascalientes.online\/index.php?rest_route=\/wp\/v2\/media\/37187"}],"wp:attachment":[{"href":"https:\/\/informativoelvalledeaguascalientes.online\/index.php?rest_route=%2Fwp%2Fv2%2Fmedia&parent=37186"}],"wp:term":[{"taxonomy":"category","embeddable":true,"href":"https:\/\/informativoelvalledeaguascalientes.online\/index.php?rest_route=%2Fwp%2Fv2%2Fcategories&post=37186"},{"taxonomy":"post_tag","embeddable":true,"href":"https:\/\/informativoelvalledeaguascalientes.online\/index.php?rest_route=%2Fwp%2Fv2%2Ftags&post=37186"}],"curies":[{"name":"wp","href":"https:\/\/api.w.org\/{rel}","templated":true}]}}