{"id":37159,"date":"2022-10-31T17:56:02","date_gmt":"2022-10-31T23:56:02","guid":{"rendered":"https:\/\/informativoelvalledeaguascalientes.online\/?p=37159"},"modified":"2022-10-31T17:56:02","modified_gmt":"2022-10-31T23:56:02","slug":"primer-informe-de-gobierno-12","status":"publish","type":"post","link":"https:\/\/informativoelvalledeaguascalientes.online\/?p=37159","title":{"rendered":"PRIMER INFORME DE GOBIERNO"},"content":{"rendered":"<p><strong><a href=\"https:\/\/www.facebook.com\/hashtag\/informativoelvalledeaguascalientes\">#informativoelvalledeaguascalientes<\/a><\/strong><\/p>\n<p><strong><a href=\"https:\/\/www.facebook.com\/hashtag\/novaradioaguascalientes\">#novaradioaguascalientes<\/a><\/strong><\/p>\n<p>\ud83e\udd1d\ud83c\udffb\u2705\ufe0f Se escucharon y atendieron a m\u00e1s de \ud835\udff1 \ud835\uddfa\ud835\uddf6\ud835\uddf9 \ud835\uddfd\ud835\uddf2\ud835\uddff\ud835\ude00\ud835\uddfc\ud835\uddfb\ud835\uddee\ud835\ude00 en el #MartesCiudadano y en Atenci\u00f3n Ciudadana con el objetivo de cubrir las necesidades m\u00e1s sentidas de poblaci\u00f3n.<\/p>\n<p>#CalvilloResponsable<br \/>\n#1erInformeDRU<br \/>\n#AccionesQueTrascienden<\/p>\n","protected":false},"excerpt":{"rendered":"<p>#informativoelvalledeaguascalientes #novaradioaguascalientes \ud83e\udd1d\ud83c\udffb\u2705\ufe0f Se escucharon y atendieron a m\u00e1s de \ud835\udff1 \ud835\uddfa\ud835\uddf6\ud835\uddf9 \ud835\uddfd\ud835\uddf2\ud835\uddff\ud835\ude00\ud835\uddfc\ud835\uddfb\ud835\uddee\ud835\ude00 en el #MartesCiudadano y en Atenci\u00f3n Ciudadana con el objetivo de cubrir las necesidades m\u00e1s sentidas de poblaci\u00f3n. #CalvilloResponsable #1erInformeDRU #AccionesQueTrascienden<\/p>\n","protected":false},"author":1,"featured_media":37164,"comment_status":"closed","ping_status":"open","sticky":false,"template":"","format":"standard","meta":{"advanced_seo_description":"","jetpack_seo_html_title":"","jetpack_seo_noindex":false,"_jetpack_memberships_contains_paid_content":false,"footnotes":"","jetpack_publicize_message":"","jetpack_publicize_feature_enabled":true,"jetpack_social_post_already_shared":true,"jetpack_social_options":{"image_generator_settings":{"template":"highway","default_image_id":0,"font":"","enabled":false},"version":2}},"categories":[21,13],"tags":[22,88,29],"class_list":["post-37159","post","type-post","status-publish","format-standard","has-post-thumbnail","hentry","category-aguascalientes","category-calvillo-aguascalientes","tag-aguascalientes","tag-calvillo","tag-calvillo-aguascalientes"],"jetpack_publicize_connections":[],"jetpack_featured_media_url":"https:\/\/i0.wp.com\/informativoelvalledeaguascalientes.online\/wp-content\/uploads\/2022\/10\/f49b8105-e009-4421-9b0c-51e2a34183b3.jpeg?fit=1080%2C1080&ssl=1","jetpack-related-posts":[],"jetpack_sharing_enabled":true,"jetpack_likes_enabled":true,"_links":{"self":[{"href":"https:\/\/informativoelvalledeaguascalientes.online\/index.php?rest_route=\/wp\/v2\/posts\/37159","targetHints":{"allow":["GET"]}}],"collection":[{"href":"https:\/\/informativoelvalledeaguascalientes.online\/index.php?rest_route=\/wp\/v2\/posts"}],"about":[{"href":"https:\/\/informativoelvalledeaguascalientes.online\/index.php?rest_route=\/wp\/v2\/types\/post"}],"author":[{"embeddable":true,"href":"https:\/\/informativoelvalledeaguascalientes.online\/index.php?rest_route=\/wp\/v2\/users\/1"}],"replies":[{"embeddable":true,"href":"https:\/\/informativoelvalledeaguascalientes.online\/index.php?rest_route=%2Fwp%2Fv2%2Fcomments&post=37159"}],"version-history":[{"count":1,"href":"https:\/\/informativoelvalledeaguascalientes.online\/index.php?rest_route=\/wp\/v2\/posts\/37159\/revisions"}],"predecessor-version":[{"id":37166,"href":"https:\/\/informativoelvalledeaguascalientes.online\/index.php?rest_route=\/wp\/v2\/posts\/37159\/revisions\/37166"}],"wp:featuredmedia":[{"embeddable":true,"href":"https:\/\/informativoelvalledeaguascalientes.online\/index.php?rest_route=\/wp\/v2\/media\/37164"}],"wp:attachment":[{"href":"https:\/\/informativoelvalledeaguascalientes.online\/index.php?rest_route=%2Fwp%2Fv2%2Fmedia&parent=37159"}],"wp:term":[{"taxonomy":"category","embeddable":true,"href":"https:\/\/informativoelvalledeaguascalientes.online\/index.php?rest_route=%2Fwp%2Fv2%2Fcategories&post=37159"},{"taxonomy":"post_tag","embeddable":true,"href":"https:\/\/informativoelvalledeaguascalientes.online\/index.php?rest_route=%2Fwp%2Fv2%2Ftags&post=37159"}],"curies":[{"name":"wp","href":"https:\/\/api.w.org\/{rel}","templated":true}]}}