{"id":37092,"date":"2022-10-30T14:05:07","date_gmt":"2022-10-30T20:05:07","guid":{"rendered":"https:\/\/informativoelvalledeaguascalientes.online\/?p=37092"},"modified":"2022-10-30T14:05:07","modified_gmt":"2022-10-30T20:05:07","slug":"llamativo-cruce-peatonal-con-calaveritas-coloca-municipio-en-tianguis-de-muertos","status":"publish","type":"post","link":"https:\/\/informativoelvalledeaguascalientes.online\/?p=37092","title":{"rendered":"LLAMATIVO CRUCE PEATONAL CON CALAVERITAS COLOCA MUNICIPIO EN TIANGUIS DE MUERTOS"},"content":{"rendered":"<p><strong><a href=\"https:\/\/www.facebook.com\/hashtag\/informativoelvalledeaguascalientes\">#informativoelvalledeaguascalientes<\/a><\/strong><\/p>\n<p><strong><a href=\"https:\/\/www.facebook.com\/hashtag\/novaradioaguascalientes\">#novaradioaguascalientes<\/a><\/strong><\/p>\n<p><strong><a class=\"x1i10hfl xjbqb8w x6umtig x1b1mbwd xaqea5y xav7gou x9f619 x1ypdohk xt0psk2 xe8uvvx xdj266r x11i5rnm xat24cr x1mh8g0r xexx8yu x4uap5 x18d9i69 xkhd6sd x16tdsg8 x1hl2dhg xggy1nq x1a2a7pz xt0b8zv x1qq9wsj xo1l8bm\" tabindex=\"0\" role=\"link\" href=\"https:\/\/www.facebook.com\/hashtag\/laciudaddetuvida?__eep__=6&amp;__cft__[0]=AZVUzG-uzEgkHBxlWi4clX4-qXx_nfGicugdShvx3oYxvDeUIl1My5bfFXiXTmVU7O9FCNwHdVuQiVqIjO99-u7dxeUq1S3CqcB1PNpBXLQtm-Q1JLiRFFX8c4SEMe3VqRRgSs9kS8-Ajp6HnW6ebLd3GeB3j-SCsEGrTUVXz1WdbDeQs8bs0Dry33nLaV6fVU4&amp;__tn__=*NK-R\">#LaCiudadDeTuVida<\/a><\/strong><\/p>\n<p>La Presidencia Municipal de Aguascalientes, a trav\u00e9s de la Secretar\u00eda de Servicios P\u00fablicos, rotul\u00f3 con figuras alusivas al D\u00eda de Muertos el cruce peatonal de la Avenida Convenci\u00f3n poniente, en su cruce con Arroyo de Los Arellano.<\/p>\n<p><strong>Carlos Espa\u00f1a Mart\u00ednez<\/strong>, titular de la dependencia, coment\u00f3 que se pintaron algunas calaveritas y catrinas sobre el pavimento, cuyo efecto reflejante permite tanto a peatones como conductores visualizar el \u00e1rea indicada para atravesar la avenida.<\/p>\n<p>Agreg\u00f3 que las figuras se convierten en un elemento m\u00e1s de conmemoraci\u00f3n a los fieles difuntos, promoviendo im\u00e1genes ic\u00f3nicas de la cultura mexicana como El Charro y La Catrina.<\/p>\n<p>&nbsp;<\/p>\n","protected":false},"excerpt":{"rendered":"<p>#informativoelvalledeaguascalientes #novaradioaguascalientes #LaCiudadDeTuVida La Presidencia Municipal de Aguascalientes, a trav\u00e9s de la Secretar\u00eda de Servicios P\u00fablicos, rotul\u00f3 con figuras alusivas al D\u00eda de Muertos el cruce peatonal de la Avenida Convenci\u00f3n poniente, en su cruce con Arroyo de Los Arellano. Carlos Espa\u00f1a Mart\u00ednez, titular de la dependencia, coment\u00f3 que se pintaron algunas calaveritas y catrinas [&hellip;]<\/p>\n","protected":false},"author":1,"featured_media":37093,"comment_status":"closed","ping_status":"open","sticky":false,"template":"","format":"standard","meta":{"advanced_seo_description":"","jetpack_seo_html_title":"","jetpack_seo_noindex":false,"_jetpack_memberships_contains_paid_content":false,"footnotes":"","jetpack_publicize_message":"","jetpack_publicize_feature_enabled":true,"jetpack_social_post_already_shared":true,"jetpack_social_options":{"image_generator_settings":{"template":"highway","default_image_id":0,"font":"","enabled":false},"version":2}},"categories":[21,3],"tags":[22,25],"class_list":["post-37092","post","type-post","status-publish","format-standard","has-post-thumbnail","hentry","category-aguascalientes","category-municipio-aguascalientes","tag-aguascalientes","tag-mpio-aguascalientes"],"jetpack_publicize_connections":[],"jetpack_featured_media_url":"https:\/\/i0.wp.com\/informativoelvalledeaguascalientes.online\/wp-content\/uploads\/2022\/10\/WhatsApp-Image-2022-10-28-at-3.07.31-PM.jpeg?fit=1280%2C854&ssl=1","jetpack-related-posts":[],"jetpack_sharing_enabled":true,"jetpack_likes_enabled":true,"_links":{"self":[{"href":"https:\/\/informativoelvalledeaguascalientes.online\/index.php?rest_route=\/wp\/v2\/posts\/37092","targetHints":{"allow":["GET"]}}],"collection":[{"href":"https:\/\/informativoelvalledeaguascalientes.online\/index.php?rest_route=\/wp\/v2\/posts"}],"about":[{"href":"https:\/\/informativoelvalledeaguascalientes.online\/index.php?rest_route=\/wp\/v2\/types\/post"}],"author":[{"embeddable":true,"href":"https:\/\/informativoelvalledeaguascalientes.online\/index.php?rest_route=\/wp\/v2\/users\/1"}],"replies":[{"embeddable":true,"href":"https:\/\/informativoelvalledeaguascalientes.online\/index.php?rest_route=%2Fwp%2Fv2%2Fcomments&post=37092"}],"version-history":[{"count":1,"href":"https:\/\/informativoelvalledeaguascalientes.online\/index.php?rest_route=\/wp\/v2\/posts\/37092\/revisions"}],"predecessor-version":[{"id":37094,"href":"https:\/\/informativoelvalledeaguascalientes.online\/index.php?rest_route=\/wp\/v2\/posts\/37092\/revisions\/37094"}],"wp:featuredmedia":[{"embeddable":true,"href":"https:\/\/informativoelvalledeaguascalientes.online\/index.php?rest_route=\/wp\/v2\/media\/37093"}],"wp:attachment":[{"href":"https:\/\/informativoelvalledeaguascalientes.online\/index.php?rest_route=%2Fwp%2Fv2%2Fmedia&parent=37092"}],"wp:term":[{"taxonomy":"category","embeddable":true,"href":"https:\/\/informativoelvalledeaguascalientes.online\/index.php?rest_route=%2Fwp%2Fv2%2Fcategories&post=37092"},{"taxonomy":"post_tag","embeddable":true,"href":"https:\/\/informativoelvalledeaguascalientes.online\/index.php?rest_route=%2Fwp%2Fv2%2Ftags&post=37092"}],"curies":[{"name":"wp","href":"https:\/\/api.w.org\/{rel}","templated":true}]}}