{"id":37085,"date":"2022-10-30T13:55:13","date_gmt":"2022-10-30T19:55:13","guid":{"rendered":"https:\/\/informativoelvalledeaguascalientes.online\/?p=37085"},"modified":"2022-10-30T13:55:13","modified_gmt":"2022-10-30T19:55:13","slug":"aguascalientes-es-sede-de-la-presentacion-de-obra-literaria-espanola-alusiva-a-jose-tomas","status":"publish","type":"post","link":"https:\/\/informativoelvalledeaguascalientes.online\/?p=37085","title":{"rendered":"AGUASCALIENTES ES SEDE DE LA PRESENTACI\u00d3N DE OBRA LITERARIA ESPA\u00d1OLA ALUSIVA A JOS\u00c9 TOM\u00c1S"},"content":{"rendered":"<p><strong><a href=\"https:\/\/www.facebook.com\/hashtag\/informativoelvalledeaguascalientes\">#informativoelvalledeaguascalientes<\/a><\/strong><\/p>\n<p><strong><a href=\"https:\/\/www.facebook.com\/hashtag\/novaradioaguascalientes\">#novaradioaguascalientes<\/a><\/strong><\/p>\n<p><strong><a href=\"https:\/\/www.facebook.com\/GobiernodeAguascalientes\">#ElGiganteDeMexico<\/a><\/strong><\/p>\n<div class=\"\" data-mesh-id=\"comp-l7sh9ubr2inlineContent\" data-testid=\"inline-content\">\n<div data-mesh-id=\"comp-l7sh9ubr2inlineContent-gridContainer\" data-testid=\"mesh-container-content\">\n<div id=\"comp-l7sh9ubx\" class=\"_2PSyL\">\n<div class=\"comp-l7sh9ubx\">\n<div class=\"s1IW4b\" data-hook=\"ricosviewer-wrapper\">\n<div class=\"kvdbP _1O7aH\" dir=\"ltr\" data-id=\"rich-content-viewer\">\n<div class=\"_1hN1O _3EPBy\">\n<p id=\"viewer-foo\" class=\"mm8Nw _1j-51 _1FoOD _78FBa public-DraftStyleDefault-block-depth0 fixed-tab-size public-DraftStyleDefault-text-ltr\"><span class=\"_2PHJq public-DraftStyleDefault-ltr\">Como parte del Festival Cultural de Calaveras 2022 \u201cVive la Catrina\u201d, la gobernadora de Aguascalientes, Tere Jim\u00e9nez, engalan\u00f3 la presentaci\u00f3n del libro <em>Jos\u00e9 Tom\u00e1s, la Tauromaquia de un mito<\/em>, del autor espa\u00f1ol Joaqu\u00edn Arjona, quien eligi\u00f3 a Aguascalientes como sede para presentar dicha obra; en ella se aprecia la maestranza del torero reconocido a nivel mundial que debut\u00f3 en la Plaza de Toros San Marcos, o plaza chica.<\/span><\/p>\n<div id=\"viewer-5l3mu7116\" class=\"mm8Nw _1j-51 _1FoOD _78FBa public-DraftStyleDefault-block-depth0 fixed-tab-size public-DraftStyleDefault-text-ltr\"><span class=\"_2PHJq public-DraftStyleDefault-ltr\">\u00a0<\/span><\/div>\n<p id=\"viewer-10jar7070\" class=\"mm8Nw _1j-51 _1FoOD _78FBa public-DraftStyleDefault-block-depth0 fixed-tab-size public-DraftStyleDefault-text-ltr\"><span class=\"_2PHJq public-DraftStyleDefault-ltr\">La gobernadora se\u00f1al\u00f3 la importancia del libro en el acervo cultural del estado, que hace m\u00e1s de una d\u00e9cada qued\u00f3 hermanado con Jos\u00e9 Tom\u00e1s en aquella tarde del 25 de abril de 2010, cuando el matador renaci\u00f3 en Aguascalientes tras correr el riesgo de perder la vida en el ruedo y, posteriormente, ser intervenido por m\u00e9dicos locales.<\/span><\/p>\n<\/div>\n<\/div>\n<\/div>\n<\/div>\n<\/div>\n<\/div>\n<\/div>\n","protected":false},"excerpt":{"rendered":"<p>#informativoelvalledeaguascalientes #novaradioaguascalientes #ElGiganteDeMexico Como parte del Festival Cultural de Calaveras 2022 \u201cVive la Catrina\u201d, la gobernadora de Aguascalientes, Tere Jim\u00e9nez, engalan\u00f3 la presentaci\u00f3n del libro Jos\u00e9 Tom\u00e1s, la Tauromaquia de un mito, del autor espa\u00f1ol Joaqu\u00edn Arjona, quien eligi\u00f3 a Aguascalientes como sede para presentar dicha obra; en ella se aprecia la maestranza del torero [&hellip;]<\/p>\n","protected":false},"author":1,"featured_media":37086,"comment_status":"closed","ping_status":"open","sticky":false,"template":"","format":"standard","meta":{"advanced_seo_description":"","jetpack_seo_html_title":"","jetpack_seo_noindex":false,"_jetpack_memberships_contains_paid_content":false,"footnotes":"","jetpack_publicize_message":"","jetpack_publicize_feature_enabled":true,"jetpack_social_post_already_shared":true,"jetpack_social_options":{"image_generator_settings":{"template":"highway","default_image_id":0,"font":"","enabled":false},"version":2}},"categories":[21,4],"tags":[22,161,320],"class_list":["post-37085","post","type-post","status-publish","format-standard","has-post-thumbnail","hentry","category-aguascalientes","category-gobierno-del-estado-aguascalientes","tag-aguascalientes","tag-gobierno-del-estado-aguascalientes","tag-tere-jimenez"],"jetpack_publicize_connections":[],"jetpack_featured_media_url":"https:\/\/i0.wp.com\/informativoelvalledeaguascalientes.online\/wp-content\/uploads\/2022\/10\/20221029144603_img_0087.jpg?fit=1540%2C1155&ssl=1","jetpack-related-posts":[],"jetpack_sharing_enabled":true,"jetpack_likes_enabled":true,"_links":{"self":[{"href":"https:\/\/informativoelvalledeaguascalientes.online\/index.php?rest_route=\/wp\/v2\/posts\/37085","targetHints":{"allow":["GET"]}}],"collection":[{"href":"https:\/\/informativoelvalledeaguascalientes.online\/index.php?rest_route=\/wp\/v2\/posts"}],"about":[{"href":"https:\/\/informativoelvalledeaguascalientes.online\/index.php?rest_route=\/wp\/v2\/types\/post"}],"author":[{"embeddable":true,"href":"https:\/\/informativoelvalledeaguascalientes.online\/index.php?rest_route=\/wp\/v2\/users\/1"}],"replies":[{"embeddable":true,"href":"https:\/\/informativoelvalledeaguascalientes.online\/index.php?rest_route=%2Fwp%2Fv2%2Fcomments&post=37085"}],"version-history":[{"count":1,"href":"https:\/\/informativoelvalledeaguascalientes.online\/index.php?rest_route=\/wp\/v2\/posts\/37085\/revisions"}],"predecessor-version":[{"id":37087,"href":"https:\/\/informativoelvalledeaguascalientes.online\/index.php?rest_route=\/wp\/v2\/posts\/37085\/revisions\/37087"}],"wp:featuredmedia":[{"embeddable":true,"href":"https:\/\/informativoelvalledeaguascalientes.online\/index.php?rest_route=\/wp\/v2\/media\/37086"}],"wp:attachment":[{"href":"https:\/\/informativoelvalledeaguascalientes.online\/index.php?rest_route=%2Fwp%2Fv2%2Fmedia&parent=37085"}],"wp:term":[{"taxonomy":"category","embeddable":true,"href":"https:\/\/informativoelvalledeaguascalientes.online\/index.php?rest_route=%2Fwp%2Fv2%2Fcategories&post=37085"},{"taxonomy":"post_tag","embeddable":true,"href":"https:\/\/informativoelvalledeaguascalientes.online\/index.php?rest_route=%2Fwp%2Fv2%2Ftags&post=37085"}],"curies":[{"name":"wp","href":"https:\/\/api.w.org\/{rel}","templated":true}]}}