{"id":37079,"date":"2022-10-30T14:00:31","date_gmt":"2022-10-30T20:00:31","guid":{"rendered":"https:\/\/informativoelvalledeaguascalientes.online\/?p=37079"},"modified":"2022-10-30T14:01:29","modified_gmt":"2022-10-30T20:01:29","slug":"visita-tere-jimenez-pabellones-de-vive-la-catrina-invita-a-las-familias-a-disfrutar-sus-actividades","status":"publish","type":"post","link":"https:\/\/informativoelvalledeaguascalientes.online\/?p=37079","title":{"rendered":"VISITA TERE JIM\u00c9NEZ PABELLONES DE \u201cVIVE LA CATRINA&#8221;; INVITA A LAS FAMILIAS A DISFRUTAR SUS ACTIVIDADES"},"content":{"rendered":"<p><strong><a href=\"https:\/\/www.facebook.com\/hashtag\/informativoelvalledeaguascalientes\">#informativoelvalledeaguascalientes<\/a><\/strong><\/p>\n<p><strong><a href=\"https:\/\/www.facebook.com\/hashtag\/novaradioaguascalientes\">#novaradioaguascalientes<\/a><\/strong><\/p>\n<p><strong><a href=\"https:\/\/www.facebook.com\/GobiernodeAguascalientes\">#ElGiganteDeMexico<\/a><\/strong><\/p>\n<ul class=\"public-DraftStyleDefault-ul\">\n<li id=\"viewer-foo\" class=\"_3Kjjs _78FBa public-DraftStyleDefault-unorderedListItem public-DraftStyleDefault-depth0 public-DraftStyleDefault-list-ltr fixed-tab-size public-DraftStyleDefault-reset _1FoOD _78FBa\">\n<p class=\"_1j-51 _1FoOD _78FBa undefined\"><strong><em>Los pabellones Infantil, de Pan de Muerto, de Artesan\u00edas y \u201cEl gigante de M\u00e9xico\u201d, estar\u00e1n del 28 de octubre al 2 de noviembre en el Jard\u00edn de los Palacios<\/em><\/strong><\/p>\n<\/li>\n<li id=\"viewer-o0vgv3633\" class=\"_3Kjjs _78FBa public-DraftStyleDefault-unorderedListItem public-DraftStyleDefault-depth0 public-DraftStyleDefault-list-ltr fixed-tab-size _1FoOD _78FBa\">\n<p class=\"_1j-51 _1FoOD _78FBa undefined\"><strong><em>30 expositores agr\u00edcolas, 20 de econom\u00eda y 26 artesanos se encuentran ofertando sus productos en el pabell\u00f3n \u201cEl gigante de M\u00e9xico\u201d<\/em><\/strong><\/p>\n<\/li>\n<li id=\"viewer-u43b83636\" class=\"_3Kjjs _78FBa public-DraftStyleDefault-unorderedListItem public-DraftStyleDefault-depth0 public-DraftStyleDefault-list-ltr fixed-tab-size _1FoOD _78FBa\">\n<p class=\"_1j-51 _1FoOD _78FBa undefined\"><strong><em>Los pabellones ofrecen actividades para toda la familia\u00a0<\/em><\/strong><\/p>\n<\/li>\n<\/ul>\n<div id=\"viewer-pigg03638\" class=\"mm8Nw _1j-51 _1FoOD _3M0Fe public-DraftStyleDefault-block-depth0 fixed-tab-size public-DraftStyleDefault-text-ltr\"><span class=\"_2PHJq public-DraftStyleDefault-ltr\">\u00a0<\/span><\/div>\n<div id=\"viewer-8gwll3639\" class=\"mm8Nw _1j-51 _1FoOD _3M0Fe public-DraftStyleDefault-block-depth0 fixed-tab-size public-DraftStyleDefault-text-ltr\"><span class=\"_2PHJq public-DraftStyleDefault-ltr\">\u00a0<\/span><\/div>\n<p id=\"viewer-faw6f3640\" class=\"mm8Nw _1j-51 _1FoOD _78FBa public-DraftStyleDefault-block-depth0 fixed-tab-size public-DraftStyleDefault-text-ltr\"><span class=\"_2PHJq public-DraftStyleDefault-ltr\">Orgullosa de que Aguascalientes es un estado que a pesar de cualquier circunstancia siempre tiene la mejor cara, Tere Jim\u00e9nez cort\u00f3 el list\u00f3n inaugural de los pabellones del Festival Cultural de Calaveras 2022, donde aprovech\u00f3 para reiterar su apoyo a los productores y artesanos locales, pues dijo que son gente muy talentosa que merece que su trabajo sea reconocido.<\/span><\/p>\n<div id=\"viewer-2xbsj3642\" class=\"mm8Nw _1j-51 _1FoOD _78FBa public-DraftStyleDefault-block-depth0 fixed-tab-size public-DraftStyleDefault-text-ltr\"><span class=\"_2PHJq public-DraftStyleDefault-ltr\">\u00a0<\/span><\/div>\n<p id=\"viewer-zdz5g3643\" class=\"mm8Nw _1j-51 _1FoOD _78FBa public-DraftStyleDefault-block-depth0 fixed-tab-size public-DraftStyleDefault-text-ltr\"><span class=\"_2PHJq public-DraftStyleDefault-ltr\">\u201cHagamos de nuestro comercio un sello, que sepa el mundo entero que Aguascalientes tiene esta gran obra que es la Catrina; el turismo se debe representar con nuestros artistas, sus t\u00e9cnicas, grabados y sus productos\u201d, mencion\u00f3.<\/span><\/p>\n<div id=\"viewer-ol9m63645\" class=\"mm8Nw _1j-51 _1FoOD _78FBa public-DraftStyleDefault-block-depth0 fixed-tab-size public-DraftStyleDefault-text-ltr\"><span class=\"_2PHJq public-DraftStyleDefault-ltr\">\u00a0<\/span><\/div>\n<p id=\"viewer-mqmkx3646\" class=\"mm8Nw _1j-51 _1FoOD _78FBa public-DraftStyleDefault-block-depth0 fixed-tab-size public-DraftStyleDefault-text-ltr\"><span class=\"_2PHJq public-DraftStyleDefault-ltr\">En el evento, Gloria Mar\u00eda Romo Cuesta, secretaria de Turismo, inform\u00f3 que uno de los pabellones m\u00e1s populares es el denominado \u201cEl gigante de M\u00e9xico\u201d, en el que se impulsa a m\u00e1s de 50 emprendedores y productores locales y a la marca \u201cHecho en Aguascalientes\u201d. De esta manera se beneficia la econom\u00eda de las familias aguascalentenses, pues dijo que en el estado hay muchos productos de calidad, como quesos, cerveza artesanal, pan tradicional, derivados de guayaba, botanas, productos textiles, de salud y de belleza.\u00a0<\/span><\/p>\n<div id=\"viewer-15fji3648\" class=\"mm8Nw _1j-51 _1FoOD _78FBa public-DraftStyleDefault-block-depth0 fixed-tab-size public-DraftStyleDefault-text-ltr\"><span class=\"_2PHJq public-DraftStyleDefault-ltr\">\u00a0<\/span><\/div>\n<p id=\"viewer-9t1r43649\" class=\"mm8Nw _1j-51 _1FoOD _78FBa public-DraftStyleDefault-block-depth0 fixed-tab-size public-DraftStyleDefault-text-ltr\"><span class=\"_2PHJq public-DraftStyleDefault-ltr\">Detall\u00f3 que en el Pabell\u00f3n Infantil habr\u00e1 actividades para las y los ni\u00f1os, donde aprender\u00e1n las t\u00e9cnicas que utilizaba Jos\u00e9 Guadalupe Posada; y en el pabell\u00f3n Pan de Muerto habr\u00e1 exposici\u00f3n y venta del tradicional pan de muerto.<\/span><\/p>\n<div id=\"viewer-csih23651\" class=\"mm8Nw _1j-51 _1FoOD _78FBa public-DraftStyleDefault-block-depth0 fixed-tab-size public-DraftStyleDefault-text-ltr\"><span class=\"_2PHJq public-DraftStyleDefault-ltr\">\u00a0<\/span><\/div>\n<p id=\"viewer-zoyop3652\" class=\"mm8Nw _1j-51 _1FoOD _78FBa public-DraftStyleDefault-block-depth0 fixed-tab-size public-DraftStyleDefault-text-ltr\"><span class=\"_2PHJq public-DraftStyleDefault-ltr\">Durante el recorrido inaugural, la gobernadora aprovech\u00f3 para saludar a algunos productores, quienes le agradecieron la oportunidad de promocionar sus art\u00edculos en el festival, pues con ello se da a conocer mayormente el gran trabajo y calidad de los productos hechos en Aguascalientes.<\/span><\/p>\n<div id=\"viewer-8d7873654\" class=\"mm8Nw _1j-51 _1FoOD _78FBa public-DraftStyleDefault-block-depth0 fixed-tab-size public-DraftStyleDefault-text-ltr\"><span class=\"_2PHJq public-DraftStyleDefault-ltr\">\u00a0<\/span><\/div>\n<p id=\"viewer-8xl4r3655\" class=\"mm8Nw _1j-51 _1FoOD _78FBa public-DraftStyleDefault-block-depth0 fixed-tab-size public-DraftStyleDefault-text-ltr\"><span class=\"_2PHJq public-DraftStyleDefault-ltr\">A este evento familiar tambi\u00e9n asistieron Alejandro V\u00e1zquez Z\u00fa\u00f1iga, director general del Instituto Cultural de Aguascalientes; Manuel Alejandro Gonz\u00e1lez Mart\u00ednez, secretario de Desarrollo Econ\u00f3mico, Ciencia y Tecnolog\u00eda del Estado; e Isidoro Armend\u00e1riz Garc\u00eda, secretario de Desarrollo Rural Agroempresarial.<\/span><\/p>\n","protected":false},"excerpt":{"rendered":"<p>#informativoelvalledeaguascalientes #novaradioaguascalientes #ElGiganteDeMexico Los pabellones Infantil, de Pan de Muerto, de Artesan\u00edas y \u201cEl gigante de M\u00e9xico\u201d, estar\u00e1n del 28 de octubre al 2 de noviembre en el Jard\u00edn de los Palacios 30 expositores agr\u00edcolas, 20 de econom\u00eda y 26 artesanos se encuentran ofertando sus productos en el pabell\u00f3n \u201cEl gigante de M\u00e9xico\u201d Los pabellones [&hellip;]<\/p>\n","protected":false},"author":1,"featured_media":37088,"comment_status":"closed","ping_status":"open","sticky":false,"template":"","format":"standard","meta":{"advanced_seo_description":"","jetpack_seo_html_title":"","jetpack_seo_noindex":false,"_jetpack_memberships_contains_paid_content":false,"footnotes":"","jetpack_publicize_message":"","jetpack_publicize_feature_enabled":true,"jetpack_social_post_already_shared":true,"jetpack_social_options":{"image_generator_settings":{"template":"highway","default_image_id":0,"font":"","enabled":false},"version":2}},"categories":[21,4],"tags":[22,161,34,610,106,320],"class_list":["post-37079","post","type-post","status-publish","format-standard","has-post-thumbnail","hentry","category-aguascalientes","category-gobierno-del-estado-aguascalientes","tag-aguascalientes","tag-gobierno-del-estado-aguascalientes","tag-sectur","tag-sedecyt","tag-sedrae","tag-tere-jimenez"],"jetpack_publicize_connections":[],"jetpack_featured_media_url":"https:\/\/i0.wp.com\/informativoelvalledeaguascalientes.online\/wp-content\/uploads\/2022\/10\/gob7170.jpg?fit=1620%2C1080&ssl=1","jetpack-related-posts":[],"jetpack_sharing_enabled":true,"jetpack_likes_enabled":true,"_links":{"self":[{"href":"https:\/\/informativoelvalledeaguascalientes.online\/index.php?rest_route=\/wp\/v2\/posts\/37079","targetHints":{"allow":["GET"]}}],"collection":[{"href":"https:\/\/informativoelvalledeaguascalientes.online\/index.php?rest_route=\/wp\/v2\/posts"}],"about":[{"href":"https:\/\/informativoelvalledeaguascalientes.online\/index.php?rest_route=\/wp\/v2\/types\/post"}],"author":[{"embeddable":true,"href":"https:\/\/informativoelvalledeaguascalientes.online\/index.php?rest_route=\/wp\/v2\/users\/1"}],"replies":[{"embeddable":true,"href":"https:\/\/informativoelvalledeaguascalientes.online\/index.php?rest_route=%2Fwp%2Fv2%2Fcomments&post=37079"}],"version-history":[{"count":2,"href":"https:\/\/informativoelvalledeaguascalientes.online\/index.php?rest_route=\/wp\/v2\/posts\/37079\/revisions"}],"predecessor-version":[{"id":37090,"href":"https:\/\/informativoelvalledeaguascalientes.online\/index.php?rest_route=\/wp\/v2\/posts\/37079\/revisions\/37090"}],"wp:featuredmedia":[{"embeddable":true,"href":"https:\/\/informativoelvalledeaguascalientes.online\/index.php?rest_route=\/wp\/v2\/media\/37088"}],"wp:attachment":[{"href":"https:\/\/informativoelvalledeaguascalientes.online\/index.php?rest_route=%2Fwp%2Fv2%2Fmedia&parent=37079"}],"wp:term":[{"taxonomy":"category","embeddable":true,"href":"https:\/\/informativoelvalledeaguascalientes.online\/index.php?rest_route=%2Fwp%2Fv2%2Fcategories&post=37079"},{"taxonomy":"post_tag","embeddable":true,"href":"https:\/\/informativoelvalledeaguascalientes.online\/index.php?rest_route=%2Fwp%2Fv2%2Ftags&post=37079"}],"curies":[{"name":"wp","href":"https:\/\/api.w.org\/{rel}","templated":true}]}}