{"id":37046,"date":"2022-10-29T14:07:49","date_gmt":"2022-10-29T20:07:49","guid":{"rendered":"https:\/\/informativoelvalledeaguascalientes.online\/?p=37046"},"modified":"2022-10-29T14:07:49","modified_gmt":"2022-10-29T20:07:49","slug":"congreso-de-aguascalientes-fue-sede-de-cortometrajes-juveniles-de-terror-y-de-dia-de-muertos","status":"publish","type":"post","link":"https:\/\/informativoelvalledeaguascalientes.online\/?p=37046","title":{"rendered":"CONGRESO DE AGUASCALIENTES FUE SEDE DE CORTOMETRAJES JUVENILES DE TERROR Y DE D\u00cdA DE MUERTOS"},"content":{"rendered":"<p><strong><a href=\"https:\/\/www.facebook.com\/hashtag\/informativoelvalledeaguascalientes\">#informativoelvalledeaguascalientes<\/a><\/strong><\/p>\n<p><strong><a href=\"https:\/\/www.facebook.com\/hashtag\/novaradioaguascalientes\">#novaradioaguascalientes<\/a><\/strong><\/p>\n<p>&nbsp;<\/p>\n<p>En el marco del D\u00eda de Muertos que se celebra este pr\u00f3ximo dos de noviembre, el diputade Juan Ugarte organiz\u00f3 la Primer Muestra Juvenil de Cortometrajes de Terror y de D\u00eda de Mueros, titulada \u201cSkelet\u00f3n\u201d.<\/p>\n<p>&nbsp;<\/p>\n<p>El tambi\u00e9n presidente de la Comisi\u00f3n de Juventud de la LXV Legislatura del Congreso de Aguascalientes, Juan Ugarte dio la bienvenida y agradeci\u00f3 a los participantes en la realizaci\u00f3n de estas cintas, a la par que mencion\u00f3 que estas festividades de d\u00eda de muertos siempre llenan de orgullo a la poblaci\u00f3n porque significan el paso que \u201ctendremos en esta vida\u201d.<\/p>\n<p>&nbsp;<\/p>\n<p>Asimismo, coment\u00f3 que estos cortometrajes fueron producidos por j\u00f3venes de Aguascalientes, por lo que dijio \u201cno se tiene que mirar hacia otro lado para ver el talento en el cine, lo tenemos aqu\u00ed, lo tenemos en casa y es un motivo de profundo orgullo poder mostrar a la sociedad lo que las, los y les, producimos\u201d.<\/p>\n<p>&nbsp;<\/p>\n<p>Entre las cintas que se exhibieron en el auditorio \u201cPedro Garc\u00eda Rojas\u201d se encuentran \u201c\u00daltima Cena\u201d, \u201cSe\u00f1oritas Crep\u00e9\u201d, Hay una luz que siempre se apaga\u201d, entre otras.<\/p>\n","protected":false},"excerpt":{"rendered":"<p>#informativoelvalledeaguascalientes #novaradioaguascalientes &nbsp; En el marco del D\u00eda de Muertos que se celebra este pr\u00f3ximo dos de noviembre, el diputade Juan Ugarte organiz\u00f3 la Primer Muestra Juvenil de Cortometrajes de Terror y de D\u00eda de Mueros, titulada \u201cSkelet\u00f3n\u201d. &nbsp; El tambi\u00e9n presidente de la Comisi\u00f3n de Juventud de la LXV Legislatura del Congreso de Aguascalientes, [&hellip;]<\/p>\n","protected":false},"author":1,"featured_media":37047,"comment_status":"closed","ping_status":"open","sticky":false,"template":"","format":"standard","meta":{"advanced_seo_description":"","jetpack_seo_html_title":"","jetpack_seo_noindex":false,"_jetpack_memberships_contains_paid_content":false,"footnotes":"","jetpack_publicize_message":"","jetpack_publicize_feature_enabled":true,"jetpack_social_post_already_shared":true,"jetpack_social_options":{"image_generator_settings":{"template":"highway","default_image_id":0,"font":"","enabled":false},"version":2}},"categories":[21,5],"tags":[22,520],"class_list":["post-37046","post","type-post","status-publish","format-standard","has-post-thumbnail","hentry","category-aguascalientes","category-h-congreso-del-estado-aguascalientes","tag-aguascalientes","tag-lxv-legislatura-aguascalientes"],"jetpack_publicize_connections":[],"jetpack_featured_media_url":"https:\/\/i0.wp.com\/informativoelvalledeaguascalientes.online\/wp-content\/uploads\/2022\/10\/hce-ags-juventud.jpg?fit=1320%2C880&ssl=1","jetpack-related-posts":[],"jetpack_sharing_enabled":true,"jetpack_likes_enabled":true,"_links":{"self":[{"href":"https:\/\/informativoelvalledeaguascalientes.online\/index.php?rest_route=\/wp\/v2\/posts\/37046","targetHints":{"allow":["GET"]}}],"collection":[{"href":"https:\/\/informativoelvalledeaguascalientes.online\/index.php?rest_route=\/wp\/v2\/posts"}],"about":[{"href":"https:\/\/informativoelvalledeaguascalientes.online\/index.php?rest_route=\/wp\/v2\/types\/post"}],"author":[{"embeddable":true,"href":"https:\/\/informativoelvalledeaguascalientes.online\/index.php?rest_route=\/wp\/v2\/users\/1"}],"replies":[{"embeddable":true,"href":"https:\/\/informativoelvalledeaguascalientes.online\/index.php?rest_route=%2Fwp%2Fv2%2Fcomments&post=37046"}],"version-history":[{"count":1,"href":"https:\/\/informativoelvalledeaguascalientes.online\/index.php?rest_route=\/wp\/v2\/posts\/37046\/revisions"}],"predecessor-version":[{"id":37049,"href":"https:\/\/informativoelvalledeaguascalientes.online\/index.php?rest_route=\/wp\/v2\/posts\/37046\/revisions\/37049"}],"wp:featuredmedia":[{"embeddable":true,"href":"https:\/\/informativoelvalledeaguascalientes.online\/index.php?rest_route=\/wp\/v2\/media\/37047"}],"wp:attachment":[{"href":"https:\/\/informativoelvalledeaguascalientes.online\/index.php?rest_route=%2Fwp%2Fv2%2Fmedia&parent=37046"}],"wp:term":[{"taxonomy":"category","embeddable":true,"href":"https:\/\/informativoelvalledeaguascalientes.online\/index.php?rest_route=%2Fwp%2Fv2%2Fcategories&post=37046"},{"taxonomy":"post_tag","embeddable":true,"href":"https:\/\/informativoelvalledeaguascalientes.online\/index.php?rest_route=%2Fwp%2Fv2%2Ftags&post=37046"}],"curies":[{"name":"wp","href":"https:\/\/api.w.org\/{rel}","templated":true}]}}