{"id":37038,"date":"2022-10-29T14:07:59","date_gmt":"2022-10-29T20:07:59","guid":{"rendered":"https:\/\/informativoelvalledeaguascalientes.online\/?p=37038"},"modified":"2022-10-29T14:07:59","modified_gmt":"2022-10-29T20:07:59","slug":"el-instituto-cultural-de-aguascalientes-invita-a-visitar-la-tradicional-ofrenda-de-muertos-que-ano-con-ano-se-coloca-en-la-casa-de-la-cultura-victor-sandoval","status":"publish","type":"post","link":"https:\/\/informativoelvalledeaguascalientes.online\/?p=37038","title":{"rendered":"El Instituto Cultural de Aguascalientes invita a visitar la tradicional Ofrenda de Muertos, que a\u00f1o con a\u00f1o se coloca en la Casa de la Cultura V\u00edctor Sandoval."},"content":{"rendered":"<p><strong><a href=\"https:\/\/www.facebook.com\/hashtag\/informativoelvalledeaguascalientes\">#informativoelvalledeaguascalientes<\/a><\/strong><\/p>\n<p><strong><a href=\"https:\/\/www.facebook.com\/hashtag\/novaradioaguascalientes\">#novaradioaguascalientes<\/a><\/strong><\/p>\n<p><strong><a href=\"https:\/\/www.facebook.com\/GobiernodeAguascalientes\">#ElGiganteDeMexico<\/a><\/strong><\/p>\n<p>Esta ofrenda es realizada por las y los colaboradores del \u00e1rea de Servicios Generales. El proyecto, en esta edici\u00f3n, estuvo coordinado por Hortensia Morales Aguilar.<\/p>\n<p>El altar en la Casa de la Cultura es una tradici\u00f3n que data desde m\u00e1s de 20 a\u00f1os, iniciada por el entonces encargado del departamento, Rub\u00e9n Mac\u00edas L\u00f3pez, en los Arquitos; a\u00f1os m\u00e1s tarde se decide que la instalaci\u00f3n se realice en la Casa de la Cultura.<\/p>\n<p>Intendentes, choferes, guardias, personal de mantenimiento y administrativo del \u00e1rea participan cada a\u00f1o de manera activa y entusiasta, elaborando las flores, el vestuario para los personajes, carteles, marcos y todo lo que implica la tradici\u00f3n.<\/p>\n<p>El altar est\u00e1 dedicado a la maestra Dolores Castro Varela y a Ricardo Flores Mag\u00f3n, junto a otras entra\u00f1ables personas que se nos han adelantado. Adem\u00e1s, se realiz\u00f3 un segundo altar en homenaje a periodistas quienes han sido parte fundamental en la difusi\u00f3n de actividades de esta instituci\u00f3n por lo que se hace un reconocimiento a su importante labor.<\/p>\n<p>Durante la inauguraci\u00f3n, se cont\u00f3 con la participaci\u00f3n del grupo de m\u00fasica tradicional mexicana Son de la Huerta.<\/p>\n<p>Las puertas est\u00e1n abiertas para recibir visitas de las 8:00 a las 21:00 horas, durante el Festival Cultural de Calaveras.<\/p>\n","protected":false},"excerpt":{"rendered":"<p>#informativoelvalledeaguascalientes #novaradioaguascalientes #ElGiganteDeMexico Esta ofrenda es realizada por las y los colaboradores del \u00e1rea de Servicios Generales. El proyecto, en esta edici\u00f3n, estuvo coordinado por Hortensia Morales Aguilar. El altar en la Casa de la Cultura es una tradici\u00f3n que data desde m\u00e1s de 20 a\u00f1os, iniciada por el entonces encargado del departamento, Rub\u00e9n Mac\u00edas [&hellip;]<\/p>\n","protected":false},"author":1,"featured_media":37048,"comment_status":"closed","ping_status":"open","sticky":false,"template":"","format":"standard","meta":{"advanced_seo_description":"","jetpack_seo_html_title":"","jetpack_seo_noindex":false,"_jetpack_memberships_contains_paid_content":false,"footnotes":"","jetpack_publicize_message":"","jetpack_publicize_feature_enabled":true,"jetpack_social_post_already_shared":true,"jetpack_social_options":{"image_generator_settings":{"template":"highway","default_image_id":0,"font":"","enabled":false},"version":2}},"categories":[21,4],"tags":[22,161,52],"class_list":["post-37038","post","type-post","status-publish","format-standard","has-post-thumbnail","hentry","category-aguascalientes","category-gobierno-del-estado-aguascalientes","tag-aguascalientes","tag-gobierno-del-estado-aguascalientes","tag-ica"],"jetpack_publicize_connections":[],"jetpack_featured_media_url":"https:\/\/i0.wp.com\/informativoelvalledeaguascalientes.online\/wp-content\/uploads\/2022\/10\/8c38f452-f4fc-4276-bed1-5f0ca4ae669c.jpeg?fit=1599%2C1066&ssl=1","jetpack-related-posts":[],"jetpack_sharing_enabled":true,"jetpack_likes_enabled":true,"_links":{"self":[{"href":"https:\/\/informativoelvalledeaguascalientes.online\/index.php?rest_route=\/wp\/v2\/posts\/37038","targetHints":{"allow":["GET"]}}],"collection":[{"href":"https:\/\/informativoelvalledeaguascalientes.online\/index.php?rest_route=\/wp\/v2\/posts"}],"about":[{"href":"https:\/\/informativoelvalledeaguascalientes.online\/index.php?rest_route=\/wp\/v2\/types\/post"}],"author":[{"embeddable":true,"href":"https:\/\/informativoelvalledeaguascalientes.online\/index.php?rest_route=\/wp\/v2\/users\/1"}],"replies":[{"embeddable":true,"href":"https:\/\/informativoelvalledeaguascalientes.online\/index.php?rest_route=%2Fwp%2Fv2%2Fcomments&post=37038"}],"version-history":[{"count":1,"href":"https:\/\/informativoelvalledeaguascalientes.online\/index.php?rest_route=\/wp\/v2\/posts\/37038\/revisions"}],"predecessor-version":[{"id":37050,"href":"https:\/\/informativoelvalledeaguascalientes.online\/index.php?rest_route=\/wp\/v2\/posts\/37038\/revisions\/37050"}],"wp:featuredmedia":[{"embeddable":true,"href":"https:\/\/informativoelvalledeaguascalientes.online\/index.php?rest_route=\/wp\/v2\/media\/37048"}],"wp:attachment":[{"href":"https:\/\/informativoelvalledeaguascalientes.online\/index.php?rest_route=%2Fwp%2Fv2%2Fmedia&parent=37038"}],"wp:term":[{"taxonomy":"category","embeddable":true,"href":"https:\/\/informativoelvalledeaguascalientes.online\/index.php?rest_route=%2Fwp%2Fv2%2Fcategories&post=37038"},{"taxonomy":"post_tag","embeddable":true,"href":"https:\/\/informativoelvalledeaguascalientes.online\/index.php?rest_route=%2Fwp%2Fv2%2Ftags&post=37038"}],"curies":[{"name":"wp","href":"https:\/\/api.w.org\/{rel}","templated":true}]}}