{"id":37021,"date":"2022-10-29T13:34:10","date_gmt":"2022-10-29T19:34:10","guid":{"rendered":"https:\/\/informativoelvalledeaguascalientes.online\/?p=37021"},"modified":"2022-10-29T13:34:10","modified_gmt":"2022-10-29T19:34:10","slug":"caravana-de-salud-canina-y-felina-en-apoyo-a-la-economia-de-propietarios-de-mascotas","status":"publish","type":"post","link":"https:\/\/informativoelvalledeaguascalientes.online\/?p=37021","title":{"rendered":"CARAVANA DE SALUD CANINA Y FELINA EN APOYO A LA ECONOM\u00cdA DE PROPIETARIOS DE MASCOTAS"},"content":{"rendered":"<div id=\"bgLayers_comp-l7sh9ubr2\" class=\"_3wnIc\" data-hook=\"bgLayers\">\n<div id=\"bgMedia_comp-l7sh9ubr2\" class=\"_2GUhU\">\n<p><strong><a href=\"https:\/\/www.facebook.com\/hashtag\/informativoelvalledeaguascalientes\">#informativoelvalledeaguascalientes<\/a><\/strong><\/p>\n<p><strong><a href=\"https:\/\/www.facebook.com\/hashtag\/novaradioaguascalientes\">#novaradioaguascalientes<\/a><\/strong><\/p>\n<\/div>\n<\/div>\n<div class=\"\" data-mesh-id=\"comp-l7sh9ubr2inlineContent\" data-testid=\"inline-content\">\n<div data-mesh-id=\"comp-l7sh9ubr2inlineContent-gridContainer\" data-testid=\"mesh-container-content\">\n<div id=\"comp-l7sh9ubx\" class=\"_2PSyL\">\n<div class=\"comp-l7sh9ubx\">\n<div class=\"s1IW4b\" data-hook=\"ricosviewer-wrapper\">\n<div class=\"kvdbP _1O7aH\" dir=\"ltr\" data-id=\"rich-content-viewer\">\n<div class=\"_1hN1O _3EPBy\">\n<p id=\"viewer-foo\" class=\"mm8Nw _1j-51 _1FoOD _78FBa public-DraftStyleDefault-block-depth0 fixed-tab-size public-DraftStyleDefault-text-ltr\"><span class=\"_2PHJq public-DraftStyleDefault-ltr\">En apoyo a los propietarios de alguna mascota, se realiz\u00f3 la Caravana de la Salud Canina y Felina en el fraccionamiento Solidaridad IV, acercando servicios de atenci\u00f3n veterinaria, esterilizaciones caninas y felinas, est\u00e9tica y aplicaci\u00f3n de vacunas a cachorros y perros adultos. En esta ocasi\u00f3n se realizaron 300 servicios.\u00a0<\/span><\/p>\n<div id=\"viewer-rpg4q3375\" class=\"mm8Nw _1j-51 _1FoOD _78FBa public-DraftStyleDefault-block-depth0 fixed-tab-size public-DraftStyleDefault-text-ltr\"><span class=\"_2PHJq public-DraftStyleDefault-ltr\">\u00a0<\/span><\/div>\n<p id=\"viewer-44ogs3054\" class=\"mm8Nw _1j-51 _1FoOD _78FBa public-DraftStyleDefault-block-depth0 fixed-tab-size public-DraftStyleDefault-text-ltr\"><span class=\"_2PHJq public-DraftStyleDefault-ltr\">Esta actividad se realiza una vez al mes en diversos puntos del estado, con el fin de acercar a las familias la posibilidad de atender a sus mascotas; todo ello en apoyo a la econom\u00eda familiar y considerando que en varias comunidades y puntos del estado no hay acceso a servicios de este tipo debido a la lejan\u00eda de sus comunidades.<\/span><\/p>\n<div id=\"viewer-65jdj3463\" class=\"mm8Nw _1j-51 _1FoOD _78FBa public-DraftStyleDefault-block-depth0 fixed-tab-size public-DraftStyleDefault-text-ltr\"><span class=\"_2PHJq public-DraftStyleDefault-ltr\">\u00a0<\/span><\/div>\n<p id=\"viewer-gwmso3056\" class=\"mm8Nw _1j-51 _1FoOD _78FBa public-DraftStyleDefault-block-depth0 fixed-tab-size public-DraftStyleDefault-text-ltr\"><span class=\"_2PHJq public-DraftStyleDefault-ltr\">Cabe hacer menci\u00f3n que gracias a la suma de voluntades de la Secretar\u00eda de Salud del Estado; el Centro de Control y Bienestar Canino y Felino del Municipio de Aguascalientes; la Asociaci\u00f3n Civil Para\u00edso de Mascotas; cl\u00ednicas veterinarias y el Colegio Estatal de M\u00e9dicos Veterinarios; as\u00ed como voluntarios de la Universidad Cuauht\u00e9moc, es que se logra realizar estas caravanas.<\/span><\/p>\n<div id=\"viewer-a7c313554\" class=\"mm8Nw _1j-51 _1FoOD _78FBa public-DraftStyleDefault-block-depth0 fixed-tab-size public-DraftStyleDefault-text-ltr\"><span class=\"_2PHJq public-DraftStyleDefault-ltr\">\u00a0<\/span><\/div>\n<p id=\"viewer-ykczx3058\" class=\"mm8Nw _1j-51 _1FoOD _78FBa public-DraftStyleDefault-block-depth0 fixed-tab-size public-DraftStyleDefault-text-ltr\"><span class=\"_2PHJq public-DraftStyleDefault-ltr\">La Procuradur\u00eda Estatal de Protecci\u00f3n al Ambiente (PROESPA), pone a disposici\u00f3n de la ciudadan\u00eda el tel\u00e9fono 449 917 10 51 para aquellos casos en que se requiera orientaci\u00f3n\u00a0 o realizar un reporte respecto a la tenencia responsable de animales de compa\u00f1\u00eda.<\/span><\/p>\n<div id=\"viewer-xwlkz3648\" class=\"mm8Nw _1j-51 _1FoOD _78FBa public-DraftStyleDefault-block-depth0 fixed-tab-size public-DraftStyleDefault-text-ltr\"><span class=\"_2PHJq public-DraftStyleDefault-ltr\">\u00a0<\/span><\/div>\n<p id=\"viewer-4viqt3060\" class=\"mm8Nw _1j-51 _1FoOD _78FBa public-DraftStyleDefault-block-depth0 fixed-tab-size public-DraftStyleDefault-text-ltr\"><span class=\"_2PHJq public-DraftStyleDefault-ltr\">Al evento inaugural acudieron H\u00e9ctor Eduardo Anaya P\u00e9rez, procurador estatal de Protecci\u00f3n al Ambiente; y Genny Janeth L\u00f3pez Valenzuela, diputada presidenta de la Comisi\u00f3n de Medio Ambiente, Recursos Naturales y Cambio Clim\u00e1tico de la LXV Legislatura.<\/span><\/p>\n<\/div>\n<\/div>\n<\/div>\n<\/div>\n<\/div>\n<\/div>\n<\/div>\n","protected":false},"excerpt":{"rendered":"<p>#informativoelvalledeaguascalientes #novaradioaguascalientes En apoyo a los propietarios de alguna mascota, se realiz\u00f3 la Caravana de la Salud Canina y Felina en el fraccionamiento Solidaridad IV, acercando servicios de atenci\u00f3n veterinaria, esterilizaciones caninas y felinas, est\u00e9tica y aplicaci\u00f3n de vacunas a cachorros y perros adultos. En esta ocasi\u00f3n se realizaron 300 servicios.\u00a0 \u00a0 Esta actividad se [&hellip;]<\/p>\n","protected":false},"author":1,"featured_media":37022,"comment_status":"closed","ping_status":"open","sticky":false,"template":"","format":"standard","meta":{"advanced_seo_description":"","jetpack_seo_html_title":"","jetpack_seo_noindex":false,"_jetpack_memberships_contains_paid_content":false,"footnotes":"","jetpack_publicize_message":"","jetpack_publicize_feature_enabled":true,"jetpack_social_post_already_shared":true,"jetpack_social_options":{"image_generator_settings":{"template":"highway","default_image_id":0,"font":"","enabled":false},"version":2}},"categories":[21],"tags":[22,161,86],"class_list":["post-37021","post","type-post","status-publish","format-standard","has-post-thumbnail","hentry","category-aguascalientes","tag-aguascalientes","tag-gobierno-del-estado-aguascalientes","tag-proespa"],"jetpack_publicize_connections":[],"jetpack_featured_media_url":"https:\/\/i0.wp.com\/informativoelvalledeaguascalientes.online\/wp-content\/uploads\/2022\/10\/img_7157-scaled.jpg?fit=2560%2C1707&ssl=1","jetpack-related-posts":[],"jetpack_sharing_enabled":true,"jetpack_likes_enabled":true,"_links":{"self":[{"href":"https:\/\/informativoelvalledeaguascalientes.online\/index.php?rest_route=\/wp\/v2\/posts\/37021","targetHints":{"allow":["GET"]}}],"collection":[{"href":"https:\/\/informativoelvalledeaguascalientes.online\/index.php?rest_route=\/wp\/v2\/posts"}],"about":[{"href":"https:\/\/informativoelvalledeaguascalientes.online\/index.php?rest_route=\/wp\/v2\/types\/post"}],"author":[{"embeddable":true,"href":"https:\/\/informativoelvalledeaguascalientes.online\/index.php?rest_route=\/wp\/v2\/users\/1"}],"replies":[{"embeddable":true,"href":"https:\/\/informativoelvalledeaguascalientes.online\/index.php?rest_route=%2Fwp%2Fv2%2Fcomments&post=37021"}],"version-history":[{"count":1,"href":"https:\/\/informativoelvalledeaguascalientes.online\/index.php?rest_route=\/wp\/v2\/posts\/37021\/revisions"}],"predecessor-version":[{"id":37023,"href":"https:\/\/informativoelvalledeaguascalientes.online\/index.php?rest_route=\/wp\/v2\/posts\/37021\/revisions\/37023"}],"wp:featuredmedia":[{"embeddable":true,"href":"https:\/\/informativoelvalledeaguascalientes.online\/index.php?rest_route=\/wp\/v2\/media\/37022"}],"wp:attachment":[{"href":"https:\/\/informativoelvalledeaguascalientes.online\/index.php?rest_route=%2Fwp%2Fv2%2Fmedia&parent=37021"}],"wp:term":[{"taxonomy":"category","embeddable":true,"href":"https:\/\/informativoelvalledeaguascalientes.online\/index.php?rest_route=%2Fwp%2Fv2%2Fcategories&post=37021"},{"taxonomy":"post_tag","embeddable":true,"href":"https:\/\/informativoelvalledeaguascalientes.online\/index.php?rest_route=%2Fwp%2Fv2%2Ftags&post=37021"}],"curies":[{"name":"wp","href":"https:\/\/api.w.org\/{rel}","templated":true}]}}