{"id":37013,"date":"2022-10-29T13:25:29","date_gmt":"2022-10-29T19:25:29","guid":{"rendered":"https:\/\/informativoelvalledeaguascalientes.online\/?p=37013"},"modified":"2022-10-29T13:25:29","modified_gmt":"2022-10-29T19:25:29","slug":"rindio-protesta-la-primera-directora-del-implan-austria-gabriela-davila-de-la-llave","status":"publish","type":"post","link":"https:\/\/informativoelvalledeaguascalientes.online\/?p=37013","title":{"rendered":"RINDI\u00d3 PROTESTA LA PRIMERA DIRECTORA DEL IMPLAN, AUSTRIA GABRIELA D\u00c1VILA DE LA LLAVE"},"content":{"rendered":"<p><strong><a href=\"https:\/\/www.facebook.com\/hashtag\/informativoelvalledeaguascalientes\">#informativoelvalledeaguascalientes<\/a><\/strong><\/p>\n<p><strong><a href=\"https:\/\/www.facebook.com\/hashtag\/novaradioaguascalientes\">#novaradioaguascalientes<\/a><\/strong><\/p>\n<p><strong><a class=\"x1i10hfl xjbqb8w x6umtig x1b1mbwd xaqea5y xav7gou x9f619 x1ypdohk xt0psk2 xe8uvvx xdj266r x11i5rnm xat24cr x1mh8g0r xexx8yu x4uap5 x18d9i69 xkhd6sd x16tdsg8 x1hl2dhg xggy1nq x1a2a7pz xt0b8zv x1qq9wsj xo1l8bm\" tabindex=\"0\" role=\"link\" href=\"https:\/\/www.facebook.com\/hashtag\/laciudaddetuvida?__eep__=6&amp;__cft__[0]=AZVUzG-uzEgkHBxlWi4clX4-qXx_nfGicugdShvx3oYxvDeUIl1My5bfFXiXTmVU7O9FCNwHdVuQiVqIjO99-u7dxeUq1S3CqcB1PNpBXLQtm-Q1JLiRFFX8c4SEMe3VqRRgSs9kS8-Ajp6HnW6ebLd3GeB3j-SCsEGrTUVXz1WdbDeQs8bs0Dry33nLaV6fVU4&amp;__tn__=*NK-R\">#LaCiudadDeTuVida<\/a><\/strong><\/p>\n<div class=\"opinion-section opinion-single-cover opinion-indent opinion-overlay\">\n<div class=\"container\">\n<div class=\"section-head row justify-content-center text-center\">\n<div class=\"col-12 col-md-8\"><\/div>\n<\/div>\n<\/div>\n<\/div>\n<div class=\"opinion-section\">\n<div class=\"container\">\n<div class=\"section-content row justify-content-center\">\n<div class=\"col-12 col-lg-8 opinion-order-1\">\n<article class=\"opinion-post opinion-single post-52628 post type-post status-publish format-standard has-post-thumbnail hentry category-implan tag-directora-del-implan tag-sesion-junta-de-gobierno-del-implan\">\n<div class=\"entry-content\">\n<div class=\"meks_ess layout-1-1 rectangle no-labels solid\"><\/div>\n<ul>\n<li><strong>Arquitecta y maestra en Dise\u00f1o Urbano, primera directora del Instituto, se comprometi\u00f3 a trabajar en apego al desarrollo ordenado y sustentable del municipio de Aguascalientes<\/strong><\/li>\n<\/ul>\n<p>El presidente municipal,\u00a0<strong>Leonardo Monta\u00f1ez<\/strong>, tom\u00f3 protesta a\u00a0<strong>Austria Gabriela D\u00e1vila de la Llave<\/strong>, como directora del Instituto Municipal de Planeaci\u00f3n y Evaluaci\u00f3n del Municipio de Aguascalientes (IMPLAN), quien se comprometi\u00f3 a impulsar el trabajo de la dependencia encaminado al desarrollo ordenado y sustentable de la ciudad.<\/p>\n<p>La Junta de Gobierno del IMPLAN por unanimidad vot\u00f3 a favor de que\u00a0<strong>Austria Gabriela D\u00e1vila,<\/strong>\u00a0sea la primera mujer en encabezar el Instituto. Es arquitecta y maestra en Dise\u00f1o Urbano y cuenta con m\u00e1s de 20 a\u00f1os de experiencia en el servicio p\u00fablico en planeaci\u00f3n, urbanismo y movilidad.<\/p>\n<p>En la sesi\u00f3n, la directora del IMPLAN coincidi\u00f3 con el presidente municipal, as\u00ed como con los regidores\u00a0<strong>Mirna Rubiela Medina Ruvalcaba, Citlalli Rodr\u00edguez Gonz\u00e1lez, Edgar Due\u00f1as Mac\u00edas y Luis Armando Salazar Mora<\/strong>, en promover proyectos a favor de mejores servicios p\u00fablicos, obras, vivienda vertical, medio ambiente, agua y alcantarillado.<\/p>\n<p>Se cont\u00f3 con la presencia en el evento celebrado en el sal\u00f3n Presidentes de Palacio Municipal, de\u00a0<strong>Sergio Arturo Lozano Gonz\u00e1lez<\/strong>, secretario de Finanzas Municipales;\u00a0<strong>Brenda Ivette Resendiz Mac\u00edas<\/strong>, titular del \u00d3rgano Interno de Control;\u00a0<strong>Arturo Gonz\u00e1lez Estrada<\/strong>, jefe de la Oficina Ejecutiva del Presidente Municipal y\u00a0<strong>Ernesto Mart\u00ednez Quezada<\/strong>, en representaci\u00f3n del Consejo Consultivo del IMPLAN.<\/p>\n<\/div>\n<\/article>\n<\/div>\n<\/div>\n<\/div>\n<\/div>\n","protected":false},"excerpt":{"rendered":"<p>#informativoelvalledeaguascalientes #novaradioaguascalientes #LaCiudadDeTuVida Arquitecta y maestra en Dise\u00f1o Urbano, primera directora del Instituto, se comprometi\u00f3 a trabajar en apego al desarrollo ordenado y sustentable del municipio de Aguascalientes El presidente municipal,\u00a0Leonardo Monta\u00f1ez, tom\u00f3 protesta a\u00a0Austria Gabriela D\u00e1vila de la Llave, como directora del Instituto Municipal de Planeaci\u00f3n y Evaluaci\u00f3n del Municipio de Aguascalientes (IMPLAN), quien [&hellip;]<\/p>\n","protected":false},"author":1,"featured_media":37016,"comment_status":"closed","ping_status":"open","sticky":false,"template":"","format":"standard","meta":{"advanced_seo_description":"","jetpack_seo_html_title":"","jetpack_seo_noindex":false,"_jetpack_memberships_contains_paid_content":false,"footnotes":"","jetpack_publicize_message":"","jetpack_publicize_feature_enabled":true,"jetpack_social_post_already_shared":true,"jetpack_social_options":{"image_generator_settings":{"template":"highway","default_image_id":0,"font":"","enabled":false},"version":2}},"categories":[21,3],"tags":[22,108],"class_list":["post-37013","post","type-post","status-publish","format-standard","has-post-thumbnail","hentry","category-aguascalientes","category-municipio-aguascalientes","tag-aguascalientes","tag-mpio-aguascalientes-implan"],"jetpack_publicize_connections":[],"jetpack_featured_media_url":"https:\/\/i0.wp.com\/informativoelvalledeaguascalientes.online\/wp-content\/uploads\/2022\/10\/MPIO-AGS-IMPLAN-DIRECTORA.jpg?fit=1564%2C383&ssl=1","jetpack-related-posts":[],"jetpack_sharing_enabled":true,"jetpack_likes_enabled":true,"_links":{"self":[{"href":"https:\/\/informativoelvalledeaguascalientes.online\/index.php?rest_route=\/wp\/v2\/posts\/37013","targetHints":{"allow":["GET"]}}],"collection":[{"href":"https:\/\/informativoelvalledeaguascalientes.online\/index.php?rest_route=\/wp\/v2\/posts"}],"about":[{"href":"https:\/\/informativoelvalledeaguascalientes.online\/index.php?rest_route=\/wp\/v2\/types\/post"}],"author":[{"embeddable":true,"href":"https:\/\/informativoelvalledeaguascalientes.online\/index.php?rest_route=\/wp\/v2\/users\/1"}],"replies":[{"embeddable":true,"href":"https:\/\/informativoelvalledeaguascalientes.online\/index.php?rest_route=%2Fwp%2Fv2%2Fcomments&post=37013"}],"version-history":[{"count":1,"href":"https:\/\/informativoelvalledeaguascalientes.online\/index.php?rest_route=\/wp\/v2\/posts\/37013\/revisions"}],"predecessor-version":[{"id":37019,"href":"https:\/\/informativoelvalledeaguascalientes.online\/index.php?rest_route=\/wp\/v2\/posts\/37013\/revisions\/37019"}],"wp:featuredmedia":[{"embeddable":true,"href":"https:\/\/informativoelvalledeaguascalientes.online\/index.php?rest_route=\/wp\/v2\/media\/37016"}],"wp:attachment":[{"href":"https:\/\/informativoelvalledeaguascalientes.online\/index.php?rest_route=%2Fwp%2Fv2%2Fmedia&parent=37013"}],"wp:term":[{"taxonomy":"category","embeddable":true,"href":"https:\/\/informativoelvalledeaguascalientes.online\/index.php?rest_route=%2Fwp%2Fv2%2Fcategories&post=37013"},{"taxonomy":"post_tag","embeddable":true,"href":"https:\/\/informativoelvalledeaguascalientes.online\/index.php?rest_route=%2Fwp%2Fv2%2Ftags&post=37013"}],"curies":[{"name":"wp","href":"https:\/\/api.w.org\/{rel}","templated":true}]}}