{"id":36982,"date":"2022-10-27T15:42:20","date_gmt":"2022-10-27T21:42:20","guid":{"rendered":"https:\/\/informativoelvalledeaguascalientes.online\/?p=36982"},"modified":"2022-10-27T15:42:20","modified_gmt":"2022-10-27T21:42:20","slug":"se-instalara-pabellon-turistico-por-el-dia-de-muertos-29-y-30-de-octubre-en-palacio-municipal","status":"publish","type":"post","link":"https:\/\/informativoelvalledeaguascalientes.online\/?p=36982","title":{"rendered":"SE INSTALAR\u00c1 PABELL\u00d3N TUR\u00cdSTICO POR EL D\u00cdA DE MUERTOS 29 Y 30 DE OCTUBRE EN PALACIO MUNICIPAL"},"content":{"rendered":"<p><strong><a href=\"https:\/\/www.facebook.com\/hashtag\/informativoelvalledeaguascalientes\">#informativoelvalledeaguascalientes<\/a><\/strong><\/p>\n<p><strong><a href=\"https:\/\/www.facebook.com\/hashtag\/novaradioaguascalientes\">#novaradioaguascalientes<\/a><\/strong><\/p>\n<p>En el marco del Festival de Calaveras, la Presidencia Municipal de Aguascalientes, a trav\u00e9s de la Secretar\u00eda de Econom\u00eda Social y Turismo Municipal (SETUM), instalar\u00e1 el Pabell\u00f3n Tur\u00edstico por el D\u00eda de Muertos, los pr\u00f3ximos d\u00edas 29 y 30 de octubre en los portales de Palacio Municipal.<\/p>\n<p>El director de Econom\u00eda de la SETUM,\u00a0<strong>Francisco Javier S\u00e1nchez L\u00f3pez<\/strong>, inform\u00f3 que cerca de 20 emprendedores locales mostrar\u00e1n sus productos de 14:00 a 22:00 horas; a\u00f1adi\u00f3 que este Pabell\u00f3n Tur\u00edstico es un escaparate para continuar con el impulso a la econom\u00eda local y el talento de la gente de Aguascalientes.<\/p>\n","protected":false},"excerpt":{"rendered":"<p>#informativoelvalledeaguascalientes #novaradioaguascalientes En el marco del Festival de Calaveras, la Presidencia Municipal de Aguascalientes, a trav\u00e9s de la Secretar\u00eda de Econom\u00eda Social y Turismo Municipal (SETUM), instalar\u00e1 el Pabell\u00f3n Tur\u00edstico por el D\u00eda de Muertos, los pr\u00f3ximos d\u00edas 29 y 30 de octubre en los portales de Palacio Municipal. El director de Econom\u00eda de la [&hellip;]<\/p>\n","protected":false},"author":1,"featured_media":36983,"comment_status":"closed","ping_status":"open","sticky":false,"template":"","format":"standard","meta":{"advanced_seo_description":"","jetpack_seo_html_title":"","jetpack_seo_noindex":false,"_jetpack_memberships_contains_paid_content":false,"footnotes":"","jetpack_publicize_message":"","jetpack_publicize_feature_enabled":true,"jetpack_social_post_already_shared":true,"jetpack_social_options":{"image_generator_settings":{"template":"highway","default_image_id":0,"font":"","enabled":false},"version":2}},"categories":[21,3],"tags":[22,25,124],"class_list":["post-36982","post","type-post","status-publish","format-standard","has-post-thumbnail","hentry","category-aguascalientes","category-municipio-aguascalientes","tag-aguascalientes","tag-mpio-aguascalientes","tag-mpio-aguascalientes-setum"],"jetpack_publicize_connections":[],"jetpack_featured_media_url":"https:\/\/i0.wp.com\/informativoelvalledeaguascalientes.online\/wp-content\/uploads\/2022\/10\/WhatsApp-Image-2022-10-27-at-11.24.59.jpeg?fit=1280%2C1280&ssl=1","jetpack-related-posts":[],"jetpack_sharing_enabled":true,"jetpack_likes_enabled":true,"_links":{"self":[{"href":"https:\/\/informativoelvalledeaguascalientes.online\/index.php?rest_route=\/wp\/v2\/posts\/36982","targetHints":{"allow":["GET"]}}],"collection":[{"href":"https:\/\/informativoelvalledeaguascalientes.online\/index.php?rest_route=\/wp\/v2\/posts"}],"about":[{"href":"https:\/\/informativoelvalledeaguascalientes.online\/index.php?rest_route=\/wp\/v2\/types\/post"}],"author":[{"embeddable":true,"href":"https:\/\/informativoelvalledeaguascalientes.online\/index.php?rest_route=\/wp\/v2\/users\/1"}],"replies":[{"embeddable":true,"href":"https:\/\/informativoelvalledeaguascalientes.online\/index.php?rest_route=%2Fwp%2Fv2%2Fcomments&post=36982"}],"version-history":[{"count":1,"href":"https:\/\/informativoelvalledeaguascalientes.online\/index.php?rest_route=\/wp\/v2\/posts\/36982\/revisions"}],"predecessor-version":[{"id":36984,"href":"https:\/\/informativoelvalledeaguascalientes.online\/index.php?rest_route=\/wp\/v2\/posts\/36982\/revisions\/36984"}],"wp:featuredmedia":[{"embeddable":true,"href":"https:\/\/informativoelvalledeaguascalientes.online\/index.php?rest_route=\/wp\/v2\/media\/36983"}],"wp:attachment":[{"href":"https:\/\/informativoelvalledeaguascalientes.online\/index.php?rest_route=%2Fwp%2Fv2%2Fmedia&parent=36982"}],"wp:term":[{"taxonomy":"category","embeddable":true,"href":"https:\/\/informativoelvalledeaguascalientes.online\/index.php?rest_route=%2Fwp%2Fv2%2Fcategories&post=36982"},{"taxonomy":"post_tag","embeddable":true,"href":"https:\/\/informativoelvalledeaguascalientes.online\/index.php?rest_route=%2Fwp%2Fv2%2Ftags&post=36982"}],"curies":[{"name":"wp","href":"https:\/\/api.w.org\/{rel}","templated":true}]}}