{"id":36883,"date":"2022-10-25T16:40:32","date_gmt":"2022-10-25T22:40:32","guid":{"rendered":"https:\/\/informativoelvalledeaguascalientes.online\/?p=36883"},"modified":"2022-10-25T16:40:32","modified_gmt":"2022-10-25T22:40:32","slug":"productores-de-aguascalientes-presentes-en-el-festival-cultural-de-calaveras-2022","status":"publish","type":"post","link":"https:\/\/informativoelvalledeaguascalientes.online\/?p=36883","title":{"rendered":"PRODUCTORES DE AGUASCALIENTES PRESENTES EN EL FESTIVAL CULTURAL DE CALAVERAS 2022"},"content":{"rendered":"<p><strong><a href=\"https:\/\/www.facebook.com\/hashtag\/informativoelvalledeaguascalientes\">#informativoelvalledeaguascalientes<\/a><\/strong><\/p>\n<p><strong><a href=\"https:\/\/www.facebook.com\/hashtag\/novaradioaguascalientes\">#novaradioaguascalientes<\/a><\/strong><\/p>\n<p><strong><a href=\"https:\/\/www.facebook.com\/GobiernodeAguascalientes\">#ElGiganteDeMexico<\/a><\/strong><\/p>\n<div id=\"bgLayers_comp-l7sh9ubr2\" class=\"_3wnIc\" data-hook=\"bgLayers\"><\/div>\n<div class=\"\" data-mesh-id=\"comp-l7sh9ubr2inlineContent\" data-testid=\"inline-content\">\n<div data-mesh-id=\"comp-l7sh9ubr2inlineContent-gridContainer\" data-testid=\"mesh-container-content\">\n<div id=\"comp-l7yvxqo2\" class=\"XUUsC\">\n<div class=\"xQ_iF\" data-testid=\"linkElement\"><\/div>\n<\/div>\n<div id=\"comp-l7sh9ubx\" class=\"_2PSyL\">\n<div class=\"comp-l7sh9ubx\">\n<div class=\"s1IW4b\" data-hook=\"ricosviewer-wrapper\">\n<div class=\"kvdbP _1O7aH\" dir=\"ltr\" data-id=\"rich-content-viewer\">\n<div class=\"_1hN1O _3EPBy\">\n<ul class=\"public-DraftStyleDefault-ul\">\n<li id=\"viewer-foo\" class=\"_3Kjjs _78FBa public-DraftStyleDefault-unorderedListItem public-DraftStyleDefault-depth0 public-DraftStyleDefault-list-ltr fixed-tab-size public-DraftStyleDefault-reset _1FoOD _78FBa\">\n<p class=\"_1j-51 _1FoOD _78FBa undefined\"><strong><em>A trav\u00e9s de la agroindustria se dar\u00e1 impulso al turismo de Aguascalientes a nivel local, regional e internacional<\/em><\/strong><em>\u00a0<\/em><\/p>\n<\/li>\n<\/ul>\n<div id=\"viewer-2wayq991\" class=\"mm8Nw _1j-51 _1FoOD _78FBa public-DraftStyleDefault-block-depth0 fixed-tab-size public-DraftStyleDefault-text-ltr\"><span class=\"_2PHJq public-DraftStyleDefault-ltr\">\u00a0<\/span><\/div>\n<ul class=\"public-DraftStyleDefault-ul\">\n<li id=\"viewer-1ueby728\" class=\"_3Kjjs _78FBa public-DraftStyleDefault-unorderedListItem public-DraftStyleDefault-depth0 public-DraftStyleDefault-list-ltr fixed-tab-size public-DraftStyleDefault-reset _1FoOD _78FBa\">\n<p class=\"_1j-51 _1FoOD _78FBa undefined\"><strong><em>Cerca de 50 expositores participar\u00e1n en el pabell\u00f3n \u201cEl Gigante de M\u00e9xico\u201d para promocionar los productos hechos en el estado<\/em><\/strong><em>\u00a0<\/em><\/p>\n<\/li>\n<\/ul>\n<div id=\"viewer-sm9xg1351\" class=\"mm8Nw _1j-51 _1FoOD _78FBa public-DraftStyleDefault-block-depth0 fixed-tab-size public-DraftStyleDefault-text-ltr\"><span class=\"_2PHJq public-DraftStyleDefault-ltr\">\u00a0<\/span><\/div>\n<p id=\"viewer-c95od1450\" class=\"mm8Nw _1j-51 _1FoOD _78FBa public-DraftStyleDefault-block-depth0 fixed-tab-size public-DraftStyleDefault-text-ltr\"><span class=\"_2PHJq public-DraftStyleDefault-ltr\">El Festival Cultural de Calaveras \u201cVive la Catrina 2022\u201d ser\u00e1 el escenario perfecto para que los agroproductores locales den muestra de los productos que se cultivan en la tierra de Aguascalientes. \u00a0<\/span><\/p>\n<p id=\"viewer-y06x91525\" class=\"mm8Nw _1j-51 _1FoOD _78FBa public-DraftStyleDefault-block-depth0 fixed-tab-size public-DraftStyleDefault-text-ltr\"><span class=\"_2PHJq public-DraftStyleDefault-ltr\">\u00a0<\/span><\/p>\n<p id=\"viewer-fbzh31527\" class=\"mm8Nw _1j-51 _1FoOD _78FBa public-DraftStyleDefault-block-depth0 fixed-tab-size public-DraftStyleDefault-text-ltr\"><span class=\"_2PHJq public-DraftStyleDefault-ltr\">El secretario de Desarrollo Rural y Agroempresarial, Isidoro Armend\u00e1riz, se\u00f1al\u00f3 que por instrucci\u00f3n de la gobernadora se impulsar\u00e1n y abrir\u00e1n mercados para productores locales; de ah\u00ed que, cerca de 50 expositores con productos de elaboraci\u00f3n artesanal participar\u00e1n en el pabell\u00f3n \u201cEl Gigante de M\u00e9xico\u201d durante los festejos con motivo del D\u00eda de Muertos.\u00a0<\/span><\/p>\n<p id=\"viewer-ikgrg1529\" class=\"mm8Nw _1j-51 _1FoOD _78FBa public-DraftStyleDefault-block-depth0 fixed-tab-size public-DraftStyleDefault-text-ltr\"><span class=\"_2PHJq public-DraftStyleDefault-ltr\">\u00a0<\/span><\/p>\n<p id=\"viewer-rhcag1531\" class=\"mm8Nw _1j-51 _1FoOD _78FBa public-DraftStyleDefault-block-depth0 fixed-tab-size public-DraftStyleDefault-text-ltr\"><span class=\"_2PHJq public-DraftStyleDefault-ltr\">En esta importante muestra, los visitantes podr\u00e1n degustar alimentos como: quesos, vinos, cerveza y pan artesanal, mezcales, botanas, miel y sus derivados, licores, productos de guayaba, carnes secas, salsas, aderezos, productos derivados del ma\u00edz, textiles, cosm\u00e9ticos, artesan\u00edas, bisuter\u00eda, entre otros.\u00a0<\/span><\/p>\n<p id=\"viewer-evlfr1533\" class=\"mm8Nw _1j-51 _1FoOD _78FBa public-DraftStyleDefault-block-depth0 fixed-tab-size public-DraftStyleDefault-text-ltr\"><span class=\"_2PHJq public-DraftStyleDefault-ltr\">\u00a0<\/span><\/p>\n<p id=\"viewer-59fny1535\" class=\"mm8Nw _1j-51 _1FoOD _78FBa public-DraftStyleDefault-block-depth0 fixed-tab-size public-DraftStyleDefault-text-ltr\"><span class=\"_2PHJq public-DraftStyleDefault-ltr\">En este sentido, Isidoro Armend\u00e1riz afirm\u00f3 que \u201cla gobernadora nos ha pedido que la consolidaci\u00f3n del campo de Aguascalientes pueda darse en sus distintas vertientes; una de suma importancia es la comercializaci\u00f3n y exposici\u00f3n de los productos. Esta vez estar\u00e1n en el Festival Cultural de Calaveras y paulatinamente los presentaremos en otros foros de distintos niveles; pensemos en lo nacional y tambi\u00e9n en el mercado internacional\u201d. \u00a0<\/span><\/p>\n<div id=\"viewer-3glav3978\" class=\"mm8Nw _1j-51 _1FoOD _78FBa public-DraftStyleDefault-block-depth0 fixed-tab-size public-DraftStyleDefault-text-ltr\"><span class=\"_2PHJq public-DraftStyleDefault-ltr\">\u00a0<\/span><\/div>\n<p id=\"viewer-nb13y1537\" class=\"mm8Nw _1j-51 _1FoOD _78FBa public-DraftStyleDefault-block-depth0 fixed-tab-size public-DraftStyleDefault-text-ltr\"><span class=\"_2PHJq public-DraftStyleDefault-ltr\">El titular de SEDRAE destac\u00f3 la importancia de este tipo de eventos para los agroindustriales, ya que son importantes escaparates comerciales para el turismo local, regional y nacional. En \u201cEl Gigante de M\u00e9xico\u201d, los visitantes podr\u00e1n conocer, promocionar, degustar y comprar los diferentes productos que se elaboran en los 11 municipios de Aguascalientes. \u00a0<\/span><\/p>\n<p id=\"viewer-37oty1539\" class=\"mm8Nw _1j-51 _1FoOD _78FBa public-DraftStyleDefault-block-depth0 fixed-tab-size public-DraftStyleDefault-text-ltr\"><span class=\"_2PHJq public-DraftStyleDefault-ltr\">\u00a0<\/span><\/p>\n<p id=\"viewer-2igkx1541\" class=\"mm8Nw _1j-51 _1FoOD _78FBa public-DraftStyleDefault-block-depth0 fixed-tab-size public-DraftStyleDefault-text-ltr\"><span class=\"_2PHJq public-DraftStyleDefault-ltr\">Finalmente, Isidoro Armend\u00e1riz indic\u00f3 que el corredor estar\u00e1 adaptado para ser un espacio totalmente familiar y estar\u00e1 ubicado en el Centro Hist\u00f3rico de nuestra ciudad capital, en el andador 5 de Mayo, a un costado del Palacio de Gobierno, del 28 de octubre al 2 de noviembre con un horario de 10:00 de la ma\u00f1ana a 10:00 de la noche; la entrada ser\u00e1 totalmente gratuita. En esta ocasi\u00f3n, el evento es organizado de manera conjunta con la Secretar\u00eda de Desarrollo Econ\u00f3mico, Ciencia y Tecnolog\u00eda (Sedecyt).\u00a0<\/span><\/p>\n<\/div>\n<\/div>\n<\/div>\n<\/div>\n<\/div>\n<\/div>\n<\/div>\n","protected":false},"excerpt":{"rendered":"<p>#informativoelvalledeaguascalientes #novaradioaguascalientes #ElGiganteDeMexico A trav\u00e9s de la agroindustria se dar\u00e1 impulso al turismo de Aguascalientes a nivel local, regional e internacional\u00a0 \u00a0 Cerca de 50 expositores participar\u00e1n en el pabell\u00f3n \u201cEl Gigante de M\u00e9xico\u201d para promocionar los productos hechos en el estado\u00a0 \u00a0 El Festival Cultural de Calaveras \u201cVive la Catrina 2022\u201d ser\u00e1 el escenario [&hellip;]<\/p>\n","protected":false},"author":1,"featured_media":36884,"comment_status":"closed","ping_status":"open","sticky":false,"template":"","format":"standard","meta":{"advanced_seo_description":"","jetpack_seo_html_title":"","jetpack_seo_noindex":false,"_jetpack_memberships_contains_paid_content":false,"footnotes":"","jetpack_publicize_message":"","jetpack_publicize_feature_enabled":true,"jetpack_social_post_already_shared":true,"jetpack_social_options":{"image_generator_settings":{"template":"highway","default_image_id":0,"font":"","enabled":false},"version":2}},"categories":[21,4],"tags":[22,106],"class_list":["post-36883","post","type-post","status-publish","format-standard","has-post-thumbnail","hentry","category-aguascalientes","category-gobierno-del-estado-aguascalientes","tag-aguascalientes","tag-sedrae"],"jetpack_publicize_connections":[],"jetpack_featured_media_url":"https:\/\/i0.wp.com\/informativoelvalledeaguascalientes.online\/wp-content\/uploads\/2022\/10\/sedrae.webp?fit=629%2C420&ssl=1","jetpack-related-posts":[],"jetpack_sharing_enabled":true,"jetpack_likes_enabled":true,"_links":{"self":[{"href":"https:\/\/informativoelvalledeaguascalientes.online\/index.php?rest_route=\/wp\/v2\/posts\/36883","targetHints":{"allow":["GET"]}}],"collection":[{"href":"https:\/\/informativoelvalledeaguascalientes.online\/index.php?rest_route=\/wp\/v2\/posts"}],"about":[{"href":"https:\/\/informativoelvalledeaguascalientes.online\/index.php?rest_route=\/wp\/v2\/types\/post"}],"author":[{"embeddable":true,"href":"https:\/\/informativoelvalledeaguascalientes.online\/index.php?rest_route=\/wp\/v2\/users\/1"}],"replies":[{"embeddable":true,"href":"https:\/\/informativoelvalledeaguascalientes.online\/index.php?rest_route=%2Fwp%2Fv2%2Fcomments&post=36883"}],"version-history":[{"count":1,"href":"https:\/\/informativoelvalledeaguascalientes.online\/index.php?rest_route=\/wp\/v2\/posts\/36883\/revisions"}],"predecessor-version":[{"id":36885,"href":"https:\/\/informativoelvalledeaguascalientes.online\/index.php?rest_route=\/wp\/v2\/posts\/36883\/revisions\/36885"}],"wp:featuredmedia":[{"embeddable":true,"href":"https:\/\/informativoelvalledeaguascalientes.online\/index.php?rest_route=\/wp\/v2\/media\/36884"}],"wp:attachment":[{"href":"https:\/\/informativoelvalledeaguascalientes.online\/index.php?rest_route=%2Fwp%2Fv2%2Fmedia&parent=36883"}],"wp:term":[{"taxonomy":"category","embeddable":true,"href":"https:\/\/informativoelvalledeaguascalientes.online\/index.php?rest_route=%2Fwp%2Fv2%2Fcategories&post=36883"},{"taxonomy":"post_tag","embeddable":true,"href":"https:\/\/informativoelvalledeaguascalientes.online\/index.php?rest_route=%2Fwp%2Fv2%2Ftags&post=36883"}],"curies":[{"name":"wp","href":"https:\/\/api.w.org\/{rel}","templated":true}]}}