{"id":36879,"date":"2022-10-25T16:32:58","date_gmt":"2022-10-25T22:32:58","guid":{"rendered":"https:\/\/informativoelvalledeaguascalientes.online\/?p=36879"},"modified":"2022-10-25T16:32:58","modified_gmt":"2022-10-25T22:32:58","slug":"municipio-ags-suma-esfuerzos-con-la-secretaria-de-la-familia-para-consolidar-un-gobierno-familiarmente-responsable","status":"publish","type":"post","link":"https:\/\/informativoelvalledeaguascalientes.online\/?p=36879","title":{"rendered":"MUNICIPIO AGS. SUMA ESFUERZOS CON LA SECRETAR\u00cdA DE LA FAMILIA PARA CONSOLIDAR UN GOBIERNO FAMILIARMENTE RESPONSABLE"},"content":{"rendered":"<p><strong><a href=\"https:\/\/www.facebook.com\/hashtag\/informativoelvalledeaguascalientes\">#informativoelvalledeaguascalientes<\/a><\/strong><\/p>\n<p><strong><a href=\"https:\/\/www.facebook.com\/hashtag\/novaradioaguascalientes\">#novaradioaguascalientes<\/a><\/strong><\/p>\n<p><strong><a class=\"x1i10hfl xjbqb8w x6umtig x1b1mbwd xaqea5y xav7gou x9f619 x1ypdohk xt0psk2 xe8uvvx xdj266r x11i5rnm xat24cr x1mh8g0r xexx8yu x4uap5 x18d9i69 xkhd6sd x16tdsg8 x1hl2dhg xggy1nq x1a2a7pz xt0b8zv x1qq9wsj xo1l8bm\" tabindex=\"0\" role=\"link\" href=\"https:\/\/www.facebook.com\/hashtag\/laciudaddetuvida?__eep__=6&amp;__cft__[0]=AZVUzG-uzEgkHBxlWi4clX4-qXx_nfGicugdShvx3oYxvDeUIl1My5bfFXiXTmVU7O9FCNwHdVuQiVqIjO99-u7dxeUq1S3CqcB1PNpBXLQtm-Q1JLiRFFX8c4SEMe3VqRRgSs9kS8-Ajp6HnW6ebLd3GeB3j-SCsEGrTUVXz1WdbDeQs8bs0Dry33nLaV6fVU4&amp;__tn__=*NK-R\">#LaCiudadDeTuVida<\/a><\/strong><\/p>\n<p>&nbsp;<\/p>\n<p>&nbsp;<\/p>\n<div class=\"opinion-section\">\n<div class=\"container\">\n<div class=\"section-content row justify-content-center\">\n<div class=\"col-12 col-lg-8 opinion-order-1\">\n<article class=\"opinion-post opinion-single post-52469 post type-post status-publish format-standard has-post-thumbnail hentry category-presidencia-municipal tag-gabinete-social tag-onu tag-reunion tag-secretaria-de-la-familia\">\n<div class=\"entry-content\">\n<p>La tarde de este martes, el gabinete social del municipio de Aguascalientes encabezado por la titular del Secretariado de Enlace Ciudadano,\u00a0<strong>Sylvia Garfias Cedillo<\/strong>\u00a0y por la regidora\u00a0<strong>Patricia Garc\u00eda Garc\u00eda<\/strong>, sostuvieron una reuni\u00f3n con\u00a0<strong>Norma Guel Sald\u00edvar<\/strong>, secretaria de la Familia de Gobierno del Estado, quien estuvo acompa\u00f1ada por\u00a0<strong>Renata Kackzmarska<\/strong>, encargada del programa Familia de las Naciones Unidas y de\u00a0<strong>Juan Antonio L\u00f3pez Baljarg<\/strong>, director del Instituto de An\u00e1lisis de Pol\u00edticas Familiares.<\/p>\n<p>Durante el evento que se realiz\u00f3 en el sal\u00f3n Presidentes de Palacio Municipal, se abord\u00f3 la importancia de que los diversos \u00f3rdenes de gobierno respondan a las necesidades que actualmente tienen los hogares, adem\u00e1s de atender las recomendaciones internacionales en la materia, como es la Declaraci\u00f3n de Venecia que exhorta a los gobiernos locales a promover pol\u00edticas familiares sostenibles.<\/p>\n<p>Desde la actual administraci\u00f3n municipal se reafirm\u00f3 el compromiso de sumar esfuerzos por el bienestar de las familias de Aguascalientes.<\/p>\n<\/div>\n<\/article>\n<\/div>\n<\/div>\n<\/div>\n<\/div>\n","protected":false},"excerpt":{"rendered":"<p>#informativoelvalledeaguascalientes #novaradioaguascalientes #LaCiudadDeTuVida &nbsp; &nbsp; La tarde de este martes, el gabinete social del municipio de Aguascalientes encabezado por la titular del Secretariado de Enlace Ciudadano,\u00a0Sylvia Garfias Cedillo\u00a0y por la regidora\u00a0Patricia Garc\u00eda Garc\u00eda, sostuvieron una reuni\u00f3n con\u00a0Norma Guel Sald\u00edvar, secretaria de la Familia de Gobierno del Estado, quien estuvo acompa\u00f1ada por\u00a0Renata Kackzmarska, encargada del programa [&hellip;]<\/p>\n","protected":false},"author":1,"featured_media":36881,"comment_status":"closed","ping_status":"open","sticky":false,"template":"","format":"standard","meta":{"advanced_seo_description":"","jetpack_seo_html_title":"","jetpack_seo_noindex":false,"_jetpack_memberships_contains_paid_content":false,"footnotes":"","jetpack_publicize_message":"","jetpack_publicize_feature_enabled":true,"jetpack_social_post_already_shared":true,"jetpack_social_options":{"image_generator_settings":{"template":"highway","default_image_id":0,"font":"","enabled":false},"version":2}},"categories":[21,3],"tags":[22,25],"class_list":["post-36879","post","type-post","status-publish","format-standard","has-post-thumbnail","hentry","category-aguascalientes","category-municipio-aguascalientes","tag-aguascalientes","tag-mpio-aguascalientes"],"jetpack_publicize_connections":[],"jetpack_featured_media_url":"https:\/\/i0.wp.com\/informativoelvalledeaguascalientes.online\/wp-content\/uploads\/2022\/10\/mpio-ags-familia.jpg?fit=1501%2C743&ssl=1","jetpack-related-posts":[],"jetpack_sharing_enabled":true,"jetpack_likes_enabled":true,"_links":{"self":[{"href":"https:\/\/informativoelvalledeaguascalientes.online\/index.php?rest_route=\/wp\/v2\/posts\/36879","targetHints":{"allow":["GET"]}}],"collection":[{"href":"https:\/\/informativoelvalledeaguascalientes.online\/index.php?rest_route=\/wp\/v2\/posts"}],"about":[{"href":"https:\/\/informativoelvalledeaguascalientes.online\/index.php?rest_route=\/wp\/v2\/types\/post"}],"author":[{"embeddable":true,"href":"https:\/\/informativoelvalledeaguascalientes.online\/index.php?rest_route=\/wp\/v2\/users\/1"}],"replies":[{"embeddable":true,"href":"https:\/\/informativoelvalledeaguascalientes.online\/index.php?rest_route=%2Fwp%2Fv2%2Fcomments&post=36879"}],"version-history":[{"count":1,"href":"https:\/\/informativoelvalledeaguascalientes.online\/index.php?rest_route=\/wp\/v2\/posts\/36879\/revisions"}],"predecessor-version":[{"id":36882,"href":"https:\/\/informativoelvalledeaguascalientes.online\/index.php?rest_route=\/wp\/v2\/posts\/36879\/revisions\/36882"}],"wp:featuredmedia":[{"embeddable":true,"href":"https:\/\/informativoelvalledeaguascalientes.online\/index.php?rest_route=\/wp\/v2\/media\/36881"}],"wp:attachment":[{"href":"https:\/\/informativoelvalledeaguascalientes.online\/index.php?rest_route=%2Fwp%2Fv2%2Fmedia&parent=36879"}],"wp:term":[{"taxonomy":"category","embeddable":true,"href":"https:\/\/informativoelvalledeaguascalientes.online\/index.php?rest_route=%2Fwp%2Fv2%2Fcategories&post=36879"},{"taxonomy":"post_tag","embeddable":true,"href":"https:\/\/informativoelvalledeaguascalientes.online\/index.php?rest_route=%2Fwp%2Fv2%2Ftags&post=36879"}],"curies":[{"name":"wp","href":"https:\/\/api.w.org\/{rel}","templated":true}]}}