{"id":36847,"date":"2022-10-25T15:42:22","date_gmt":"2022-10-25T21:42:22","guid":{"rendered":"https:\/\/informativoelvalledeaguascalientes.online\/?p=36847"},"modified":"2022-10-25T15:42:22","modified_gmt":"2022-10-25T21:42:22","slug":"invita-municipioags-a-apoyar-la-economia-de-emprendedoras-locales-en-la-expo-comercial-la-catrina","status":"publish","type":"post","link":"https:\/\/informativoelvalledeaguascalientes.online\/?p=36847","title":{"rendered":"INVITA MUNICIPIOAGS. A APOYAR LA ECONOM\u00cdA DE EMPRENDEDORAS LOCALES EN LA EXPO COMERCIAL \u201cLA CATRINA\u201d"},"content":{"rendered":"<p><strong>#informativoelvalledeaguascalientes #novaradioaguascalientes<\/strong><\/p>\n<div class=\"opinion-section opinion-single-cover opinion-indent opinion-overlay\">\n<div class=\"container\">\n<div class=\"section-head row justify-content-center text-center\">\n<div class=\"col-12 col-md-8\">\n<div class=\"section-meta\"><\/div>\n<\/div>\n<\/div>\n<\/div>\n<\/div>\n<div class=\"opinion-section\">\n<div class=\"container\">\n<div class=\"section-content row justify-content-center\">\n<div class=\"col-12 col-lg-8 opinion-order-1\">\n<article class=\"opinion-post opinion-single post-52306 post type-post status-publish format-standard has-post-thumbnail hentry category-mujeres tag-expo-la-catrina tag-mercado-lo-nuestro\">\n<div class=\"entry-content\">\n<ul>\n<li><strong>Se llevar\u00e1 a cabo este viernes 28 de octubre en Palacio Municipal, con la participaci\u00f3n de m\u00e1s de 80 expositoras de \u201cMercado lo Nuestro\u201d<\/strong><\/li>\n<\/ul>\n<p>El Municipio de Aguascalientes invita a impulsar la econom\u00eda y consumir productos locales en la expo comercial \u201cLa Catrina\u201d, a realizarse este viernes 28 de octubre, de 08:00 a 15:00 horas en Palacio Municipal, apoyando la autonom\u00eda productiva de las mujeres.<\/p>\n<p>La directora del Instituto Municipal de la Mujer de Aguascalientes (IMMA),\u00a0<strong>Zayra Ang\u00e9lica Rosales Tirado<\/strong>, mencion\u00f3 que participar\u00e1n m\u00e1s de 80 emprendedoras de la comunidad \u201cMercado lo Nuestro\u201d.<\/p>\n<p>Se ofrecer\u00e1n una amplia variedad de art\u00edculos como alimentos, bisuter\u00eda, productos naturales de belleza, cosm\u00e9ticos, artesan\u00edas, adem\u00e1s de velas y adornos alusivos a las celebraciones del D\u00eda de Muertos, as\u00ed como servicios de salud y bienestar.<\/p>\n<\/div>\n<p><img data-recalc-dims=\"1\" loading=\"lazy\" decoding=\"async\" class=\"alignnone wp-image-36849 size-full\" src=\"https:\/\/i0.wp.com\/informativoelvalledeaguascalientes.online\/wp-content\/uploads\/2022\/10\/mpio-imma-1.jpeg?resize=640%2C190\" alt=\"\" width=\"640\" height=\"190\" srcset=\"https:\/\/i0.wp.com\/informativoelvalledeaguascalientes.online\/wp-content\/uploads\/2022\/10\/mpio-imma-1.jpeg?w=1024&amp;ssl=1 1024w, https:\/\/i0.wp.com\/informativoelvalledeaguascalientes.online\/wp-content\/uploads\/2022\/10\/mpio-imma-1.jpeg?resize=300%2C89&amp;ssl=1 300w, https:\/\/i0.wp.com\/informativoelvalledeaguascalientes.online\/wp-content\/uploads\/2022\/10\/mpio-imma-1.jpeg?resize=768%2C228&amp;ssl=1 768w\" sizes=\"auto, (max-width: 640px) 100vw, 640px\" \/><\/p>\n<\/article>\n<\/div>\n<\/div>\n<\/div>\n<\/div>\n","protected":false},"excerpt":{"rendered":"<p>#informativoelvalledeaguascalientes #novaradioaguascalientes Se llevar\u00e1 a cabo este viernes 28 de octubre en Palacio Municipal, con la participaci\u00f3n de m\u00e1s de 80 expositoras de \u201cMercado lo Nuestro\u201d El Municipio de Aguascalientes invita a impulsar la econom\u00eda y consumir productos locales en la expo comercial \u201cLa Catrina\u201d, a realizarse este viernes 28 de octubre, de 08:00 a [&hellip;]<\/p>\n","protected":false},"author":1,"featured_media":36848,"comment_status":"closed","ping_status":"open","sticky":false,"template":"","format":"standard","meta":{"advanced_seo_description":"","jetpack_seo_html_title":"","jetpack_seo_noindex":false,"_jetpack_memberships_contains_paid_content":false,"footnotes":"","jetpack_publicize_message":"","jetpack_publicize_feature_enabled":true,"jetpack_social_post_already_shared":true,"jetpack_social_options":{"image_generator_settings":{"template":"highway","default_image_id":0,"font":"","enabled":false},"version":2}},"categories":[21,3],"tags":[22,132],"class_list":["post-36847","post","type-post","status-publish","format-standard","has-post-thumbnail","hentry","category-aguascalientes","category-municipio-aguascalientes","tag-aguascalientes","tag-mpio-aguascalientes-imma"],"jetpack_publicize_connections":[],"jetpack_featured_media_url":"https:\/\/i0.wp.com\/informativoelvalledeaguascalientes.online\/wp-content\/uploads\/2022\/10\/LA-CATRINA-MERCADO-LO-NUESTRO.jpg?fit=1239%2C1280&ssl=1","jetpack-related-posts":[],"jetpack_sharing_enabled":true,"jetpack_likes_enabled":true,"_links":{"self":[{"href":"https:\/\/informativoelvalledeaguascalientes.online\/index.php?rest_route=\/wp\/v2\/posts\/36847","targetHints":{"allow":["GET"]}}],"collection":[{"href":"https:\/\/informativoelvalledeaguascalientes.online\/index.php?rest_route=\/wp\/v2\/posts"}],"about":[{"href":"https:\/\/informativoelvalledeaguascalientes.online\/index.php?rest_route=\/wp\/v2\/types\/post"}],"author":[{"embeddable":true,"href":"https:\/\/informativoelvalledeaguascalientes.online\/index.php?rest_route=\/wp\/v2\/users\/1"}],"replies":[{"embeddable":true,"href":"https:\/\/informativoelvalledeaguascalientes.online\/index.php?rest_route=%2Fwp%2Fv2%2Fcomments&post=36847"}],"version-history":[{"count":1,"href":"https:\/\/informativoelvalledeaguascalientes.online\/index.php?rest_route=\/wp\/v2\/posts\/36847\/revisions"}],"predecessor-version":[{"id":36851,"href":"https:\/\/informativoelvalledeaguascalientes.online\/index.php?rest_route=\/wp\/v2\/posts\/36847\/revisions\/36851"}],"wp:featuredmedia":[{"embeddable":true,"href":"https:\/\/informativoelvalledeaguascalientes.online\/index.php?rest_route=\/wp\/v2\/media\/36848"}],"wp:attachment":[{"href":"https:\/\/informativoelvalledeaguascalientes.online\/index.php?rest_route=%2Fwp%2Fv2%2Fmedia&parent=36847"}],"wp:term":[{"taxonomy":"category","embeddable":true,"href":"https:\/\/informativoelvalledeaguascalientes.online\/index.php?rest_route=%2Fwp%2Fv2%2Fcategories&post=36847"},{"taxonomy":"post_tag","embeddable":true,"href":"https:\/\/informativoelvalledeaguascalientes.online\/index.php?rest_route=%2Fwp%2Fv2%2Ftags&post=36847"}],"curies":[{"name":"wp","href":"https:\/\/api.w.org\/{rel}","templated":true}]}}