{"id":36785,"date":"2022-10-24T19:49:34","date_gmt":"2022-10-25T01:49:34","guid":{"rendered":"https:\/\/informativoelvalledeaguascalientes.online\/?p=36785"},"modified":"2022-10-24T19:49:34","modified_gmt":"2022-10-25T01:49:34","slug":"entrego-presidencia-municipal-nueva-velaria-en-beneficio-de-estudiantes-de-la-ciudad-de-los-ninos","status":"publish","type":"post","link":"https:\/\/informativoelvalledeaguascalientes.online\/?p=36785","title":{"rendered":"ENTREG\u00d3 PRESIDENCIA MUNICIPAL NUEVA VELARIA EN BENEFICIO DE ESTUDIANTES DE LA CIUDAD DE LOS NI\u00d1OS"},"content":{"rendered":"<p><strong>#informativoelvalledeaguascalientes<\/strong><br \/>\n<strong>#novaradioaguascalientes<\/strong><\/p>\n<ul>\n<li><strong>El presidente municipal, Leonardo Monta\u00f1ez, destac\u00f3 que se trabaja para que la ni\u00f1ez tenga mejores oportunidades de desarrollo escolar y personal<\/strong><\/li>\n<\/ul>\n<p>En el marco de la ceremonia de honores a la bandera, realizada en la escuela primaria Patria ubicada en la Ciudad de Los Ni\u00f1os, el presidente municipal\u00a0<strong>Leonardo Monta\u00f1ez\u00a0<\/strong>entreg\u00f3 una velaria para que los menores puedan realizar sus actividades f\u00edsicas y de recreaci\u00f3n resguardados de las inclemencias del clima.<\/p>\n<p><strong>Leonardo Monta\u00f1ez<\/strong>\u00a0indic\u00f3 que uno de los objetivos de la actual administraci\u00f3n, es trabajar diariamente para que la ni\u00f1ez que vive en la ciudad capital cuente con las mismas condiciones de bienestar, tanto en el \u00e1rea rural, como en la urbana.<\/p>\n<p><strong>Edson Camarillo Rodr\u00edguez<\/strong>, secretario de Desarrollo Social del Municipio, inform\u00f3 que se ejerci\u00f3 m\u00e1s de 1 mill\u00f3n de pesos en la estructura y malla sombra que se instal\u00f3 en el patio c\u00edvico de este plantel educativo.<\/p>\n<p>Detall\u00f3 que a esta escuela asisten ni\u00f1os de las comunidades como: Lucero de la Cruz, San Mart\u00edn de Porres, La Tlacuacha, La Teresa.<\/p>\n<p>Adem\u00e1s,\u00a0<strong>Daysha Reyes Ramos, Nayeli S\u00e1nchez Murillo y Luis Gerardo Alba Valdivia<\/strong>\u00a0recibieron una bicicleta cada uno por ser los mejores promedios de esta escuela.<\/p>\n","protected":false},"excerpt":{"rendered":"<p>#informativoelvalledeaguascalientes #novaradioaguascalientes El presidente municipal, Leonardo Monta\u00f1ez, destac\u00f3 que se trabaja para que la ni\u00f1ez tenga mejores oportunidades de desarrollo escolar y personal En el marco de la ceremonia de honores a la bandera, realizada en la escuela primaria Patria ubicada en la Ciudad de Los Ni\u00f1os, el presidente municipal\u00a0Leonardo Monta\u00f1ez\u00a0entreg\u00f3 una velaria para que [&hellip;]<\/p>\n","protected":false},"author":1,"featured_media":36786,"comment_status":"closed","ping_status":"open","sticky":false,"template":"","format":"standard","meta":{"advanced_seo_description":"","jetpack_seo_html_title":"","jetpack_seo_noindex":false,"_jetpack_memberships_contains_paid_content":false,"footnotes":"","jetpack_publicize_message":"","jetpack_publicize_feature_enabled":true,"jetpack_social_post_already_shared":true,"jetpack_social_options":{"image_generator_settings":{"template":"highway","default_image_id":0,"font":"","enabled":false},"version":2}},"categories":[21,3],"tags":[22,25],"class_list":["post-36785","post","type-post","status-publish","format-standard","has-post-thumbnail","hentry","category-aguascalientes","category-municipio-aguascalientes","tag-aguascalientes","tag-mpio-aguascalientes"],"jetpack_publicize_connections":[],"jetpack_featured_media_url":"https:\/\/i0.wp.com\/informativoelvalledeaguascalientes.online\/wp-content\/uploads\/2022\/10\/20221024094909_IMG_6249.jpg?fit=1920%2C1280&ssl=1","jetpack-related-posts":[],"jetpack_sharing_enabled":true,"jetpack_likes_enabled":true,"_links":{"self":[{"href":"https:\/\/informativoelvalledeaguascalientes.online\/index.php?rest_route=\/wp\/v2\/posts\/36785","targetHints":{"allow":["GET"]}}],"collection":[{"href":"https:\/\/informativoelvalledeaguascalientes.online\/index.php?rest_route=\/wp\/v2\/posts"}],"about":[{"href":"https:\/\/informativoelvalledeaguascalientes.online\/index.php?rest_route=\/wp\/v2\/types\/post"}],"author":[{"embeddable":true,"href":"https:\/\/informativoelvalledeaguascalientes.online\/index.php?rest_route=\/wp\/v2\/users\/1"}],"replies":[{"embeddable":true,"href":"https:\/\/informativoelvalledeaguascalientes.online\/index.php?rest_route=%2Fwp%2Fv2%2Fcomments&post=36785"}],"version-history":[{"count":1,"href":"https:\/\/informativoelvalledeaguascalientes.online\/index.php?rest_route=\/wp\/v2\/posts\/36785\/revisions"}],"predecessor-version":[{"id":36788,"href":"https:\/\/informativoelvalledeaguascalientes.online\/index.php?rest_route=\/wp\/v2\/posts\/36785\/revisions\/36788"}],"wp:featuredmedia":[{"embeddable":true,"href":"https:\/\/informativoelvalledeaguascalientes.online\/index.php?rest_route=\/wp\/v2\/media\/36786"}],"wp:attachment":[{"href":"https:\/\/informativoelvalledeaguascalientes.online\/index.php?rest_route=%2Fwp%2Fv2%2Fmedia&parent=36785"}],"wp:term":[{"taxonomy":"category","embeddable":true,"href":"https:\/\/informativoelvalledeaguascalientes.online\/index.php?rest_route=%2Fwp%2Fv2%2Fcategories&post=36785"},{"taxonomy":"post_tag","embeddable":true,"href":"https:\/\/informativoelvalledeaguascalientes.online\/index.php?rest_route=%2Fwp%2Fv2%2Ftags&post=36785"}],"curies":[{"name":"wp","href":"https:\/\/api.w.org\/{rel}","templated":true}]}}