{"id":36778,"date":"2022-10-24T18:11:42","date_gmt":"2022-10-25T00:11:42","guid":{"rendered":"https:\/\/informativoelvalledeaguascalientes.online\/?p=36778"},"modified":"2022-10-24T18:11:42","modified_gmt":"2022-10-25T00:11:42","slug":"comunicado-iea-regreso-a-clases-fracc-mexico-aguascalientes-capital","status":"publish","type":"post","link":"https:\/\/informativoelvalledeaguascalientes.online\/?p=36778","title":{"rendered":"COMUNICADO IEA REGRESO A CLASES FRACC. M\u00c9XICO, AGUASCALIENTES CAPITAL"},"content":{"rendered":"<p>#informativoelvalledeaguascalientes #novaradioaguascalientes #ElGiganteDeM\u00e9xico<\/p>\n<p>&nbsp;<\/p>\n<p>El Gobierno del Estado, a trav\u00e9s del Instituto de Educaci\u00f3n de Aguascalientes (IEA), informa a la comunidad educativa y padres de familia de la Escuela Primaria M\u00e9xico y del Jard\u00edn de Ni\u00f1os \u201cAna Freud Bernays\u201d, que las autoridades de Protecci\u00f3n Civil, tanto estatales como municipales, emitieron el dictamen de revisi\u00f3n, en el cual se concluye que no existen afectaciones a los inmuebles; adem\u00e1s, se restablecieron los servicios b\u00e1sicos de agua y electricidad.<\/p>\n<p>Por lo anterior, el IEA da a conocer que a partir de este martes 25 de octubre se podr\u00e1n reanudar con normalidad las actividades escolares en dichos planteles ubicados en la colonia M\u00e9xico.<\/p>\n<p>Tambi\u00e9n es importante mencionar que los padres de familia que, por alguna situaci\u00f3n en particular, no puedan llevar a sus hijos a las clases presenciales, podr\u00e1n optar por un modelo temporal a distancia, mediante los canales de comunicaci\u00f3n que instruya cada maestro frente a grupo.<\/p>\n<p>Por instrucci\u00f3n de nuestra gobernadora, Tere Jim\u00e9nez, para el IEA siempre ser\u00e1 una prioridad salvaguardar la integridad de nuestra comunidad de estudiantes, velando siempre por su bienestar y por una educaci\u00f3n de calidad.<\/p>\n","protected":false},"excerpt":{"rendered":"<p>#informativoelvalledeaguascalientes #novaradioaguascalientes #ElGiganteDeM\u00e9xico &nbsp; El Gobierno del Estado, a trav\u00e9s del Instituto de Educaci\u00f3n de Aguascalientes (IEA), informa a la comunidad educativa y padres de familia de la Escuela Primaria M\u00e9xico y del Jard\u00edn de Ni\u00f1os \u201cAna Freud Bernays\u201d, que las autoridades de Protecci\u00f3n Civil, tanto estatales como municipales, emitieron el dictamen de revisi\u00f3n, en [&hellip;]<\/p>\n","protected":false},"author":1,"featured_media":36779,"comment_status":"closed","ping_status":"open","sticky":false,"template":"","format":"standard","meta":{"advanced_seo_description":"","jetpack_seo_html_title":"","jetpack_seo_noindex":false,"_jetpack_memberships_contains_paid_content":false,"footnotes":"","jetpack_publicize_message":"","jetpack_publicize_feature_enabled":true,"jetpack_social_post_already_shared":true,"jetpack_social_options":{"image_generator_settings":{"template":"highway","default_image_id":0,"font":"","enabled":false},"version":2}},"categories":[21,4],"tags":[22,39],"class_list":["post-36778","post","type-post","status-publish","format-standard","has-post-thumbnail","hentry","category-aguascalientes","category-gobierno-del-estado-aguascalientes","tag-aguascalientes","tag-iea"],"jetpack_publicize_connections":[],"jetpack_featured_media_url":"https:\/\/i0.wp.com\/informativoelvalledeaguascalientes.online\/wp-content\/uploads\/2022\/10\/iea-clases-de-nuevo.jpg?fit=1280%2C1280&ssl=1","jetpack-related-posts":[],"jetpack_sharing_enabled":true,"jetpack_likes_enabled":true,"_links":{"self":[{"href":"https:\/\/informativoelvalledeaguascalientes.online\/index.php?rest_route=\/wp\/v2\/posts\/36778","targetHints":{"allow":["GET"]}}],"collection":[{"href":"https:\/\/informativoelvalledeaguascalientes.online\/index.php?rest_route=\/wp\/v2\/posts"}],"about":[{"href":"https:\/\/informativoelvalledeaguascalientes.online\/index.php?rest_route=\/wp\/v2\/types\/post"}],"author":[{"embeddable":true,"href":"https:\/\/informativoelvalledeaguascalientes.online\/index.php?rest_route=\/wp\/v2\/users\/1"}],"replies":[{"embeddable":true,"href":"https:\/\/informativoelvalledeaguascalientes.online\/index.php?rest_route=%2Fwp%2Fv2%2Fcomments&post=36778"}],"version-history":[{"count":1,"href":"https:\/\/informativoelvalledeaguascalientes.online\/index.php?rest_route=\/wp\/v2\/posts\/36778\/revisions"}],"predecessor-version":[{"id":36780,"href":"https:\/\/informativoelvalledeaguascalientes.online\/index.php?rest_route=\/wp\/v2\/posts\/36778\/revisions\/36780"}],"wp:featuredmedia":[{"embeddable":true,"href":"https:\/\/informativoelvalledeaguascalientes.online\/index.php?rest_route=\/wp\/v2\/media\/36779"}],"wp:attachment":[{"href":"https:\/\/informativoelvalledeaguascalientes.online\/index.php?rest_route=%2Fwp%2Fv2%2Fmedia&parent=36778"}],"wp:term":[{"taxonomy":"category","embeddable":true,"href":"https:\/\/informativoelvalledeaguascalientes.online\/index.php?rest_route=%2Fwp%2Fv2%2Fcategories&post=36778"},{"taxonomy":"post_tag","embeddable":true,"href":"https:\/\/informativoelvalledeaguascalientes.online\/index.php?rest_route=%2Fwp%2Fv2%2Ftags&post=36778"}],"curies":[{"name":"wp","href":"https:\/\/api.w.org\/{rel}","templated":true}]}}