{"id":36775,"date":"2022-10-24T18:04:09","date_gmt":"2022-10-25T00:04:09","guid":{"rendered":"https:\/\/informativoelvalledeaguascalientes.online\/?p=36775"},"modified":"2022-10-24T18:04:09","modified_gmt":"2022-10-25T00:04:09","slug":"francisco-sanchez-esparza-rindio-protesta-como-tercer-vocal-de-la-comision-legislativa-de-derechos-humanos","status":"publish","type":"post","link":"https:\/\/informativoelvalledeaguascalientes.online\/?p=36775","title":{"rendered":"FRANCISCO S\u00c1NCHEZ ESPARZA RINDI\u00d3 PROTESTA COMO TERCER VOCAL DE LA COMISI\u00d3N LEGISLATIVA DE DERECHOS HUMANOS"},"content":{"rendered":"<p>#informativoelvalledeaguascalientes #novaradioaguascalientes<\/p>\n<p>&nbsp;<\/p>\n<p>En sesi\u00f3n ordinaria, ante la Comisi\u00f3n de Derechos Humanos de la LXV Legislatura del Congreso de Aguascalientes que preside la diputada Leslie Figueroa, rindi\u00f3 protesta de ley como tercer vocal de este \u00f3rgano del Poder Legislativo, Francisco S\u00e1nchez Esparza, en suplencia del diputado con licencia, Quique Galo.<\/p>\n<p>Adem\u00e1s de los ya mencionados, se cont\u00f3 con la presencia de la diputada Juanis Mart\u00ednez, el diputado Ra\u00fal Silva Perezchica y la legisladora Nancy Mac\u00edas, en su calidad de secretaria y vocales, en ese orden, de la comisi\u00f3n a la que se hace referencia.<\/p>\n","protected":false},"excerpt":{"rendered":"<p>#informativoelvalledeaguascalientes #novaradioaguascalientes &nbsp; En sesi\u00f3n ordinaria, ante la Comisi\u00f3n de Derechos Humanos de la LXV Legislatura del Congreso de Aguascalientes que preside la diputada Leslie Figueroa, rindi\u00f3 protesta de ley como tercer vocal de este \u00f3rgano del Poder Legislativo, Francisco S\u00e1nchez Esparza, en suplencia del diputado con licencia, Quique Galo. Adem\u00e1s de los ya mencionados, [&hellip;]<\/p>\n","protected":false},"author":1,"featured_media":36776,"comment_status":"closed","ping_status":"open","sticky":false,"template":"","format":"standard","meta":{"advanced_seo_description":"","jetpack_seo_html_title":"","jetpack_seo_noindex":false,"_jetpack_memberships_contains_paid_content":false,"footnotes":"","jetpack_publicize_message":"","jetpack_publicize_feature_enabled":true,"jetpack_social_post_already_shared":true,"jetpack_social_options":{"image_generator_settings":{"template":"highway","default_image_id":0,"font":"","enabled":false},"version":2}},"categories":[21,5],"tags":[22,520],"class_list":["post-36775","post","type-post","status-publish","format-standard","has-post-thumbnail","hentry","category-aguascalientes","category-h-congreso-del-estado-aguascalientes","tag-aguascalientes","tag-lxv-legislatura-aguascalientes"],"jetpack_publicize_connections":[],"jetpack_featured_media_url":"https:\/\/i0.wp.com\/informativoelvalledeaguascalientes.online\/wp-content\/uploads\/2022\/10\/hce-ags-dh.jpg?fit=852%2C568&ssl=1","jetpack-related-posts":[],"jetpack_sharing_enabled":true,"jetpack_likes_enabled":true,"_links":{"self":[{"href":"https:\/\/informativoelvalledeaguascalientes.online\/index.php?rest_route=\/wp\/v2\/posts\/36775","targetHints":{"allow":["GET"]}}],"collection":[{"href":"https:\/\/informativoelvalledeaguascalientes.online\/index.php?rest_route=\/wp\/v2\/posts"}],"about":[{"href":"https:\/\/informativoelvalledeaguascalientes.online\/index.php?rest_route=\/wp\/v2\/types\/post"}],"author":[{"embeddable":true,"href":"https:\/\/informativoelvalledeaguascalientes.online\/index.php?rest_route=\/wp\/v2\/users\/1"}],"replies":[{"embeddable":true,"href":"https:\/\/informativoelvalledeaguascalientes.online\/index.php?rest_route=%2Fwp%2Fv2%2Fcomments&post=36775"}],"version-history":[{"count":1,"href":"https:\/\/informativoelvalledeaguascalientes.online\/index.php?rest_route=\/wp\/v2\/posts\/36775\/revisions"}],"predecessor-version":[{"id":36777,"href":"https:\/\/informativoelvalledeaguascalientes.online\/index.php?rest_route=\/wp\/v2\/posts\/36775\/revisions\/36777"}],"wp:featuredmedia":[{"embeddable":true,"href":"https:\/\/informativoelvalledeaguascalientes.online\/index.php?rest_route=\/wp\/v2\/media\/36776"}],"wp:attachment":[{"href":"https:\/\/informativoelvalledeaguascalientes.online\/index.php?rest_route=%2Fwp%2Fv2%2Fmedia&parent=36775"}],"wp:term":[{"taxonomy":"category","embeddable":true,"href":"https:\/\/informativoelvalledeaguascalientes.online\/index.php?rest_route=%2Fwp%2Fv2%2Fcategories&post=36775"},{"taxonomy":"post_tag","embeddable":true,"href":"https:\/\/informativoelvalledeaguascalientes.online\/index.php?rest_route=%2Fwp%2Fv2%2Ftags&post=36775"}],"curies":[{"name":"wp","href":"https:\/\/api.w.org\/{rel}","templated":true}]}}