{"id":3677,"date":"2020-03-03T21:09:43","date_gmt":"2020-03-04T03:09:43","guid":{"rendered":"https:\/\/informativoelvalledeaguascalientes.online\/?p=3677"},"modified":"2020-03-03T21:10:05","modified_gmt":"2020-03-04T03:10:05","slug":"aguascalientes-presente-en-la-reunion-regional-centro-occidente","status":"publish","type":"post","link":"https:\/\/informativoelvalledeaguascalientes.online\/?p=3677","title":{"rendered":"AGUASCALIENTES PRESENTE EN LA REUNI\u00d3N REGIONAL CENTRO OCCIDENTE"},"content":{"rendered":"<ul>\n<li dir=\"ltr\">\n<p dir=\"ltr\">Se dio seguimiento a la pasada Reuni\u00f3n Nacional de Cultura 2019, adem\u00e1s de proyectar acciones para este 2020<\/p>\n<\/li>\n<li dir=\"ltr\">\n<p dir=\"ltr\">Aguascalientes expuso proyectos estrat\u00e9gicos para el desarrollo art\u00edstico y cultural de la regi\u00f3n<\/p>\n<\/li>\n<\/ul>\n<p dir=\"ltr\">Con la finalidad de enriquecer el di\u00e1logo colaborativo con las instancias federales y de las entidades en la pol\u00edtica cultural del pa\u00eds, la directora general del ICA, Claudia Santa Ana Zald\u00edvar, particip\u00f3 en la Reuni\u00f3n Regional Centro-Occidente, convocada por la Secretar\u00eda de Cultura para dar seguimiento a los acuerdos de la Reuni\u00f3n Nacional de Cultura 2019, as\u00ed como para conocer los ejes y pol\u00edticas culturales nacionales para este a\u00f1o y trazar rutas que permitan un trabajo coordinado.<\/p>\n<p dir=\"ltr\">En su intervenci\u00f3n, Santa Ana Zald\u00edvar expuso, entre otros temas, proyectos estrat\u00e9gicos para impulsar el desarrollo art\u00edstico y cultural local y para la regi\u00f3n, as\u00ed como la necesidad de definir los alcances para este a\u00f1o en materia de fomento a la lectura, adem\u00e1s de conocer las nuevas reglas de operaci\u00f3n para impulsar juntos, federaci\u00f3n y estados, este importante programa.<\/p>\n<p dir=\"ltr\">Esta Reuni\u00f3n Regional es la antesala para la pr\u00f3xima Reuni\u00f3n Nacional de Cultura, planteada a realizarse durante el segundo semestre del a\u00f1o en Campeche, en la que Aguascalientes tambi\u00e9n tendr\u00e1 participaci\u00f3n activa.<\/p>\n<p>&nbsp;<\/p>\n<p dir=\"ltr\">Cabe mencionar que en esta reuni\u00f3n asistieron titulares de las dependencias de cultura de las entidades de la regi\u00f3n: Aguascalientes, Colima, Guanajuato, Jalisco, Michoac\u00e1n, Nayarit, Quer\u00e9taro, San Luis Potos\u00ed y Zacatecas. De la Secretar\u00eda de Cultura federal, instancia convocante, asistieron la titular Alejandra Frausto Guerrero, as\u00ed como titulares de subsecretar\u00edas y direcciones.<\/p>\n","protected":false},"excerpt":{"rendered":"<p>Se dio seguimiento a la pasada Reuni\u00f3n Nacional de Cultura 2019, adem\u00e1s de proyectar acciones para este 2020 Aguascalientes expuso proyectos estrat\u00e9gicos para el desarrollo art\u00edstico y cultural de la regi\u00f3n Con la finalidad de enriquecer el di\u00e1logo colaborativo con las instancias federales y de las entidades en la pol\u00edtica cultural del pa\u00eds, la directora [&hellip;]<\/p>\n","protected":false},"author":1,"featured_media":3679,"comment_status":"closed","ping_status":"open","sticky":false,"template":"","format":"standard","meta":{"advanced_seo_description":"","jetpack_seo_html_title":"","jetpack_seo_noindex":false,"_jetpack_memberships_contains_paid_content":false,"footnotes":"","jetpack_publicize_message":"","jetpack_publicize_feature_enabled":true,"jetpack_social_post_already_shared":true,"jetpack_social_options":{"image_generator_settings":{"template":"highway","default_image_id":0,"font":"","enabled":false},"version":2}},"categories":[21,4],"tags":[22,52],"class_list":["post-3677","post","type-post","status-publish","format-standard","has-post-thumbnail","hentry","category-aguascalientes","category-gobierno-del-estado-aguascalientes","tag-aguascalientes","tag-ica"],"jetpack_publicize_connections":[],"jetpack_featured_media_url":"https:\/\/i0.wp.com\/informativoelvalledeaguascalientes.online\/wp-content\/uploads\/2020\/03\/ica_03032020.jpg?fit=841%2C631&ssl=1","jetpack-related-posts":[],"jetpack_sharing_enabled":true,"jetpack_likes_enabled":true,"_links":{"self":[{"href":"https:\/\/informativoelvalledeaguascalientes.online\/index.php?rest_route=\/wp\/v2\/posts\/3677","targetHints":{"allow":["GET"]}}],"collection":[{"href":"https:\/\/informativoelvalledeaguascalientes.online\/index.php?rest_route=\/wp\/v2\/posts"}],"about":[{"href":"https:\/\/informativoelvalledeaguascalientes.online\/index.php?rest_route=\/wp\/v2\/types\/post"}],"author":[{"embeddable":true,"href":"https:\/\/informativoelvalledeaguascalientes.online\/index.php?rest_route=\/wp\/v2\/users\/1"}],"replies":[{"embeddable":true,"href":"https:\/\/informativoelvalledeaguascalientes.online\/index.php?rest_route=%2Fwp%2Fv2%2Fcomments&post=3677"}],"version-history":[{"count":2,"href":"https:\/\/informativoelvalledeaguascalientes.online\/index.php?rest_route=\/wp\/v2\/posts\/3677\/revisions"}],"predecessor-version":[{"id":3680,"href":"https:\/\/informativoelvalledeaguascalientes.online\/index.php?rest_route=\/wp\/v2\/posts\/3677\/revisions\/3680"}],"wp:featuredmedia":[{"embeddable":true,"href":"https:\/\/informativoelvalledeaguascalientes.online\/index.php?rest_route=\/wp\/v2\/media\/3679"}],"wp:attachment":[{"href":"https:\/\/informativoelvalledeaguascalientes.online\/index.php?rest_route=%2Fwp%2Fv2%2Fmedia&parent=3677"}],"wp:term":[{"taxonomy":"category","embeddable":true,"href":"https:\/\/informativoelvalledeaguascalientes.online\/index.php?rest_route=%2Fwp%2Fv2%2Fcategories&post=3677"},{"taxonomy":"post_tag","embeddable":true,"href":"https:\/\/informativoelvalledeaguascalientes.online\/index.php?rest_route=%2Fwp%2Fv2%2Ftags&post=3677"}],"curies":[{"name":"wp","href":"https:\/\/api.w.org\/{rel}","templated":true}]}}