{"id":3671,"date":"2020-03-03T21:04:15","date_gmt":"2020-03-04T03:04:15","guid":{"rendered":"https:\/\/informativoelvalledeaguascalientes.online\/?p=3671"},"modified":"2020-03-03T21:04:15","modified_gmt":"2020-03-04T03:04:15","slug":"acompanara-gobernador-martin-orozco-al-presidente-de-mexico-durante-su-proxima-visita-a-la-entidad","status":"publish","type":"post","link":"https:\/\/informativoelvalledeaguascalientes.online\/?p=3671","title":{"rendered":"ACOMPA\u00d1AR\u00c1 GOBERNADOR MART\u00cdN OROZCO AL PRESIDENTE DE M\u00c9XICO DURANTE SU PR\u00d3XIMA VISITA A LA ENTIDAD"},"content":{"rendered":"<p dir=\"ltr\">El Gobernador Mart\u00edn Orozco Sandoval recibi\u00f3 en su despacho al delegado de la Secretar\u00eda del Bienestar en Aguascalientes, Aldo Ruiz S\u00e1nchez, quien le anunci\u00f3 que el Presidente de M\u00e9xico, Andr\u00e9s Manuel L\u00f3pez Obrador, visitar\u00e1 la entidad el pr\u00f3ximo 7 de marzo.<\/p>\n<p>&nbsp;<\/p>\n<p dir=\"ltr\">Orozco Sandoval agradeci\u00f3 la invitaci\u00f3n y dijo que ser\u00e1 un gusto recibir al Presidente en el estado; adem\u00e1s, se\u00f1al\u00f3 que lo acompa\u00f1ar\u00e1 en su gira de trabajo.<\/p>\n<p>&nbsp;<\/p>\n<p dir=\"ltr\">Ruiz S\u00e1nchez le inform\u00f3 al Gobernador que la visita de L\u00f3pez Obrador se realizar\u00e1 en el municipio de Calvillo, durante la cual entregar\u00e1 a la poblaci\u00f3n apoyos de los programas de Bienestar para Adultos Mayores, Personas con Discapacidad, J\u00f3venes Construyendo el Futuro y J\u00f3venes Escribiendo el Futuro.<\/p>\n<p>&nbsp;<\/p>\n<p dir=\"ltr\">Finalmente, el Delegado de la Secretar\u00eda del Bienestar manifest\u00f3 que se est\u00e1n estudiando las opciones para comenzar a construir una de las Universidades para el Bienestar Benito Ju\u00e1rez, justamente en dicho municipio.<\/p>\n","protected":false},"excerpt":{"rendered":"<p>El Gobernador Mart\u00edn Orozco Sandoval recibi\u00f3 en su despacho al delegado de la Secretar\u00eda del Bienestar en Aguascalientes, Aldo Ruiz S\u00e1nchez, quien le anunci\u00f3 que el Presidente de M\u00e9xico, Andr\u00e9s Manuel L\u00f3pez Obrador, visitar\u00e1 la entidad el pr\u00f3ximo 7 de marzo. &nbsp; Orozco Sandoval agradeci\u00f3 la invitaci\u00f3n y dijo que ser\u00e1 un gusto recibir al [&hellip;]<\/p>\n","protected":false},"author":1,"featured_media":3672,"comment_status":"closed","ping_status":"open","sticky":false,"template":"","format":"standard","meta":{"advanced_seo_description":"","jetpack_seo_html_title":"","jetpack_seo_noindex":false,"_jetpack_memberships_contains_paid_content":false,"footnotes":"","jetpack_publicize_message":"","jetpack_publicize_feature_enabled":true,"jetpack_social_post_already_shared":true,"jetpack_social_options":{"image_generator_settings":{"template":"highway","default_image_id":0,"font":"","enabled":false},"version":2}},"categories":[21,13,4],"tags":[22,29,31],"class_list":["post-3671","post","type-post","status-publish","format-standard","has-post-thumbnail","hentry","category-aguascalientes","category-calvillo-aguascalientes","category-gobierno-del-estado-aguascalientes","tag-aguascalientes","tag-calvillo-aguascalientes","tag-mos"],"jetpack_publicize_connections":[],"jetpack_featured_media_url":"https:\/\/i0.wp.com\/informativoelvalledeaguascalientes.online\/wp-content\/uploads\/2020\/03\/MOS_ALDO_03032020.jpg?fit=1117%2C745&ssl=1","jetpack-related-posts":[],"jetpack_sharing_enabled":true,"jetpack_likes_enabled":true,"_links":{"self":[{"href":"https:\/\/informativoelvalledeaguascalientes.online\/index.php?rest_route=\/wp\/v2\/posts\/3671","targetHints":{"allow":["GET"]}}],"collection":[{"href":"https:\/\/informativoelvalledeaguascalientes.online\/index.php?rest_route=\/wp\/v2\/posts"}],"about":[{"href":"https:\/\/informativoelvalledeaguascalientes.online\/index.php?rest_route=\/wp\/v2\/types\/post"}],"author":[{"embeddable":true,"href":"https:\/\/informativoelvalledeaguascalientes.online\/index.php?rest_route=\/wp\/v2\/users\/1"}],"replies":[{"embeddable":true,"href":"https:\/\/informativoelvalledeaguascalientes.online\/index.php?rest_route=%2Fwp%2Fv2%2Fcomments&post=3671"}],"version-history":[{"count":1,"href":"https:\/\/informativoelvalledeaguascalientes.online\/index.php?rest_route=\/wp\/v2\/posts\/3671\/revisions"}],"predecessor-version":[{"id":3673,"href":"https:\/\/informativoelvalledeaguascalientes.online\/index.php?rest_route=\/wp\/v2\/posts\/3671\/revisions\/3673"}],"wp:featuredmedia":[{"embeddable":true,"href":"https:\/\/informativoelvalledeaguascalientes.online\/index.php?rest_route=\/wp\/v2\/media\/3672"}],"wp:attachment":[{"href":"https:\/\/informativoelvalledeaguascalientes.online\/index.php?rest_route=%2Fwp%2Fv2%2Fmedia&parent=3671"}],"wp:term":[{"taxonomy":"category","embeddable":true,"href":"https:\/\/informativoelvalledeaguascalientes.online\/index.php?rest_route=%2Fwp%2Fv2%2Fcategories&post=3671"},{"taxonomy":"post_tag","embeddable":true,"href":"https:\/\/informativoelvalledeaguascalientes.online\/index.php?rest_route=%2Fwp%2Fv2%2Ftags&post=3671"}],"curies":[{"name":"wp","href":"https:\/\/api.w.org\/{rel}","templated":true}]}}