{"id":36519,"date":"2022-10-16T16:28:21","date_gmt":"2022-10-16T22:28:21","guid":{"rendered":"https:\/\/informativoelvalledeaguascalientes.online\/?p=36519"},"modified":"2022-10-16T16:28:21","modified_gmt":"2022-10-16T22:28:21","slug":"la-dirigencia-del-pri-quedara-en-manos-de-aguascalentenses","status":"publish","type":"post","link":"https:\/\/informativoelvalledeaguascalientes.online\/?p=36519","title":{"rendered":"La dirigencia del PRI quedar\u00e1 en manos de aguascalentenses"},"content":{"rendered":"<p><strong>#informativoelvalledeaguascalientes<br \/>\n#novaradioaguascalientes<br \/>\n<\/strong><\/p>\n<p><strong>\u00a0<\/strong><\/p>\n<p>&#8211; El dirigente Carlos Pe\u00f1a adelanta que la renovaci\u00f3n se dar\u00e1 en los pr\u00f3ximos d\u00edas<\/p>\n<p>&#8211; Encabeza una reuni\u00f3n en la que estuvieron presentes dirigentes de sectores, organizaciones y los interesados en dirigir el partido<\/p>\n<p>&nbsp;<\/p>\n<p>AGUASCALIENTES, AGS.- La dirigencia estatal del PRI quedar\u00e1 en manos de alguien de Aguascalientes, se acord\u00f3 en la reuni\u00f3n que sostuvieron Carlos Pe\u00f1a Badillo, presidente estatal del partido, y Humberto Lepe Lepe, delegado del Comit\u00e9 Ejecutivo Nacional (CEN), con dirigentes de sectores y organizaciones, as\u00ed como con las y los interesados en dirigir el partido en Aguascalientes.<\/p>\n<p>En la reuni\u00f3n, que tuvo lugar en la sala Presidentes del PRI, se escuch\u00f3 a cada uno de las y los presentes, a fin de construir acuerdos para que Aguascalientes tenga un partido fuerte y s\u00f3lido en beneficio de la ciudadan\u00eda.<\/p>\n<p>\u201cLa dirigencia estatal bajo mi responsabilidad siempre se conducir\u00e1 en el terreno del di\u00e1logo, la reconciliaci\u00f3n y pensando siempre en el bien del priismo de Aguascalientes\u201d, indic\u00f3 contundente Pe\u00f1a Badillo.<\/p>\n<p>Resalt\u00f3 que ser\u00e1 muy cuidadoso de que los buenos acuerdos y oficio de hacer pol\u00edtica en la entidad pueda quedar plasmado en esta renovaci\u00f3n de la dirigencia, que dar\u00e1 en pr\u00f3ximas semanas.<\/p>\n<p>Pe\u00f1a Badillo a\u00f1adi\u00f3 que las pl\u00e1ticas y la b\u00fasqueda de acuerdos no estar\u00e1n por encima de la convocatoria ni cancelan la aspiraci\u00f3n de nadie, sin embargo, enfatiz\u00f3 que se le apuesta a la altura de miras y la cohesi\u00f3n en la suma de todas y todos para construir una dirigencia incluyente.<\/p>\n<p>Finalmente, el dirigente local destac\u00f3 que las y los presentes a la reuni\u00f3n coincidieron en que es importante generar las condiciones para que se d\u00e9 la renovaci\u00f3n y que esta, tal y como lo dijo el dirigente nacional, Alejandro Moreno C\u00e1rdenas, quede en manos de una mujer o un hombre de Aguascalientes, a fin de que pueda aportar de manera trascendental a la militancia priista del estado.<\/p>\n<p>&nbsp;<\/p>\n","protected":false},"excerpt":{"rendered":"<p>#informativoelvalledeaguascalientes #novaradioaguascalientes \u00a0 &#8211; El dirigente Carlos Pe\u00f1a adelanta que la renovaci\u00f3n se dar\u00e1 en los pr\u00f3ximos d\u00edas &#8211; Encabeza una reuni\u00f3n en la que estuvieron presentes dirigentes de sectores, organizaciones y los interesados en dirigir el partido &nbsp; AGUASCALIENTES, AGS.- La dirigencia estatal del PRI quedar\u00e1 en manos de alguien de Aguascalientes, se acord\u00f3 [&hellip;]<\/p>\n","protected":false},"author":1,"featured_media":36520,"comment_status":"closed","ping_status":"open","sticky":false,"template":"","format":"standard","meta":{"advanced_seo_description":"","jetpack_seo_html_title":"","jetpack_seo_noindex":false,"_jetpack_memberships_contains_paid_content":false,"footnotes":"","jetpack_publicize_message":"","jetpack_publicize_feature_enabled":true,"jetpack_social_post_already_shared":true,"jetpack_social_options":{"image_generator_settings":{"template":"highway","default_image_id":0,"font":"","enabled":false},"version":2}},"categories":[21,9],"tags":[22,91],"class_list":["post-36519","post","type-post","status-publish","format-standard","has-post-thumbnail","hentry","category-aguascalientes","category-pri-aguascalientes","tag-aguascalientes","tag-pri-aguascalientes"],"jetpack_publicize_connections":[],"jetpack_featured_media_url":"https:\/\/i0.wp.com\/informativoelvalledeaguascalientes.online\/wp-content\/uploads\/2022\/10\/51a4d35e-0d74-468e-b386-3e2a42e94ca0.jpg?fit=1280%2C857&ssl=1","jetpack-related-posts":[],"jetpack_sharing_enabled":true,"jetpack_likes_enabled":true,"_links":{"self":[{"href":"https:\/\/informativoelvalledeaguascalientes.online\/index.php?rest_route=\/wp\/v2\/posts\/36519","targetHints":{"allow":["GET"]}}],"collection":[{"href":"https:\/\/informativoelvalledeaguascalientes.online\/index.php?rest_route=\/wp\/v2\/posts"}],"about":[{"href":"https:\/\/informativoelvalledeaguascalientes.online\/index.php?rest_route=\/wp\/v2\/types\/post"}],"author":[{"embeddable":true,"href":"https:\/\/informativoelvalledeaguascalientes.online\/index.php?rest_route=\/wp\/v2\/users\/1"}],"replies":[{"embeddable":true,"href":"https:\/\/informativoelvalledeaguascalientes.online\/index.php?rest_route=%2Fwp%2Fv2%2Fcomments&post=36519"}],"version-history":[{"count":1,"href":"https:\/\/informativoelvalledeaguascalientes.online\/index.php?rest_route=\/wp\/v2\/posts\/36519\/revisions"}],"predecessor-version":[{"id":36521,"href":"https:\/\/informativoelvalledeaguascalientes.online\/index.php?rest_route=\/wp\/v2\/posts\/36519\/revisions\/36521"}],"wp:featuredmedia":[{"embeddable":true,"href":"https:\/\/informativoelvalledeaguascalientes.online\/index.php?rest_route=\/wp\/v2\/media\/36520"}],"wp:attachment":[{"href":"https:\/\/informativoelvalledeaguascalientes.online\/index.php?rest_route=%2Fwp%2Fv2%2Fmedia&parent=36519"}],"wp:term":[{"taxonomy":"category","embeddable":true,"href":"https:\/\/informativoelvalledeaguascalientes.online\/index.php?rest_route=%2Fwp%2Fv2%2Fcategories&post=36519"},{"taxonomy":"post_tag","embeddable":true,"href":"https:\/\/informativoelvalledeaguascalientes.online\/index.php?rest_route=%2Fwp%2Fv2%2Ftags&post=36519"}],"curies":[{"name":"wp","href":"https:\/\/api.w.org\/{rel}","templated":true}]}}