{"id":3646,"date":"2020-03-03T07:51:20","date_gmt":"2020-03-03T13:51:20","guid":{"rendered":"https:\/\/informativoelvalledeaguascalientes.online\/?p=3646"},"modified":"2020-03-03T07:51:20","modified_gmt":"2020-03-03T13:51:20","slug":"tere-jimenez-comprometida-con-la-salud-de-las-familias-de-aguascalientes","status":"publish","type":"post","link":"https:\/\/informativoelvalledeaguascalientes.online\/?p=3646","title":{"rendered":"TERE JIM\u00c9NEZ COMPROMETIDA CON LA SALUD DE LAS FAMILIAS DE AGUASCALIENTES"},"content":{"rendered":"<div class=\"opinion-section opinion-single-cover opinion-indent opinion-overlay\">\n<div class=\"container\">\n<div class=\"section-head row justify-content-center text-center\">\n<div class=\"col-12 col-md-8\"><\/div>\n<\/div>\n<\/div>\n<\/div>\n<div class=\"opinion-section\">\n<div class=\"container\">\n<div class=\"section-content row justify-content-center\">\n<div class=\"col-12 col-lg-8 opinion-order-1\">\n<article class=\"opinion-post opinion-single post-13881 post type-post status-publish format-standard has-post-thumbnail hentry category-salud tag-alcaldesa-tere-jimenez tag-certificacion-municipio-saludable tag-comite-municipal-de-salud-y-adicciones-2019-2021\">\n<div class=\"entry-content\">\n<p>Al tomar protesta al Comit\u00e9 Municipal de Salud y Adicciones 2019-2021, la alcaldesa\u00a0<strong>Tere Jim\u00e9nez\u00a0<\/strong>reiter\u00f3 que intensificar\u00e1n los programas que impulsen entre la ciudadan\u00eda estilos de vida saludables en todos los sectores de la poblaci\u00f3n.<\/p>\n<p>Ante representantes del sector refrend\u00f3 la apertura para trabajar en coordinaci\u00f3n.\u00a0 Dijo que despu\u00e9s de las acciones que en 2019 certificaron a Aguascalientes como Municipio Saludable, este a\u00f1o a trav\u00e9s de las jornadas m\u00e9dicas y pl\u00e1ticas de concientizaci\u00f3n en instituciones educativas, se dar\u00e1 continuidad a la prevenci\u00f3n y detecci\u00f3n de enfermedades en ni\u00f1os y j\u00f3venes.<\/p>\n<\/div>\n<\/article>\n<\/div>\n<\/div>\n<\/div>\n<\/div>\n","protected":false},"excerpt":{"rendered":"<p>Al tomar protesta al Comit\u00e9 Municipal de Salud y Adicciones 2019-2021, la alcaldesa\u00a0Tere Jim\u00e9nez\u00a0reiter\u00f3 que intensificar\u00e1n los programas que impulsen entre la ciudadan\u00eda estilos de vida saludables en todos los sectores de la poblaci\u00f3n. Ante representantes del sector refrend\u00f3 la apertura para trabajar en coordinaci\u00f3n.\u00a0 Dijo que despu\u00e9s de las acciones que en 2019 certificaron [&hellip;]<\/p>\n","protected":false},"author":1,"featured_media":3647,"comment_status":"closed","ping_status":"open","sticky":false,"template":"","format":"standard","meta":{"advanced_seo_description":"","jetpack_seo_html_title":"","jetpack_seo_noindex":false,"_jetpack_memberships_contains_paid_content":false,"footnotes":"","jetpack_publicize_message":"","jetpack_publicize_feature_enabled":true,"jetpack_social_post_already_shared":true,"jetpack_social_options":{"image_generator_settings":{"template":"highway","default_image_id":0,"font":"","enabled":false},"version":2}},"categories":[21,3],"tags":[22,25],"class_list":["post-3646","post","type-post","status-publish","format-standard","has-post-thumbnail","hentry","category-aguascalientes","category-municipio-aguascalientes","tag-aguascalientes","tag-mpio-aguascalientes"],"jetpack_publicize_connections":[],"jetpack_featured_media_url":"https:\/\/i0.wp.com\/informativoelvalledeaguascalientes.online\/wp-content\/uploads\/2020\/03\/mpio_ags_salud_02032020.jpg?fit=1024%2C441&ssl=1","jetpack-related-posts":[],"jetpack_sharing_enabled":true,"jetpack_likes_enabled":true,"_links":{"self":[{"href":"https:\/\/informativoelvalledeaguascalientes.online\/index.php?rest_route=\/wp\/v2\/posts\/3646","targetHints":{"allow":["GET"]}}],"collection":[{"href":"https:\/\/informativoelvalledeaguascalientes.online\/index.php?rest_route=\/wp\/v2\/posts"}],"about":[{"href":"https:\/\/informativoelvalledeaguascalientes.online\/index.php?rest_route=\/wp\/v2\/types\/post"}],"author":[{"embeddable":true,"href":"https:\/\/informativoelvalledeaguascalientes.online\/index.php?rest_route=\/wp\/v2\/users\/1"}],"replies":[{"embeddable":true,"href":"https:\/\/informativoelvalledeaguascalientes.online\/index.php?rest_route=%2Fwp%2Fv2%2Fcomments&post=3646"}],"version-history":[{"count":1,"href":"https:\/\/informativoelvalledeaguascalientes.online\/index.php?rest_route=\/wp\/v2\/posts\/3646\/revisions"}],"predecessor-version":[{"id":3648,"href":"https:\/\/informativoelvalledeaguascalientes.online\/index.php?rest_route=\/wp\/v2\/posts\/3646\/revisions\/3648"}],"wp:featuredmedia":[{"embeddable":true,"href":"https:\/\/informativoelvalledeaguascalientes.online\/index.php?rest_route=\/wp\/v2\/media\/3647"}],"wp:attachment":[{"href":"https:\/\/informativoelvalledeaguascalientes.online\/index.php?rest_route=%2Fwp%2Fv2%2Fmedia&parent=3646"}],"wp:term":[{"taxonomy":"category","embeddable":true,"href":"https:\/\/informativoelvalledeaguascalientes.online\/index.php?rest_route=%2Fwp%2Fv2%2Fcategories&post=3646"},{"taxonomy":"post_tag","embeddable":true,"href":"https:\/\/informativoelvalledeaguascalientes.online\/index.php?rest_route=%2Fwp%2Fv2%2Ftags&post=3646"}],"curies":[{"name":"wp","href":"https:\/\/api.w.org\/{rel}","templated":true}]}}