{"id":3643,"date":"2020-03-03T07:46:37","date_gmt":"2020-03-03T13:46:37","guid":{"rendered":"https:\/\/informativoelvalledeaguascalientes.online\/?p=3643"},"modified":"2020-03-03T07:46:37","modified_gmt":"2020-03-03T13:46:37","slug":"urgente-aplicacion-de-reformas-al-sistema-de-justicia-en-mexico-tono-martin-del-campo","status":"publish","type":"post","link":"https:\/\/informativoelvalledeaguascalientes.online\/?p=3643","title":{"rendered":"URGENTE APLICACI\u00d3N DE REFORMAS AL SISTEMA DE JUSTICIA EN M\u00c9XICO: TO\u00d1O MART\u00cdN DEL CAMPO"},"content":{"rendered":"<ul>\n<li><strong>En rueda de prensa conjunta con el Senador Dami\u00e1n Zepeda, anunci\u00f3 que como miembro de la Comisi\u00f3n de Justicia presentar\u00e1 ante el pleno un proyecto para adecuar las leyes en la materia <\/strong><\/li>\n<\/ul>\n<p><strong>\u00a0<\/strong><\/p>\n<ul>\n<li><strong>Asimismo los legisladores externaron su preocupaci\u00f3n ante el actual panorama de nuestro pa\u00eds debido a las malas decisiones del Gobierno Federal<\/strong><\/li>\n<\/ul>\n<p><strong>\u00a0<\/strong><\/p>\n<ul>\n<li><strong>Exhortaron a la ciudadan\u00eda a emitir un voto razonado durante las pr\u00f3ximas elecciones y as\u00ed alcanzar la pluralidad tanto en el Senado como en la C\u00e1mara de Diputados<\/strong><\/li>\n<\/ul>\n<p>&nbsp;<\/p>\n<p>Como parte de la serie de compromisos adquiridos durante su periodo de campa\u00f1a, el Senador por Aguascalientes To\u00f1o Mart\u00edn del Campo anunci\u00f3 que en breve habr\u00e1 de presentar ante el pleno una iniciativa de Reforma al Sistema de Justicia de la Naci\u00f3n a fin de garantizar la atenci\u00f3n integral en este rubro para todas y todos los mexicanos.<\/p>\n<p>&nbsp;<\/p>\n<p>As\u00ed lo dio a conocer en rueda de prensa conjunta con el tambi\u00e9n Senador panista Dami\u00e1n Zepeda Vidales donde en su calidad de miembro de la Comisi\u00f3n de Justicia asegur\u00f3 que se trata de una reforma completa e integral con la que se pretende atender desde la denuncia y la investigaci\u00f3n hasta llegar al juez.<\/p>\n<p>&nbsp;<\/p>\n<p>Explic\u00f3 que desafortunadamente en nuestro pa\u00eds de 100 delitos que se cometen, \u00fanicamente el 10% son denunciados y de este porcentaje el 7% son investigados y la mitad de \u00e9stos es decir el 3.5% son llevados ante un juez, situaci\u00f3n por dem\u00e1s alarmante ante el aumento de la criminalidad en M\u00e9xico durante el a\u00f1o pasado.<\/p>\n<p>&nbsp;<\/p>\n<p>Precis\u00f3 que para poder conseguir un cambio verdadero que ofrezca a la ciudadan\u00eda acceso a la justicia, se partir\u00e1 de cuatro ejes principales: el fortalecimiento a la autonom\u00eda e independencia tanto de la Fiscal\u00eda General como del Poder Judicial en todo el pa\u00eds; fortalecimiento de las competencias, la capacidad del Poder Judicial y las Fiscal\u00edas con personas profesionales y ampliamente capacitadas; combate a la corrupci\u00f3n\u00a0 nepotismo tanto en el Poder Judicial como en las Fiscal\u00edas y finalmente facilitar la justicia para los mexicanos por medio del cambio de los procedimientos al hacerlos orales, sencillos y r\u00e1pidos<\/p>\n<p>&nbsp;<\/p>\n<p><em>\u201cEstos cuatro ejes son los que trabajamos al interno del Grupo parlamentario del PAN para la Comisi\u00f3n de Justicia de donde formamos parte los dos y en el marco de este periodo vamos a presentar la propuesta integral con estos cuatro puntos\u201d.<\/em><\/p>\n<p>&nbsp;<\/p>\n<p>En su oportunidad, el Senador Dami\u00e1n Zepeda Vidales, quien cuenta tambi\u00e9n con una amplia trayectoria dentro de Acci\u00f3n Nacional, calific\u00f3 como malo el panorama de nuestro Pa\u00eds a m\u00e1s de un a\u00f1o del inicio del Gobierno de Andr\u00e9s Manuel L\u00f3pez Obrador y muestra de ello es la ca\u00edda en el \u00edndice de aprobaci\u00f3n del Presidente que de acuerdo a las cifras de diferentes casas encuestadoras oscila entre el 58 y 59%.<\/p>\n<p><em>\u00a0<\/em><\/p>\n<p><em>\u201cEn mi opini\u00f3n M\u00e9xico va bastante mal, est\u00e1 mal gobernado al d\u00eda de hoy por AMLO y MORENA nosotros tenemos una visi\u00f3n distinta pero quisi\u00e9ramos que le fuera bien al pa\u00eds pero desgraciadamente a estas alturas ya es claro, no solamente para los partidos de oposici\u00f3n sino tambi\u00e9n para la ciudadan\u00eda en general que no es el cambio que se esperaba el de MORENA y AMLO\u201d.<\/em><\/p>\n<p><em>\u00a0<\/em><\/p>\n<p>Indic\u00f3 que la econom\u00eda se encuentra estancada puesto que todas las previsiones se encuentran por debajo del 1% aun cuando la promesa fue llegar al 4% sin embargo, durante el a\u00f1o pasado se perdieron o dejaron de crearse 300 mil empleos esto aunado al hecho de que tambi\u00e9n el 2019 fue considerado como el a\u00f1o m\u00e1s violento de la historia lo cual es clara muestra de que la estrategia no est\u00e1 funcionando.<\/p>\n<p><em>\u00a0<\/em><\/p>\n<p>A\u00f1adi\u00f3 que la democracia tambi\u00e9n se est\u00e1 viendo seriamente afectada al invadir al INE, organismo que ha garantizado la alternancia en M\u00e9xico; por tal motivo, el Senador exhort\u00f3 a la ciudadan\u00eda para que las pr\u00f3ximas elecciones emitan un voto razonado donde se promueva la pluralidad tanto de Diputados como de Senadores.<\/p>\n<p>&nbsp;<\/p>\n<p><em>\u201cEl reto que tenemos en este pa\u00eds en el 2021 es que se tenga pluralidad en la C\u00e1mara de Diputados, porque no est\u00e1 sirviendo de nada que MORENA tenga controladas ambas c\u00e1maras, est\u00e1n pudiendo hacer todos los cambios que quieren y no los est\u00e1n orientando para bien, est\u00e1n haciendo cambios que ponen en riesgo a nuestro pa\u00eds, es sano que exista&#8221; diversidad de ideas y para eso el llamado a los ciudadanos\u201d.<\/em><\/p>\n<p><em>\u00a0<\/em><\/p>\n<p>Finalmente, Zepeda Vidales agradeci\u00f3 a To\u00f1o Mart\u00edn del Campo la invitaci\u00f3n a compartir sus puntos de vista con los aguascalentenses y reconoci\u00f3 tambi\u00e9n la labor que desde el Senado ha realizado en bien de la sociedad.<\/p>\n<p><strong><em>\u00a0<\/em><\/strong><\/p>\n","protected":false},"excerpt":{"rendered":"<p>En rueda de prensa conjunta con el Senador Dami\u00e1n Zepeda, anunci\u00f3 que como miembro de la Comisi\u00f3n de Justicia presentar\u00e1 ante el pleno un proyecto para adecuar las leyes en la materia \u00a0 Asimismo los legisladores externaron su preocupaci\u00f3n ante el actual panorama de nuestro pa\u00eds debido a las malas decisiones del Gobierno Federal \u00a0 [&hellip;]<\/p>\n","protected":false},"author":1,"featured_media":3644,"comment_status":"closed","ping_status":"open","sticky":false,"template":"","format":"standard","meta":{"advanced_seo_description":"","jetpack_seo_html_title":"","jetpack_seo_noindex":false,"_jetpack_memberships_contains_paid_content":false,"footnotes":"","jetpack_publicize_message":"","jetpack_publicize_feature_enabled":true,"jetpack_social_post_already_shared":true,"jetpack_social_options":{"image_generator_settings":{"template":"highway","default_image_id":0,"font":"","enabled":false},"version":2}},"categories":[21,19,7,6],"tags":[22,23,49],"class_list":["post-3643","post","type-post","status-publish","format-standard","has-post-thumbnail","hentry","category-aguascalientes","category-informacion-general","category-pan-aguascalientes","category-partidos-politicos","tag-aguascalientes","tag-pan-aguascalientes","tag-tono-martin-del-campo"],"jetpack_publicize_connections":[],"jetpack_featured_media_url":"https:\/\/i0.wp.com\/informativoelvalledeaguascalientes.online\/wp-content\/uploads\/2020\/03\/tmc_02032020.jpg?fit=1280%2C853&ssl=1","jetpack-related-posts":[],"jetpack_sharing_enabled":true,"jetpack_likes_enabled":true,"_links":{"self":[{"href":"https:\/\/informativoelvalledeaguascalientes.online\/index.php?rest_route=\/wp\/v2\/posts\/3643","targetHints":{"allow":["GET"]}}],"collection":[{"href":"https:\/\/informativoelvalledeaguascalientes.online\/index.php?rest_route=\/wp\/v2\/posts"}],"about":[{"href":"https:\/\/informativoelvalledeaguascalientes.online\/index.php?rest_route=\/wp\/v2\/types\/post"}],"author":[{"embeddable":true,"href":"https:\/\/informativoelvalledeaguascalientes.online\/index.php?rest_route=\/wp\/v2\/users\/1"}],"replies":[{"embeddable":true,"href":"https:\/\/informativoelvalledeaguascalientes.online\/index.php?rest_route=%2Fwp%2Fv2%2Fcomments&post=3643"}],"version-history":[{"count":1,"href":"https:\/\/informativoelvalledeaguascalientes.online\/index.php?rest_route=\/wp\/v2\/posts\/3643\/revisions"}],"predecessor-version":[{"id":3645,"href":"https:\/\/informativoelvalledeaguascalientes.online\/index.php?rest_route=\/wp\/v2\/posts\/3643\/revisions\/3645"}],"wp:featuredmedia":[{"embeddable":true,"href":"https:\/\/informativoelvalledeaguascalientes.online\/index.php?rest_route=\/wp\/v2\/media\/3644"}],"wp:attachment":[{"href":"https:\/\/informativoelvalledeaguascalientes.online\/index.php?rest_route=%2Fwp%2Fv2%2Fmedia&parent=3643"}],"wp:term":[{"taxonomy":"category","embeddable":true,"href":"https:\/\/informativoelvalledeaguascalientes.online\/index.php?rest_route=%2Fwp%2Fv2%2Fcategories&post=3643"},{"taxonomy":"post_tag","embeddable":true,"href":"https:\/\/informativoelvalledeaguascalientes.online\/index.php?rest_route=%2Fwp%2Fv2%2Ftags&post=3643"}],"curies":[{"name":"wp","href":"https:\/\/api.w.org\/{rel}","templated":true}]}}