{"id":3640,"date":"2020-03-03T07:41:41","date_gmt":"2020-03-03T13:41:41","guid":{"rendered":"https:\/\/informativoelvalledeaguascalientes.online\/?p=3640"},"modified":"2020-03-03T07:41:41","modified_gmt":"2020-03-03T13:41:41","slug":"tere-jimenez-puso-en-marcha-rehabilitacion-de-calles-en-comunidades-rurales","status":"publish","type":"post","link":"https:\/\/informativoelvalledeaguascalientes.online\/?p=3640","title":{"rendered":"TERE JIM\u00c9NEZ PUSO EN MARCHA REHABILITACI\u00d3N DE CALLES EN COMUNIDADES RURALES"},"content":{"rendered":"<div class=\"opinion-section opinion-single-cover opinion-indent opinion-overlay\">\n<div class=\"container\">\n<div class=\"section-head row justify-content-center text-center\">\n<div class=\"col-12 col-md-8\"><\/div>\n<\/div>\n<\/div>\n<\/div>\n<div class=\"opinion-section\">\n<div class=\"container\">\n<div class=\"section-content row justify-content-center\">\n<div class=\"col-12 col-lg-8 opinion-order-1\">\n<article class=\"opinion-post opinion-single post-13870 post type-post status-publish format-standard has-post-thumbnail hentry category-obras-publicas tag-marco-antonio-licon-davila tag-rehabilitacion tag-secretaria-de-obras-publicas tag-vialidades\">\n<div class=\"entry-content\">\n<ul>\n<li><strong>Con una inversi\u00f3n de 220 mil pesos iniciaron los trabajos de rastreo y nivelaci\u00f3n de calles en la comunidad Lomas de los Negritos<\/strong><\/li>\n<\/ul>\n<p>La alcaldesa\u00a0<strong>Tere Jim\u00e9nez\u00a0<\/strong>dio el banderazo de arranque de las obras de rastreo y nivelaci\u00f3n de calles en la comunidad Lomas de los Negritos, con una inversi\u00f3n de 220 mil pesos, en beneficio de mil 500 habitantes.<\/p>\n<p>Ante vecinos de la localidad, la alcaldesa refrend\u00f3 su compromiso de seguir trabajando para mejorar las condiciones de vida y el entorno de todos los sectores de la sociedad, agreg\u00f3 que con estas mejoras las personas podr\u00e1n realizar traslados \u00e1giles y seguros.<\/p>\n<p><strong>Marco Antonio Lic\u00f3n D\u00e1vila<\/strong>, secretario de Obras P\u00fablicas del Municipio de Aguascalientes inform\u00f3 que los trabajos se realizar\u00e1n en las calles Celso Barrientos, Juan S\u00e1nchez, Irineo Barrientos, Luis Donaldo Colosio, V\u00edctor Montes y Efra\u00edn Barrientos, lo que representa una superficie de casi 7 mil metros cuadrados de vialidades rehabilitadas.<\/p>\n<p>Para la administraci\u00f3n municipal es prioritario continuar con los trabajos de conservaci\u00f3n y rehabilitaci\u00f3n de las vialidades, ya que con estas acciones se garantiza que ya no se registren encharcamientos, lodo e inundaciones en temporada de lluvias.<\/p>\n<\/div>\n<\/article>\n<\/div>\n<\/div>\n<\/div>\n<\/div>\n","protected":false},"excerpt":{"rendered":"<p>Con una inversi\u00f3n de 220 mil pesos iniciaron los trabajos de rastreo y nivelaci\u00f3n de calles en la comunidad Lomas de los Negritos La alcaldesa\u00a0Tere Jim\u00e9nez\u00a0dio el banderazo de arranque de las obras de rastreo y nivelaci\u00f3n de calles en la comunidad Lomas de los Negritos, con una inversi\u00f3n de 220 mil pesos, en beneficio [&hellip;]<\/p>\n","protected":false},"author":1,"featured_media":3641,"comment_status":"closed","ping_status":"open","sticky":false,"template":"","format":"standard","meta":{"advanced_seo_description":"","jetpack_seo_html_title":"","jetpack_seo_noindex":false,"_jetpack_memberships_contains_paid_content":false,"footnotes":"","jetpack_publicize_message":"","jetpack_publicize_feature_enabled":true,"jetpack_social_post_already_shared":true,"jetpack_social_options":{"image_generator_settings":{"template":"highway","default_image_id":0,"font":"","enabled":false},"version":2}},"categories":[21,3],"tags":[22,25],"class_list":["post-3640","post","type-post","status-publish","format-standard","has-post-thumbnail","hentry","category-aguascalientes","category-municipio-aguascalientes","tag-aguascalientes","tag-mpio-aguascalientes"],"jetpack_publicize_connections":[],"jetpack_featured_media_url":"https:\/\/i0.wp.com\/informativoelvalledeaguascalientes.online\/wp-content\/uploads\/2020\/03\/mpio_ags_obras_02032020.jpg?fit=1024%2C683&ssl=1","jetpack-related-posts":[],"jetpack_sharing_enabled":true,"jetpack_likes_enabled":true,"_links":{"self":[{"href":"https:\/\/informativoelvalledeaguascalientes.online\/index.php?rest_route=\/wp\/v2\/posts\/3640","targetHints":{"allow":["GET"]}}],"collection":[{"href":"https:\/\/informativoelvalledeaguascalientes.online\/index.php?rest_route=\/wp\/v2\/posts"}],"about":[{"href":"https:\/\/informativoelvalledeaguascalientes.online\/index.php?rest_route=\/wp\/v2\/types\/post"}],"author":[{"embeddable":true,"href":"https:\/\/informativoelvalledeaguascalientes.online\/index.php?rest_route=\/wp\/v2\/users\/1"}],"replies":[{"embeddable":true,"href":"https:\/\/informativoelvalledeaguascalientes.online\/index.php?rest_route=%2Fwp%2Fv2%2Fcomments&post=3640"}],"version-history":[{"count":1,"href":"https:\/\/informativoelvalledeaguascalientes.online\/index.php?rest_route=\/wp\/v2\/posts\/3640\/revisions"}],"predecessor-version":[{"id":3642,"href":"https:\/\/informativoelvalledeaguascalientes.online\/index.php?rest_route=\/wp\/v2\/posts\/3640\/revisions\/3642"}],"wp:featuredmedia":[{"embeddable":true,"href":"https:\/\/informativoelvalledeaguascalientes.online\/index.php?rest_route=\/wp\/v2\/media\/3641"}],"wp:attachment":[{"href":"https:\/\/informativoelvalledeaguascalientes.online\/index.php?rest_route=%2Fwp%2Fv2%2Fmedia&parent=3640"}],"wp:term":[{"taxonomy":"category","embeddable":true,"href":"https:\/\/informativoelvalledeaguascalientes.online\/index.php?rest_route=%2Fwp%2Fv2%2Fcategories&post=3640"},{"taxonomy":"post_tag","embeddable":true,"href":"https:\/\/informativoelvalledeaguascalientes.online\/index.php?rest_route=%2Fwp%2Fv2%2Ftags&post=3640"}],"curies":[{"name":"wp","href":"https:\/\/api.w.org\/{rel}","templated":true}]}}