{"id":36333,"date":"2022-10-10T15:42:57","date_gmt":"2022-10-10T21:42:57","guid":{"rendered":"https:\/\/informativoelvalledeaguascalientes.online\/?p=36333"},"modified":"2022-10-10T15:42:57","modified_gmt":"2022-10-10T21:42:57","slug":"dialogo-y-unidad-indispensables-para-lograr-objetivos-en-educacion-marcados-por-la-gobernadora-tere-jimenez","status":"publish","type":"post","link":"https:\/\/informativoelvalledeaguascalientes.online\/?p=36333","title":{"rendered":"DI\u00c1LOGO Y UNIDAD, INDISPENSABLES PARA LOGRAR OBJETIVOS EN EDUCACI\u00d3N MARCADOS POR LA GOBERNADORA TERE JIM\u00c9NEZ"},"content":{"rendered":"<p>#informativoelvalledeaguascalientes #novaradioaguascalientes<\/p>\n<p style=\"font-weight: 400;\">\n<p style=\"font-weight: 400;\">\n<ul>\n<li style=\"font-weight: 400;\"><strong><em>La titular del IEA, Lorena Mart\u00ednez, encabez\u00f3 la ceremonia de Honores la Bandera en la Primaria Jardines de Aguascalientes<\/em><\/strong><\/li>\n<li style=\"font-weight: 400;\"><strong><em>Se realiz\u00f3 la entrega de libros como parte de la estrategia Biblioteca Aula<\/em><\/strong><\/li>\n<\/ul>\n<p style=\"font-weight: 400;\">\n<p style=\"font-weight: 400;\">Para lograr los objetivos de la gobernadora Tere Jim\u00e9nez en el sector educativo, es fundamental que todas y todos los actores involucrados actuemos con unidad y privilegiando el di\u00e1logo, pues este es el \u00fanico camino para asegurar que la entidad cuente con una educaci\u00f3n moderna, integral, pertinente y de calidad.<\/p>\n<p style=\"font-weight: 400;\">\n<p style=\"font-weight: 400;\">As\u00ed lo manifest\u00f3 la directora del Instituto de Educaci\u00f3n de Aguascalientes (IEA), Lorena Mart\u00ednez Rodr\u00edguez, al encabezar la ceremonia c\u00edvica de Honores la Bandera en la Escuela Primaria Jardines de Aguascalientes, plantel que est\u00e1 posicionado como uno de los mejores en el estado debido a sus indicadores de desempe\u00f1o acad\u00e9mico.<\/p>\n<p style=\"font-weight: 400;\">\n<p style=\"font-weight: 400;\">Durante su mensaje, la titular se\u00f1al\u00f3 que los acuerdos que se establezcan entre el IEA, el magisterio y su sindicato, padres de familia y los integrantes de la comunidad educativa en todo momento tendr\u00e1n en prop\u00f3sito de beneficiar la formaci\u00f3n de ni\u00f1as, ni\u00f1os, adolescentes y j\u00f3venes, para que en un futuro tengan mejores oportunidades y calidad de vida.<\/p>\n<p style=\"font-weight: 400;\">\n<p style=\"font-weight: 400;\">En este evento, Lorena Mart\u00ednez realiz\u00f3 la entrega de un lote de libros y publicaciones como parte de la estrategia Biblioteca Aula, la cual tiene la finalidad de fomentar la lectura entre las y los estudiantes, as\u00ed como apoyar a los planteles para incrementar su acervo bibliogr\u00e1fico.<\/p>\n<p style=\"font-weight: 400;\">\n<p style=\"font-weight: 400;\">Finalmente, Mar\u00eda Maldonado Montelongo, directora de esta escuela primaria, coincidi\u00f3 con la visi\u00f3n de trabajo de la titular del Instituto de Educaci\u00f3n, al destacar que el trinomio formado por autoridades educativas, maestros y padres y sus hijos, es la parte medular para la transformaci\u00f3n de este sector.<\/p>\n","protected":false},"excerpt":{"rendered":"<p>#informativoelvalledeaguascalientes #novaradioaguascalientes La titular del IEA, Lorena Mart\u00ednez, encabez\u00f3 la ceremonia de Honores la Bandera en la Primaria Jardines de Aguascalientes Se realiz\u00f3 la entrega de libros como parte de la estrategia Biblioteca Aula Para lograr los objetivos de la gobernadora Tere Jim\u00e9nez en el sector educativo, es fundamental que todas y todos los actores [&hellip;]<\/p>\n","protected":false},"author":1,"featured_media":36334,"comment_status":"closed","ping_status":"open","sticky":false,"template":"","format":"standard","meta":{"advanced_seo_description":"","jetpack_seo_html_title":"","jetpack_seo_noindex":false,"_jetpack_memberships_contains_paid_content":false,"footnotes":"","jetpack_publicize_message":"","jetpack_publicize_feature_enabled":true,"jetpack_social_post_already_shared":true,"jetpack_social_options":{"image_generator_settings":{"template":"highway","default_image_id":0,"font":"","enabled":false},"version":2}},"categories":[21,4],"tags":[22,39],"class_list":["post-36333","post","type-post","status-publish","format-standard","has-post-thumbnail","hentry","category-aguascalientes","category-gobierno-del-estado-aguascalientes","tag-aguascalientes","tag-iea"],"jetpack_publicize_connections":[],"jetpack_featured_media_url":"https:\/\/i0.wp.com\/informativoelvalledeaguascalientes.online\/wp-content\/uploads\/2022\/10\/iea-lmr.jpg?fit=938%2C625&ssl=1","jetpack-related-posts":[],"jetpack_sharing_enabled":true,"jetpack_likes_enabled":true,"_links":{"self":[{"href":"https:\/\/informativoelvalledeaguascalientes.online\/index.php?rest_route=\/wp\/v2\/posts\/36333","targetHints":{"allow":["GET"]}}],"collection":[{"href":"https:\/\/informativoelvalledeaguascalientes.online\/index.php?rest_route=\/wp\/v2\/posts"}],"about":[{"href":"https:\/\/informativoelvalledeaguascalientes.online\/index.php?rest_route=\/wp\/v2\/types\/post"}],"author":[{"embeddable":true,"href":"https:\/\/informativoelvalledeaguascalientes.online\/index.php?rest_route=\/wp\/v2\/users\/1"}],"replies":[{"embeddable":true,"href":"https:\/\/informativoelvalledeaguascalientes.online\/index.php?rest_route=%2Fwp%2Fv2%2Fcomments&post=36333"}],"version-history":[{"count":1,"href":"https:\/\/informativoelvalledeaguascalientes.online\/index.php?rest_route=\/wp\/v2\/posts\/36333\/revisions"}],"predecessor-version":[{"id":36335,"href":"https:\/\/informativoelvalledeaguascalientes.online\/index.php?rest_route=\/wp\/v2\/posts\/36333\/revisions\/36335"}],"wp:featuredmedia":[{"embeddable":true,"href":"https:\/\/informativoelvalledeaguascalientes.online\/index.php?rest_route=\/wp\/v2\/media\/36334"}],"wp:attachment":[{"href":"https:\/\/informativoelvalledeaguascalientes.online\/index.php?rest_route=%2Fwp%2Fv2%2Fmedia&parent=36333"}],"wp:term":[{"taxonomy":"category","embeddable":true,"href":"https:\/\/informativoelvalledeaguascalientes.online\/index.php?rest_route=%2Fwp%2Fv2%2Fcategories&post=36333"},{"taxonomy":"post_tag","embeddable":true,"href":"https:\/\/informativoelvalledeaguascalientes.online\/index.php?rest_route=%2Fwp%2Fv2%2Ftags&post=36333"}],"curies":[{"name":"wp","href":"https:\/\/api.w.org\/{rel}","templated":true}]}}