{"id":36056,"date":"2022-09-29T15:55:37","date_gmt":"2022-09-29T21:55:37","guid":{"rendered":"https:\/\/informativoelvalledeaguascalientes.online\/?p=36056"},"modified":"2022-09-29T15:55:37","modified_gmt":"2022-09-29T21:55:37","slug":"iea-aplico-evaluacion-diagnostica-a-alumnas-y-alumnos-de-primaria-y-secundaria","status":"publish","type":"post","link":"https:\/\/informativoelvalledeaguascalientes.online\/?p=36056","title":{"rendered":"IEA APLIC\u00d3 EVALUACI\u00d3N DIAGN\u00d3STICA A ALUMNAS Y ALUMNOS DE PRIMARIA Y SECUNDARIA"},"content":{"rendered":"<p>#informativoelvalledeaguascalientes , #novaradioaguascalientes<\/p>\n<p align=\"center\">\n<p>&nbsp;<\/p>\n<p><span style=\"font-family: arial, sans-serif;\">El Instituto de Educaci\u00f3n de Aguascalientes (IEA) a trav\u00e9s de la Subdirecci\u00f3n de Evaluaci\u00f3n aplic\u00f3 la <i>Evaluaci\u00f3n Diagn\u00f3stica para las y los alumnos de Educaci\u00f3n B\u00e1sica 2022-2023<\/i> a estudiantes de segundo a sexto grado de primaria y de primero a tercero de secundaria, de un total de <\/span>237 escuelas; 114 primarias y 123 secundarias, as\u00ed lo inform\u00f3 Ulises Reyes Esparza, director general de la dependencia.<\/p>\n<p><span style=\"font-family: arial, sans-serif;\">Destac\u00f3 que esta evaluaci\u00f3n se aplic\u00f3 en todo el pa\u00eds, y cada entidad particip\u00f3 con una muestra, la cual se realiz\u00f3 del 5 al 22 de septiembre; la\u00a0<\/span>informaci\u00f3n se enviar\u00e1 a la Direcci\u00f3n General de An\u00e1lisis y Diagn\u00f3stico del Aprovechamiento Educativo (DGADAE) as\u00ed como a la Comisi\u00f3n Nacional para la Mejora Continua de la Educaci\u00f3n (MEJOREDU) de la Secretar\u00eda de Educaci\u00f3n P\u00fablica (SEP).<\/p>\n<p><span style=\"font-family: arial, sans-serif;\">Se\u00f1al\u00f3 que este proceso tiene el objetivo de obtener un diagn\u00f3stico de los aprendizajes de las y los estudiantes al inicio del ciclo escolar 2022-2023, que contribuya al fortalecimiento de la pr\u00e1ctica docente y que al mismo tiempo proporcione informaci\u00f3n valiosa para analizar durante las sesiones de Consejo T\u00e9cnico Escolar, con la finalidad de identificar fortalezas y \u00e1reas de oportunidad a nivel grupo y escuela.<\/span><\/p>\n<p><span style=\"font-family: arial, sans-serif;\">Por su parte,\u00a0Cintya Guzm\u00e1n Ram\u00edrez, titular de la Subdirecci\u00f3n de Evaluaci\u00f3n del IEA, se\u00f1al\u00f3 que en este ejercicio se abordaron tres unidades de an\u00e1lisis: lectura, matem\u00e1ticas y formaci\u00f3n c\u00edvica y \u00e9tica.<\/span><\/p>\n<p align=\"center\">\n","protected":false},"excerpt":{"rendered":"<p>#informativoelvalledeaguascalientes , #novaradioaguascalientes &nbsp; El Instituto de Educaci\u00f3n de Aguascalientes (IEA) a trav\u00e9s de la Subdirecci\u00f3n de Evaluaci\u00f3n aplic\u00f3 la Evaluaci\u00f3n Diagn\u00f3stica para las y los alumnos de Educaci\u00f3n B\u00e1sica 2022-2023 a estudiantes de segundo a sexto grado de primaria y de primero a tercero de secundaria, de un total de 237 escuelas; 114 primarias [&hellip;]<\/p>\n","protected":false},"author":1,"featured_media":36059,"comment_status":"closed","ping_status":"open","sticky":false,"template":"","format":"standard","meta":{"advanced_seo_description":"","jetpack_seo_html_title":"","jetpack_seo_noindex":false,"_jetpack_memberships_contains_paid_content":false,"footnotes":"","jetpack_publicize_message":"","jetpack_publicize_feature_enabled":true,"jetpack_social_post_already_shared":true,"jetpack_social_options":{"image_generator_settings":{"template":"highway","default_image_id":0,"font":"","enabled":false},"version":2}},"categories":[21,4],"tags":[22,39],"class_list":["post-36056","post","type-post","status-publish","format-standard","has-post-thumbnail","hentry","category-aguascalientes","category-gobierno-del-estado-aguascalientes","tag-aguascalientes","tag-iea"],"jetpack_publicize_connections":[],"jetpack_featured_media_url":"https:\/\/i0.wp.com\/informativoelvalledeaguascalientes.online\/wp-content\/uploads\/2022\/09\/IMG_4050.jpeg?fit=1280%2C853&ssl=1","jetpack-related-posts":[],"jetpack_sharing_enabled":true,"jetpack_likes_enabled":true,"_links":{"self":[{"href":"https:\/\/informativoelvalledeaguascalientes.online\/index.php?rest_route=\/wp\/v2\/posts\/36056","targetHints":{"allow":["GET"]}}],"collection":[{"href":"https:\/\/informativoelvalledeaguascalientes.online\/index.php?rest_route=\/wp\/v2\/posts"}],"about":[{"href":"https:\/\/informativoelvalledeaguascalientes.online\/index.php?rest_route=\/wp\/v2\/types\/post"}],"author":[{"embeddable":true,"href":"https:\/\/informativoelvalledeaguascalientes.online\/index.php?rest_route=\/wp\/v2\/users\/1"}],"replies":[{"embeddable":true,"href":"https:\/\/informativoelvalledeaguascalientes.online\/index.php?rest_route=%2Fwp%2Fv2%2Fcomments&post=36056"}],"version-history":[{"count":1,"href":"https:\/\/informativoelvalledeaguascalientes.online\/index.php?rest_route=\/wp\/v2\/posts\/36056\/revisions"}],"predecessor-version":[{"id":36060,"href":"https:\/\/informativoelvalledeaguascalientes.online\/index.php?rest_route=\/wp\/v2\/posts\/36056\/revisions\/36060"}],"wp:featuredmedia":[{"embeddable":true,"href":"https:\/\/informativoelvalledeaguascalientes.online\/index.php?rest_route=\/wp\/v2\/media\/36059"}],"wp:attachment":[{"href":"https:\/\/informativoelvalledeaguascalientes.online\/index.php?rest_route=%2Fwp%2Fv2%2Fmedia&parent=36056"}],"wp:term":[{"taxonomy":"category","embeddable":true,"href":"https:\/\/informativoelvalledeaguascalientes.online\/index.php?rest_route=%2Fwp%2Fv2%2Fcategories&post=36056"},{"taxonomy":"post_tag","embeddable":true,"href":"https:\/\/informativoelvalledeaguascalientes.online\/index.php?rest_route=%2Fwp%2Fv2%2Ftags&post=36056"}],"curies":[{"name":"wp","href":"https:\/\/api.w.org\/{rel}","templated":true}]}}