{"id":36051,"date":"2022-09-29T15:48:33","date_gmt":"2022-09-29T21:48:33","guid":{"rendered":"https:\/\/informativoelvalledeaguascalientes.online\/?p=36051"},"modified":"2022-09-29T15:48:33","modified_gmt":"2022-09-29T21:48:33","slug":"%f0%9d%91%ba%f0%9d%92%86-%f0%9d%92%93%f0%9d%92%86%f0%9d%92%87%f0%9d%92%96%f0%9d%92%86%f0%9d%92%93%f0%9d%92%9b%f0%9d%92%82%f0%9d%92%8f-%f0%9d%92%8d%f0%9d%92%82%f0%9d%92%94-%f0%9d%92%82%f0%9d%92%84","status":"publish","type":"post","link":"https:\/\/informativoelvalledeaguascalientes.online\/?p=36051","title":{"rendered":"\ud835\udc7a\ud835\udc86 \ud835\udc93\ud835\udc86\ud835\udc87\ud835\udc96\ud835\udc86\ud835\udc93\ud835\udc9b\ud835\udc82\ud835\udc8f \ud835\udc8d\ud835\udc82\ud835\udc94 \ud835\udc82\ud835\udc84\ud835\udc84\ud835\udc8a\ud835\udc90\ud835\udc8f\ud835\udc86\ud835\udc94 \ud835\udc91\ud835\udc82\ud835\udc93\ud835\udc82 \ud835\udc91\ud835\udc93\ud835\udc86\ud835\udc97\ud835\udc86\ud835\udc8f\ud835\udc8a\ud835\udc93 \ud835\udc8d\ud835\udc82 \ud835\udc86\ud835\udc99\ud835\udc95\ud835\udc90\ud835\udc93\ud835\udc94\ud835\udc8a\ud835\udc90\u0301\ud835\udc8f \ud835\udc95\ud835\udc86\ud835\udc8d\ud835\udc86\ud835\udc87\ud835\udc90\u0301\ud835\udc8f\ud835\udc8a\ud835\udc84\ud835\udc82 \ud835\udc86\ud835\udc8f \ud835\udc86\ud835\udc8d \ud835\udc8e\ud835\udc96\ud835\udc8f\ud835\udc8a\ud835\udc84\ud835\udc8a\ud835\udc91\ud835\udc8a\ud835\udc90 \ud835\udc85\ud835\udc86 \ud835\udc6a\ud835\udc82\ud835\udc8d\ud835\udc97\ud835\udc8a\ud835\udc8d\ud835\udc8d\ud835\udc90"},"content":{"rendered":"<p>#informativoelvalledeaguascalientes , #novaradioaguascalientes<\/p>\n<p>Como parte de las acciones de prevenci\u00f3n que impulsa la Secretar\u00eda de Seguridad P\u00fablica del Estado a trav\u00e9s del Mando Coordinado, se repartieron tr\u00edpticos a transe\u00fantes, trabajadores y comerciantes del municipio de Calvillo.<\/p>\n<p>Personal de la Secretar\u00eda de Seguridad P\u00fablica y Vialidad del Municipio de Calvillo recorrieron la zona centro de dicha cabecera municipal para dar a conocer a la ciudadan\u00eda recomendaciones para evitar ser v\u00edctima de alguna extorsi\u00f3n telef\u00f3nica en sus distintas modalidades, asimismo compartieron informaci\u00f3n con colaboradores de las tiendas de conveniencia Oxxo y Centros de atenci\u00f3n telef\u00f3nica.<\/p>\n<p>Los uniformados sugirieron no contestar llamadas de n\u00fameros desconocidos, evitar proporcionar datos personales o de familiares, as\u00ed como reportar cualquier llamada sospechosa al 911.<\/p>\n<p>#\ud835\udc13\ud835\udc2e\ud835\udc12\ud835\udc1e\ud835\udc20\ud835\udc2e\ud835\udc2b\ud835\udc22\ud835\udc1d\ud835\udc1a\ud835\udc1d\ud835\udc0d\ud835\udc2e\ud835\udc1e\ud835\udc2c\ud835\udc2d\ud835\udc2b\ud835\udc1a\ud835\udc0c\ud835\udc22\ud835\udc2c\ud835\udc22\ud835\udc28\ud835\udc27\ud835\udc13\ud835\udc2e\ud835\udc0c\ud835\udc22\ud835\udc2c\ud835\udc22\ud835\udc28\u0301\ud835\udc27\ud835\udc0b\ud835\udc1a\ud835\udc0f\ud835\udc2b\ud835\udc1e\ud835\udc2f\ud835\udc1e\ud835\udc27\ud835\udc1c\ud835\udc22\ud835\udc28\u0301\ud835\udc27<\/p>\n","protected":false},"excerpt":{"rendered":"<p>#informativoelvalledeaguascalientes , #novaradioaguascalientes Como parte de las acciones de prevenci\u00f3n que impulsa la Secretar\u00eda de Seguridad P\u00fablica del Estado a trav\u00e9s del Mando Coordinado, se repartieron tr\u00edpticos a transe\u00fantes, trabajadores y comerciantes del municipio de Calvillo. Personal de la Secretar\u00eda de Seguridad P\u00fablica y Vialidad del Municipio de Calvillo recorrieron la zona centro de dicha [&hellip;]<\/p>\n","protected":false},"author":1,"featured_media":36052,"comment_status":"closed","ping_status":"open","sticky":false,"template":"","format":"standard","meta":{"advanced_seo_description":"","jetpack_seo_html_title":"","jetpack_seo_noindex":false,"_jetpack_memberships_contains_paid_content":false,"footnotes":"","jetpack_publicize_message":"","jetpack_publicize_feature_enabled":true,"jetpack_social_post_already_shared":true,"jetpack_social_options":{"image_generator_settings":{"template":"highway","default_image_id":0,"font":"","enabled":false},"version":2}},"categories":[21,13],"tags":[22,88,29],"class_list":["post-36051","post","type-post","status-publish","format-standard","has-post-thumbnail","hentry","category-aguascalientes","category-calvillo-aguascalientes","tag-aguascalientes","tag-calvillo","tag-calvillo-aguascalientes"],"jetpack_publicize_connections":[],"jetpack_featured_media_url":"https:\/\/i0.wp.com\/informativoelvalledeaguascalientes.online\/wp-content\/uploads\/2022\/09\/eaacb4f9-b5d6-4150-b6cf-d0e98d387592.jpg?fit=1223%2C878&ssl=1","jetpack-related-posts":[],"jetpack_sharing_enabled":true,"jetpack_likes_enabled":true,"_links":{"self":[{"href":"https:\/\/informativoelvalledeaguascalientes.online\/index.php?rest_route=\/wp\/v2\/posts\/36051","targetHints":{"allow":["GET"]}}],"collection":[{"href":"https:\/\/informativoelvalledeaguascalientes.online\/index.php?rest_route=\/wp\/v2\/posts"}],"about":[{"href":"https:\/\/informativoelvalledeaguascalientes.online\/index.php?rest_route=\/wp\/v2\/types\/post"}],"author":[{"embeddable":true,"href":"https:\/\/informativoelvalledeaguascalientes.online\/index.php?rest_route=\/wp\/v2\/users\/1"}],"replies":[{"embeddable":true,"href":"https:\/\/informativoelvalledeaguascalientes.online\/index.php?rest_route=%2Fwp%2Fv2%2Fcomments&post=36051"}],"version-history":[{"count":1,"href":"https:\/\/informativoelvalledeaguascalientes.online\/index.php?rest_route=\/wp\/v2\/posts\/36051\/revisions"}],"predecessor-version":[{"id":36053,"href":"https:\/\/informativoelvalledeaguascalientes.online\/index.php?rest_route=\/wp\/v2\/posts\/36051\/revisions\/36053"}],"wp:featuredmedia":[{"embeddable":true,"href":"https:\/\/informativoelvalledeaguascalientes.online\/index.php?rest_route=\/wp\/v2\/media\/36052"}],"wp:attachment":[{"href":"https:\/\/informativoelvalledeaguascalientes.online\/index.php?rest_route=%2Fwp%2Fv2%2Fmedia&parent=36051"}],"wp:term":[{"taxonomy":"category","embeddable":true,"href":"https:\/\/informativoelvalledeaguascalientes.online\/index.php?rest_route=%2Fwp%2Fv2%2Fcategories&post=36051"},{"taxonomy":"post_tag","embeddable":true,"href":"https:\/\/informativoelvalledeaguascalientes.online\/index.php?rest_route=%2Fwp%2Fv2%2Ftags&post=36051"}],"curies":[{"name":"wp","href":"https:\/\/api.w.org\/{rel}","templated":true}]}}