{"id":36047,"date":"2022-09-29T15:46:51","date_gmt":"2022-09-29T21:46:51","guid":{"rendered":"https:\/\/informativoelvalledeaguascalientes.online\/?p=36047"},"modified":"2022-09-29T15:46:51","modified_gmt":"2022-09-29T21:46:51","slug":"declaratoria-para-el-%f0%9d%99%82%f0%9d%99%9a%f0%9d%99%a4%f0%9d%99%a5%f0%9d%99%96%f0%9d%99%a7%f0%9d%99%a6%f0%9d%99%aa%f0%9d%99%9a-%f0%9d%98%bc%f0%9d%99%a8%f0%9d%99%a5%f0%9d%99%9e%f0%9d%99%a7","status":"publish","type":"post","link":"https:\/\/informativoelvalledeaguascalientes.online\/?p=36047","title":{"rendered":"Declaratoria para el \ud835\ude42\ud835\ude5a\ud835\ude64\ud835\ude65\ud835\ude56\ud835\ude67\ud835\ude66\ud835\ude6a\ud835\ude5a \ud835\ude3c\ud835\ude68\ud835\ude65\ud835\ude5e\ud835\ude67\ud835\ude56\ud835\ude63\ud835\ude69\ud835\ude5a &#8220;\ud835\ude4d\ud835\ude6a\ud835\ude69\ud835\ude56\ud835\ude68 \ud835\ude59\ud835\ude5a\ud835\ude61 \ud835\ude3c\ud835\ude5c\ud835\ude6a\ud835\ude56&#8221; de la red Mundial de la UNESCO."},"content":{"rendered":"<p>\u2705El Gobierno de Calvillo recibi\u00f3 parte de los resultados de la evaluaci\u00f3n que se realiz\u00f3 en Calvillo Pueblo M\u00e1gico para dar continuidad a los trabajos realizados con miras a recibir la declaratoria para el \ud835\ude42\ud835\ude5a\ud835\ude64\ud835\ude65\ud835\ude56\ud835\ude67\ud835\ude66\ud835\ude6a\ud835\ude5a \ud835\ude3c\ud835\ude68\ud835\ude65\ud835\ude5e\ud835\ude67\ud835\ude56\ud835\ude63\ud835\ude69\ud835\ude5a &#8220;\ud835\ude4d\ud835\ude6a\ud835\ude69\ud835\ude56\ud835\ude68 \ud835\ude59\ud835\ude5a\ud835\ude61 \ud835\ude3c\ud835\ude5c\ud835\ude6a\ud835\ude56&#8221; de la red Mundial de la UNESCO.<br \/>\nDaniel Romo Urrutia, presidente municipal de Calvillo, mencion\u00f3 que este Geoparque es una oportunidad para fortalecer la identidad, el sentido de pertenencia mediante el trabajo en conjunto para el rescate y conservaci\u00f3n del patrimonio natural y cultural del municipio.<br \/>\n#TierraQueTrasciende<\/p>\n","protected":false},"excerpt":{"rendered":"<p>\u2705El Gobierno de Calvillo recibi\u00f3 parte de los resultados de la evaluaci\u00f3n que se realiz\u00f3 en Calvillo Pueblo M\u00e1gico para dar continuidad a los trabajos realizados con miras a recibir la declaratoria para el \ud835\ude42\ud835\ude5a\ud835\ude64\ud835\ude65\ud835\ude56\ud835\ude67\ud835\ude66\ud835\ude6a\ud835\ude5a \ud835\ude3c\ud835\ude68\ud835\ude65\ud835\ude5e\ud835\ude67\ud835\ude56\ud835\ude63\ud835\ude69\ud835\ude5a &#8220;\ud835\ude4d\ud835\ude6a\ud835\ude69\ud835\ude56\ud835\ude68 \ud835\ude59\ud835\ude5a\ud835\ude61 \ud835\ude3c\ud835\ude5c\ud835\ude6a\ud835\ude56&#8221; de la red Mundial de la UNESCO. Daniel Romo Urrutia, presidente municipal de Calvillo, mencion\u00f3 que [&hellip;]<\/p>\n","protected":false},"author":1,"featured_media":36049,"comment_status":"closed","ping_status":"open","sticky":false,"template":"","format":"standard","meta":{"advanced_seo_description":"","jetpack_seo_html_title":"","jetpack_seo_noindex":false,"_jetpack_memberships_contains_paid_content":false,"footnotes":"","jetpack_publicize_message":"","jetpack_publicize_feature_enabled":true,"jetpack_social_post_already_shared":true,"jetpack_social_options":{"image_generator_settings":{"template":"highway","default_image_id":0,"font":"","enabled":false},"version":2}},"categories":[21,13],"tags":[22,88,29],"class_list":["post-36047","post","type-post","status-publish","format-standard","has-post-thumbnail","hentry","category-aguascalientes","category-calvillo-aguascalientes","tag-aguascalientes","tag-calvillo","tag-calvillo-aguascalientes"],"jetpack_publicize_connections":[],"jetpack_featured_media_url":"https:\/\/i0.wp.com\/informativoelvalledeaguascalientes.online\/wp-content\/uploads\/2022\/09\/06cb8f0a-a842-4b2f-b792-2f7376ebcb0a.jpg?fit=1280%2C853&ssl=1","jetpack-related-posts":[],"jetpack_sharing_enabled":true,"jetpack_likes_enabled":true,"_links":{"self":[{"href":"https:\/\/informativoelvalledeaguascalientes.online\/index.php?rest_route=\/wp\/v2\/posts\/36047","targetHints":{"allow":["GET"]}}],"collection":[{"href":"https:\/\/informativoelvalledeaguascalientes.online\/index.php?rest_route=\/wp\/v2\/posts"}],"about":[{"href":"https:\/\/informativoelvalledeaguascalientes.online\/index.php?rest_route=\/wp\/v2\/types\/post"}],"author":[{"embeddable":true,"href":"https:\/\/informativoelvalledeaguascalientes.online\/index.php?rest_route=\/wp\/v2\/users\/1"}],"replies":[{"embeddable":true,"href":"https:\/\/informativoelvalledeaguascalientes.online\/index.php?rest_route=%2Fwp%2Fv2%2Fcomments&post=36047"}],"version-history":[{"count":1,"href":"https:\/\/informativoelvalledeaguascalientes.online\/index.php?rest_route=\/wp\/v2\/posts\/36047\/revisions"}],"predecessor-version":[{"id":36050,"href":"https:\/\/informativoelvalledeaguascalientes.online\/index.php?rest_route=\/wp\/v2\/posts\/36047\/revisions\/36050"}],"wp:featuredmedia":[{"embeddable":true,"href":"https:\/\/informativoelvalledeaguascalientes.online\/index.php?rest_route=\/wp\/v2\/media\/36049"}],"wp:attachment":[{"href":"https:\/\/informativoelvalledeaguascalientes.online\/index.php?rest_route=%2Fwp%2Fv2%2Fmedia&parent=36047"}],"wp:term":[{"taxonomy":"category","embeddable":true,"href":"https:\/\/informativoelvalledeaguascalientes.online\/index.php?rest_route=%2Fwp%2Fv2%2Fcategories&post=36047"},{"taxonomy":"post_tag","embeddable":true,"href":"https:\/\/informativoelvalledeaguascalientes.online\/index.php?rest_route=%2Fwp%2Fv2%2Ftags&post=36047"}],"curies":[{"name":"wp","href":"https:\/\/api.w.org\/{rel}","templated":true}]}}