{"id":35968,"date":"2022-09-28T13:12:31","date_gmt":"2022-09-28T19:12:31","guid":{"rendered":"https:\/\/informativoelvalledeaguascalientes.online\/?p=35968"},"modified":"2022-09-28T13:12:52","modified_gmt":"2022-09-28T19:12:52","slug":"35968","status":"publish","type":"post","link":"https:\/\/informativoelvalledeaguascalientes.online\/?p=35968","title":{"rendered":"EN ESTE SEXENIO SE APOY\u00d3 A M\u00c1S DE 40 MIL PRODUCTORES DEL ESTADO"},"content":{"rendered":"<p dir=\"ltr\">\n<p>&nbsp;<\/p>\n<ul>\n<li dir=\"ltr\">\n<p dir=\"ltr\" role=\"presentation\">Es el resultado del trabajo en equipo con las y los productores del estado de Aguascalientes, en los seis a\u00f1os de la administraci\u00f3n estatal<\/p>\n<\/li>\n<li dir=\"ltr\">\n<p dir=\"ltr\" role=\"presentation\">La inversi\u00f3n global fue de 2 mil 258 mdp para el desarrollo del sector, integrada por recursos estatales y federales, as\u00ed como la aportaci\u00f3n de los productores<\/p>\n<\/li>\n<\/ul>\n<p>&nbsp;<\/p>\n<p dir=\"ltr\">Gracias al trabajo en conjunto del Gobierno del Estado con las y los productores del campo de Aguascalientes, quienes se sumaron a los diversos programas de incentivos que se impulsaron a trav\u00e9s de la SEDRAE, ahora las familias que dedican su vida a este sector cuentan con mayor infraestructura y equipamiento, lo que les ha permitido modernizar las actividades agr\u00edcolas, ganaderas y agroindustriales elevando su productividad.<\/p>\n<p>&nbsp;<\/p>\n<p dir=\"ltr\">As\u00ed lo destac\u00f3 el gobernador Mart\u00edn Orozco Sandoval al hacer un recuento del impacto que tuvo este trabajo durante la presente administraci\u00f3n estatal, donde resalt\u00f3 la dedicaci\u00f3n de mujeres y hombres que trabajan en el campo.<\/p>\n<p>&nbsp;<\/p>\n<p dir=\"ltr\">En este sentido, el mandatario se\u00f1al\u00f3 que se benefici\u00f3 a m\u00e1s de 40 mil productores y productoras, mediante 35 programas de impulso al campo y una inversi\u00f3n global de 2 mil 258 millones de pesos, integrada por 929 millones de recursos estatales, 392 millones federales y 937 millones de la aportaci\u00f3n de las y los beneficiarios.<\/p>\n<p>&nbsp;<\/p>\n<p dir=\"ltr\">Por su parte, el secretario de Desarrollo Rural y Agroempresarial, Miguel Mu\u00f1oz de la Torre, se\u00f1al\u00f3 que estos recursos y programas permitieron fomentar la modernizaci\u00f3n del campo y elevar la productividad y competitividad en las diversas actividades que llevan a cabo las y los productores.<\/p>\n<p>&nbsp;<\/p>\n<p dir=\"ltr\">El titular de la SEDRAE destac\u00f3 la cercan\u00eda del gobernador Mart\u00edn Orozco Sandoval con las y los productores, ya que durante los seis a\u00f1os de la administraci\u00f3n mantuvo un contacto directo en sus giras de trabajo semana a semana.<\/p>\n<p>&nbsp;<\/p>\n<p dir=\"ltr\">Finalmente, record\u00f3 que las l\u00edneas estrat\u00e9gicas de trabajo consideraron el uso eficiente del agua, la reconversi\u00f3n de cultivos, el valor agregado y la comercializaci\u00f3n de productos y el apoyo a los peque\u00f1os productores.<\/p>\n<p>&nbsp;<\/p>\n","protected":false},"excerpt":{"rendered":"<p>&nbsp; Es el resultado del trabajo en equipo con las y los productores del estado de Aguascalientes, en los seis a\u00f1os de la administraci\u00f3n estatal La inversi\u00f3n global fue de 2 mil 258 mdp para el desarrollo del sector, integrada por recursos estatales y federales, as\u00ed como la aportaci\u00f3n de los productores &nbsp; Gracias al [&hellip;]<\/p>\n","protected":false},"author":1,"featured_media":35969,"comment_status":"closed","ping_status":"open","sticky":false,"template":"","format":"standard","meta":{"_monsterinsights_skip_tracking":false,"advanced_seo_description":"","jetpack_seo_html_title":"","jetpack_seo_noindex":false,"jetpack_seo_schema_type":"","_jetpack_newsletter_access":"","_jetpack_dont_email_post_to_subs":false,"_jetpack_newsletter_tier_id":0,"_jetpack_memberships_contains_paywalled_content":false,"_jetpack_feature_clip_id":0,"_jetpack_memberships_contains_paid_content":false,"footnotes":"","jetpack_publicize_message":"","jetpack_publicize_feature_enabled":true,"jetpack_social_post_already_shared":true,"jetpack_social_options":{"image_generator_settings":{"template":"highway","default_image_id":0,"font":"","enabled":false},"version":2},"jetpack_post_was_ever_published":false},"categories":[21,4],"tags":[22,31,106],"class_list":["post-35968","post","type-post","status-publish","format-standard","has-post-thumbnail","hentry","category-aguascalientes","category-gobierno-del-estado-aguascalientes","tag-aguascalientes","tag-mos","tag-sedrae"],"jetpack_publicize_connections":[],"jetpack_featured_media_url":"https:\/\/i0.wp.com\/informativoelvalledeaguascalientes.online\/wp-content\/uploads\/2022\/09\/WhatsApp-Image-2022-09-26-at-2.24.10-PM-2.jpeg?fit=1024%2C682&ssl=1","jetpack-related-posts":[],"jetpack_sharing_enabled":true,"jetpack_likes_enabled":true,"_links":{"self":[{"href":"https:\/\/informativoelvalledeaguascalientes.online\/index.php?rest_route=\/wp\/v2\/posts\/35968","targetHints":{"allow":["GET"]}}],"collection":[{"href":"https:\/\/informativoelvalledeaguascalientes.online\/index.php?rest_route=\/wp\/v2\/posts"}],"about":[{"href":"https:\/\/informativoelvalledeaguascalientes.online\/index.php?rest_route=\/wp\/v2\/types\/post"}],"author":[{"embeddable":true,"href":"https:\/\/informativoelvalledeaguascalientes.online\/index.php?rest_route=\/wp\/v2\/users\/1"}],"replies":[{"embeddable":true,"href":"https:\/\/informativoelvalledeaguascalientes.online\/index.php?rest_route=%2Fwp%2Fv2%2Fcomments&post=35968"}],"version-history":[{"count":2,"href":"https:\/\/informativoelvalledeaguascalientes.online\/index.php?rest_route=\/wp\/v2\/posts\/35968\/revisions"}],"predecessor-version":[{"id":35972,"href":"https:\/\/informativoelvalledeaguascalientes.online\/index.php?rest_route=\/wp\/v2\/posts\/35968\/revisions\/35972"}],"wp:featuredmedia":[{"embeddable":true,"href":"https:\/\/informativoelvalledeaguascalientes.online\/index.php?rest_route=\/wp\/v2\/media\/35969"}],"wp:attachment":[{"href":"https:\/\/informativoelvalledeaguascalientes.online\/index.php?rest_route=%2Fwp%2Fv2%2Fmedia&parent=35968"}],"wp:term":[{"taxonomy":"category","embeddable":true,"href":"https:\/\/informativoelvalledeaguascalientes.online\/index.php?rest_route=%2Fwp%2Fv2%2Fcategories&post=35968"},{"taxonomy":"post_tag","embeddable":true,"href":"https:\/\/informativoelvalledeaguascalientes.online\/index.php?rest_route=%2Fwp%2Fv2%2Ftags&post=35968"}],"curies":[{"name":"wp","href":"https:\/\/api.w.org\/{rel}","templated":true}]}}