{"id":3548,"date":"2020-02-29T00:43:48","date_gmt":"2020-02-29T06:43:48","guid":{"rendered":"https:\/\/informativoelvalledeaguascalientes.online\/?p=3548"},"modified":"2020-02-29T00:43:48","modified_gmt":"2020-02-29T06:43:48","slug":"arranca-la-super-copa-en-el-mayan-racing-festival","status":"publish","type":"post","link":"https:\/\/informativoelvalledeaguascalientes.online\/?p=3548","title":{"rendered":"ARRANCA LA SUPER COPA EN EL MAYAN RACING FESTIVAL"},"content":{"rendered":"<p><span lang=\"ES\">Pilotos de diferentes lugares del pa\u00eds, est\u00e1n presentes en M\u00e9rida para dar inicio a la S\u00faper Copa 2020, cuya primera fecha se correr\u00e1 en el Aut\u00f3dromo Internacional de Yucat\u00e1n, ubicado en \u201cLa Blanca M\u00e9rida\u201d.<\/span><\/p>\n<p><span lang=\"ES\">Todos los circuitos tienen algo especial para cada piloto, pues tras muchas carreras, cada trazado trae buenos y malos recuerdos. Pero el Emers\u00f3n Fittipaldi es un circuito con el que tienen especial sinton\u00eda la mayor\u00eda de los competidores de las diferentes categor\u00edas como la Copa Mercedes-Benz, Tractocamiones Freightliner, Mexbike, F4 y March que se dieron hoy cita en el mismo: &#8220;Ac\u00e1 nos encontramos muy a gusto, y es uno de los trazados que m\u00e1s nos gustan de todo el pa\u00eds&#8221;.<\/span><\/p>\n<p><span lang=\"ES\">El circuito de M\u00e9rida se inaugur\u00f3 en 2017 y el trazado ha sido testigo de competencias de F4, March y motos, aunque nunca de la S\u00faper Copa se caracteriza por una amplia variedad de curvas y el nivel t\u00e9cnico que el circuito exige hace que se puedan dar situaciones muy emocionantes.<\/span><\/p>\n<p><span lang=\"ES\">&#8220;La atm\u00f3sfera que se ve en la ciudad es genial, mucha energ\u00eda. Nos gusta que nos pregunten en que categor\u00eda corremos y que quieren interiorizarse de cada una de ellas\u201d, comentaron.<\/span><\/p>\n<p><span lang=\"ES\">Los competidores comentaron tambi\u00e9n que est\u00e1n muy emocionados porque se espera un record de concurrencia: \u201dLes daremos un gran espect\u00e1culo, habr\u00e1 mucha gente la carrera y nos agrada que puedan tener buen automovilismo aqu\u00ed&#8221;.<\/span><\/p>\n<p><span lang=\"ES\">El impacto econ\u00f3mico del Mayan Racing Festival, que se realizar\u00e1 este fin de semana en M\u00e9rida, ascender\u00e1 a varios millones de pesos, esto gracias a la promoci\u00f3n realizada a trav\u00e9s de los medios de informaci\u00f3n.<\/span><\/p>\n<p><span lang=\"ES\">Se calcula que no solamente estar\u00e1n presentes aficionados locales sino tambi\u00e9n de estados cercanos que ya se dejaron ver en algunos sectores de la ciudad y que estar\u00e1n el domingo en el Emerson Fittipaldi.<\/span><\/p>\n<p><span lang=\"ES\">Las expectativas de la Secretar\u00eda de Turismo son buenas y al parecer ya existen conversaciones con el aut\u00f3dromo para que la S\u00faper Copa, abra la temporada 2021.<\/span><\/p>\n<p>&nbsp;<\/p>\n","protected":false},"excerpt":{"rendered":"<p>Pilotos de diferentes lugares del pa\u00eds, est\u00e1n presentes en M\u00e9rida para dar inicio a la S\u00faper Copa 2020, cuya primera fecha se correr\u00e1 en el Aut\u00f3dromo Internacional de Yucat\u00e1n, ubicado en \u201cLa Blanca M\u00e9rida\u201d. Todos los circuitos tienen algo especial para cada piloto, pues tras muchas carreras, cada trazado trae buenos y malos recuerdos. Pero [&hellip;]<\/p>\n","protected":false},"author":1,"featured_media":3549,"comment_status":"closed","ping_status":"open","sticky":false,"template":"","format":"standard","meta":{"advanced_seo_description":"","jetpack_seo_html_title":"","jetpack_seo_noindex":false,"_jetpack_memberships_contains_paid_content":false,"footnotes":"","jetpack_publicize_message":"","jetpack_publicize_feature_enabled":true,"jetpack_social_post_already_shared":true,"jetpack_social_options":{"image_generator_settings":{"template":"highway","default_image_id":0,"font":"","enabled":false},"version":2}},"categories":[19],"tags":[125],"class_list":["post-3548","post","type-post","status-publish","format-standard","has-post-thumbnail","hentry","category-informacion-general","tag-super-copa"],"jetpack_publicize_connections":[],"jetpack_featured_media_url":"https:\/\/i0.wp.com\/informativoelvalledeaguascalientes.online\/wp-content\/uploads\/2020\/02\/mercedes-benz-merida-3.jpg?fit=1024%2C683&ssl=1","jetpack-related-posts":[],"jetpack_sharing_enabled":true,"jetpack_likes_enabled":true,"_links":{"self":[{"href":"https:\/\/informativoelvalledeaguascalientes.online\/index.php?rest_route=\/wp\/v2\/posts\/3548","targetHints":{"allow":["GET"]}}],"collection":[{"href":"https:\/\/informativoelvalledeaguascalientes.online\/index.php?rest_route=\/wp\/v2\/posts"}],"about":[{"href":"https:\/\/informativoelvalledeaguascalientes.online\/index.php?rest_route=\/wp\/v2\/types\/post"}],"author":[{"embeddable":true,"href":"https:\/\/informativoelvalledeaguascalientes.online\/index.php?rest_route=\/wp\/v2\/users\/1"}],"replies":[{"embeddable":true,"href":"https:\/\/informativoelvalledeaguascalientes.online\/index.php?rest_route=%2Fwp%2Fv2%2Fcomments&post=3548"}],"version-history":[{"count":1,"href":"https:\/\/informativoelvalledeaguascalientes.online\/index.php?rest_route=\/wp\/v2\/posts\/3548\/revisions"}],"predecessor-version":[{"id":3550,"href":"https:\/\/informativoelvalledeaguascalientes.online\/index.php?rest_route=\/wp\/v2\/posts\/3548\/revisions\/3550"}],"wp:featuredmedia":[{"embeddable":true,"href":"https:\/\/informativoelvalledeaguascalientes.online\/index.php?rest_route=\/wp\/v2\/media\/3549"}],"wp:attachment":[{"href":"https:\/\/informativoelvalledeaguascalientes.online\/index.php?rest_route=%2Fwp%2Fv2%2Fmedia&parent=3548"}],"wp:term":[{"taxonomy":"category","embeddable":true,"href":"https:\/\/informativoelvalledeaguascalientes.online\/index.php?rest_route=%2Fwp%2Fv2%2Fcategories&post=3548"},{"taxonomy":"post_tag","embeddable":true,"href":"https:\/\/informativoelvalledeaguascalientes.online\/index.php?rest_route=%2Fwp%2Fv2%2Ftags&post=3548"}],"curies":[{"name":"wp","href":"https:\/\/api.w.org\/{rel}","templated":true}]}}