{"id":34878,"date":"2022-08-24T20:53:17","date_gmt":"2022-08-25T02:53:17","guid":{"rendered":"https:\/\/informativoelvalledeaguascalientes.online\/?p=34878"},"modified":"2022-08-24T20:53:17","modified_gmt":"2022-08-25T02:53:17","slug":"%e2%9c%85%f0%9f%96%8c%f0%9f%aa%a3sabadoentucomunidad-estara-este-fin-de-semana-en-la-col-morelos-y-col-centro-municipio-de-calvillo-aguascalientes","status":"publish","type":"post","link":"https:\/\/informativoelvalledeaguascalientes.online\/?p=34878","title":{"rendered":"\u2705\ud83d\udd8c\ud83e\udea3#S\u00e1badoEnTuComunidad estar\u00e1 este fin de semana en la Col. Morelos y Col. Centro, municipio de Calvillo Aguascalientes"},"content":{"rendered":"<p>#informativoelvalledeaguascalientes #novaradioaguascalientes<\/p>\n<p>&nbsp;<\/p>\n<p>\u2705\ud83d\udd8c\ud83e\udea3#S\u00e1badoEnTuComunidad estar\u00e1 este fin de semana en la Col. Morelos y Col. Centro. Acomp\u00e1\u00f1anos a mejorar los espacios p\u00fablicos.<\/p>\n<p>#Calvillo<br \/>\n#TierraQueTrasciende<\/p>\n","protected":false},"excerpt":{"rendered":"<p>#informativoelvalledeaguascalientes #novaradioaguascalientes &nbsp; \u2705\ud83d\udd8c\ud83e\udea3#S\u00e1badoEnTuComunidad estar\u00e1 este fin de semana en la Col. Morelos y Col. Centro. Acomp\u00e1\u00f1anos a mejorar los espacios p\u00fablicos. #Calvillo #TierraQueTrasciende<\/p>\n","protected":false},"author":1,"featured_media":34880,"comment_status":"closed","ping_status":"open","sticky":false,"template":"","format":"standard","meta":{"advanced_seo_description":"","jetpack_seo_html_title":"","jetpack_seo_noindex":false,"_jetpack_memberships_contains_paid_content":false,"footnotes":"","jetpack_publicize_message":"","jetpack_publicize_feature_enabled":true,"jetpack_social_post_already_shared":true,"jetpack_social_options":{"image_generator_settings":{"template":"highway","default_image_id":0,"font":"","enabled":false},"version":2}},"categories":[21,13],"tags":[22,29],"class_list":["post-34878","post","type-post","status-publish","format-standard","has-post-thumbnail","hentry","category-aguascalientes","category-calvillo-aguascalientes","tag-aguascalientes","tag-calvillo-aguascalientes"],"jetpack_publicize_connections":[],"jetpack_featured_media_url":"https:\/\/i0.wp.com\/informativoelvalledeaguascalientes.online\/wp-content\/uploads\/2022\/08\/calvillo-sabado-morelos.jpg?fit=1080%2C1080&ssl=1","jetpack-related-posts":[],"jetpack_sharing_enabled":true,"jetpack_likes_enabled":true,"_links":{"self":[{"href":"https:\/\/informativoelvalledeaguascalientes.online\/index.php?rest_route=\/wp\/v2\/posts\/34878","targetHints":{"allow":["GET"]}}],"collection":[{"href":"https:\/\/informativoelvalledeaguascalientes.online\/index.php?rest_route=\/wp\/v2\/posts"}],"about":[{"href":"https:\/\/informativoelvalledeaguascalientes.online\/index.php?rest_route=\/wp\/v2\/types\/post"}],"author":[{"embeddable":true,"href":"https:\/\/informativoelvalledeaguascalientes.online\/index.php?rest_route=\/wp\/v2\/users\/1"}],"replies":[{"embeddable":true,"href":"https:\/\/informativoelvalledeaguascalientes.online\/index.php?rest_route=%2Fwp%2Fv2%2Fcomments&post=34878"}],"version-history":[{"count":2,"href":"https:\/\/informativoelvalledeaguascalientes.online\/index.php?rest_route=\/wp\/v2\/posts\/34878\/revisions"}],"predecessor-version":[{"id":34881,"href":"https:\/\/informativoelvalledeaguascalientes.online\/index.php?rest_route=\/wp\/v2\/posts\/34878\/revisions\/34881"}],"wp:featuredmedia":[{"embeddable":true,"href":"https:\/\/informativoelvalledeaguascalientes.online\/index.php?rest_route=\/wp\/v2\/media\/34880"}],"wp:attachment":[{"href":"https:\/\/informativoelvalledeaguascalientes.online\/index.php?rest_route=%2Fwp%2Fv2%2Fmedia&parent=34878"}],"wp:term":[{"taxonomy":"category","embeddable":true,"href":"https:\/\/informativoelvalledeaguascalientes.online\/index.php?rest_route=%2Fwp%2Fv2%2Fcategories&post=34878"},{"taxonomy":"post_tag","embeddable":true,"href":"https:\/\/informativoelvalledeaguascalientes.online\/index.php?rest_route=%2Fwp%2Fv2%2Ftags&post=34878"}],"curies":[{"name":"wp","href":"https:\/\/api.w.org\/{rel}","templated":true}]}}