{"id":3453,"date":"2020-02-26T22:17:11","date_gmt":"2020-02-27T04:17:11","guid":{"rendered":"https:\/\/informativoelvalledeaguascalientes.online\/?p=3453"},"modified":"2020-02-26T22:17:11","modified_gmt":"2020-02-27T04:17:11","slug":"inicia-la-secretaria-de-servicios-publicos-temporada-de-cine-de-terror-en-el-panteon-de-la-cruz","status":"publish","type":"post","link":"https:\/\/informativoelvalledeaguascalientes.online\/?p=3453","title":{"rendered":"INICIA LA SECRETAR\u00cdA DE SERVICIOS P\u00daBLICOS TEMPORADA DE CINE DE TERROR EN EL PANTE\u00d3N DE LA CRUZ"},"content":{"rendered":"<p>Con la proyecci\u00f3n de la pel\u00edcula infantil Coco, el jueves 27 de febrero la Secretar\u00eda de Servicios P\u00fablicos, a trav\u00e9s de la Direcci\u00f3n de Panteones, pondr\u00e1 en marcha la primera temporada de Cine de Terror 2020.<\/p>\n<p>La cartelera contempla 6 historias que se presentar\u00e1n los d\u00edas jueves a las 20:00 horas en el Pante\u00f3n de La Cruz. El costo de acceso ser\u00e1 de 20 pesos por persona y el cupo ser\u00e1 limitado a 100 personas, con el fin de que todos los asistentes puedan disfrutar de la cinta.<\/p>\n<p>Para solicitar mayor informaci\u00f3n puede llamar al tel\u00e9fono 915 30 96.<\/p>\n","protected":false},"excerpt":{"rendered":"<p>Con la proyecci\u00f3n de la pel\u00edcula infantil Coco, el jueves 27 de febrero la Secretar\u00eda de Servicios P\u00fablicos, a trav\u00e9s de la Direcci\u00f3n de Panteones, pondr\u00e1 en marcha la primera temporada de Cine de Terror 2020. La cartelera contempla 6 historias que se presentar\u00e1n los d\u00edas jueves a las 20:00 horas en el Pante\u00f3n de [&hellip;]<\/p>\n","protected":false},"author":1,"featured_media":3454,"comment_status":"closed","ping_status":"open","sticky":false,"template":"","format":"standard","meta":{"advanced_seo_description":"","jetpack_seo_html_title":"","jetpack_seo_noindex":false,"_jetpack_memberships_contains_paid_content":false,"footnotes":"","jetpack_publicize_message":"","jetpack_publicize_feature_enabled":true,"jetpack_social_post_already_shared":true,"jetpack_social_options":{"image_generator_settings":{"template":"highway","default_image_id":0,"font":"","enabled":false},"version":2}},"categories":[21,3],"tags":[22,25],"class_list":["post-3453","post","type-post","status-publish","format-standard","has-post-thumbnail","hentry","category-aguascalientes","category-municipio-aguascalientes","tag-aguascalientes","tag-mpio-aguascalientes"],"jetpack_publicize_connections":[],"jetpack_featured_media_url":"https:\/\/i0.wp.com\/informativoelvalledeaguascalientes.online\/wp-content\/uploads\/2020\/02\/mpio_ags_panteon_26022020.jpg?fit=1024%2C687&ssl=1","jetpack-related-posts":[],"jetpack_sharing_enabled":true,"jetpack_likes_enabled":true,"_links":{"self":[{"href":"https:\/\/informativoelvalledeaguascalientes.online\/index.php?rest_route=\/wp\/v2\/posts\/3453","targetHints":{"allow":["GET"]}}],"collection":[{"href":"https:\/\/informativoelvalledeaguascalientes.online\/index.php?rest_route=\/wp\/v2\/posts"}],"about":[{"href":"https:\/\/informativoelvalledeaguascalientes.online\/index.php?rest_route=\/wp\/v2\/types\/post"}],"author":[{"embeddable":true,"href":"https:\/\/informativoelvalledeaguascalientes.online\/index.php?rest_route=\/wp\/v2\/users\/1"}],"replies":[{"embeddable":true,"href":"https:\/\/informativoelvalledeaguascalientes.online\/index.php?rest_route=%2Fwp%2Fv2%2Fcomments&post=3453"}],"version-history":[{"count":1,"href":"https:\/\/informativoelvalledeaguascalientes.online\/index.php?rest_route=\/wp\/v2\/posts\/3453\/revisions"}],"predecessor-version":[{"id":3455,"href":"https:\/\/informativoelvalledeaguascalientes.online\/index.php?rest_route=\/wp\/v2\/posts\/3453\/revisions\/3455"}],"wp:featuredmedia":[{"embeddable":true,"href":"https:\/\/informativoelvalledeaguascalientes.online\/index.php?rest_route=\/wp\/v2\/media\/3454"}],"wp:attachment":[{"href":"https:\/\/informativoelvalledeaguascalientes.online\/index.php?rest_route=%2Fwp%2Fv2%2Fmedia&parent=3453"}],"wp:term":[{"taxonomy":"category","embeddable":true,"href":"https:\/\/informativoelvalledeaguascalientes.online\/index.php?rest_route=%2Fwp%2Fv2%2Fcategories&post=3453"},{"taxonomy":"post_tag","embeddable":true,"href":"https:\/\/informativoelvalledeaguascalientes.online\/index.php?rest_route=%2Fwp%2Fv2%2Ftags&post=3453"}],"curies":[{"name":"wp","href":"https:\/\/api.w.org\/{rel}","templated":true}]}}