{"id":3443,"date":"2020-02-26T22:00:03","date_gmt":"2020-02-27T04:00:03","guid":{"rendered":"https:\/\/informativoelvalledeaguascalientes.online\/?p=3443"},"modified":"2020-02-26T22:00:03","modified_gmt":"2020-02-27T04:00:03","slug":"irresponsable-que-el-senado-legalice-la-cannabis-antes-de-atender-crisis-de-salud-mm","status":"publish","type":"post","link":"https:\/\/informativoelvalledeaguascalientes.online\/?p=3443","title":{"rendered":"IRRESPONSABLE QUE EL SENADO LEGALICE LA CANNABIS ANTES DE ATENDER CRISIS DE SALUD: MM"},"content":{"rendered":"<p><b><i>\u00b7 El dictamen para la legalizaci\u00f3n de la cannabis no pone en el centro la salud de los mexicanos<\/i><\/b><\/p>\n<p><b><i>\u00b7 La Comisi\u00f3n de Salud debe priorizar los temas de urgencia como el desabasto de medicamentos\u00a0<\/i><\/b><\/p>\n<p>Durante la discusi\u00f3n del dictamen con el que se pretende aprobar la legalizaci\u00f3n de la cannabis, la Senadora Martha M\u00e1rquez Alvarado se manifest\u00f3 en contra del dictamen, pues dijo no se incluye un enfoque en salud, y se omite el an\u00e1lisis sobre los riesgos a la salud que conlleva el uso l\u00fadico de la cannabis.<\/p>\n<p>\u201cHay una grave crisis en el sector salud y hoy pretenden aprobar un dictamen que abre la puerta a otra problem\u00e1tica de salud p\u00fablica. Lamentablemente, este dictamen no se aborda con perspectiva de salud, para mi este es el nuevo negocio del Gobierno Federal\u201d expres\u00f3.<\/p>\n<p>M\u00e1rquez Alvarado se\u00f1al\u00f3 que Morena intenta justificar la aprobaci\u00f3n inmediata de esta ley por una pr\u00f3rroga que dio la Suprema Corte al Congreso para resolver sobre el tema del cannabis para uso m\u00e9dico; sin embargo, indic\u00f3 que lo que pretenden es legalizar el consumo l\u00fadico desde una perspectiva mercantil sin un an\u00e1lisis sobre los da\u00f1os a la salud.<\/p>\n<p>Por su parte, el titular de la Comisi\u00f3n Nacional contra las Adicciones, Gady Zabicky Sirot, se\u00f1al\u00f3 que no existen da\u00f1os a la salud por el consumo de cannabis, esto a pesar de que la Organizaci\u00f3n Mundial de la Salud reporta evidencia de los efectos negativos del consumo de esta droga.<\/p>\n<p>Finalmente, la legisladora federal urgi\u00f3 a la Comisi\u00f3n de Salud que en lugar de querer aprobar una iniciativa al vapor, se de prioridad a los temas de urgente relevancia para el pa\u00eds como el desabasto de medicamentos, pues dijo, al d\u00eda de hoy siguen faltando medicamentos oncol\u00f3gicos en diversos Hospitales de Alta Especialidad en todo el pa\u00eds.<\/p>\n","protected":false},"excerpt":{"rendered":"<p>\u00b7 El dictamen para la legalizaci\u00f3n de la cannabis no pone en el centro la salud de los mexicanos \u00b7 La Comisi\u00f3n de Salud debe priorizar los temas de urgencia como el desabasto de medicamentos\u00a0 Durante la discusi\u00f3n del dictamen con el que se pretende aprobar la legalizaci\u00f3n de la cannabis, la Senadora Martha M\u00e1rquez [&hellip;]<\/p>\n","protected":false},"author":1,"featured_media":3444,"comment_status":"closed","ping_status":"open","sticky":false,"template":"","format":"standard","meta":{"advanced_seo_description":"","jetpack_seo_html_title":"","jetpack_seo_noindex":false,"_jetpack_memberships_contains_paid_content":false,"footnotes":"","jetpack_publicize_message":"","jetpack_publicize_feature_enabled":true,"jetpack_social_post_already_shared":true,"jetpack_social_options":{"image_generator_settings":{"template":"highway","default_image_id":0,"font":"","enabled":false},"version":2}},"categories":[21,7,6],"tags":[22,41,23],"class_list":["post-3443","post","type-post","status-publish","format-standard","has-post-thumbnail","hentry","category-aguascalientes","category-pan-aguascalientes","category-partidos-politicos","tag-aguascalientes","tag-martha-marquez","tag-pan-aguascalientes"],"jetpack_publicize_connections":[],"jetpack_featured_media_url":"https:\/\/i0.wp.com\/informativoelvalledeaguascalientes.online\/wp-content\/uploads\/2020\/02\/mm_26022020.jpg?fit=873%2C582&ssl=1","jetpack-related-posts":[],"jetpack_sharing_enabled":true,"jetpack_likes_enabled":true,"_links":{"self":[{"href":"https:\/\/informativoelvalledeaguascalientes.online\/index.php?rest_route=\/wp\/v2\/posts\/3443","targetHints":{"allow":["GET"]}}],"collection":[{"href":"https:\/\/informativoelvalledeaguascalientes.online\/index.php?rest_route=\/wp\/v2\/posts"}],"about":[{"href":"https:\/\/informativoelvalledeaguascalientes.online\/index.php?rest_route=\/wp\/v2\/types\/post"}],"author":[{"embeddable":true,"href":"https:\/\/informativoelvalledeaguascalientes.online\/index.php?rest_route=\/wp\/v2\/users\/1"}],"replies":[{"embeddable":true,"href":"https:\/\/informativoelvalledeaguascalientes.online\/index.php?rest_route=%2Fwp%2Fv2%2Fcomments&post=3443"}],"version-history":[{"count":1,"href":"https:\/\/informativoelvalledeaguascalientes.online\/index.php?rest_route=\/wp\/v2\/posts\/3443\/revisions"}],"predecessor-version":[{"id":3445,"href":"https:\/\/informativoelvalledeaguascalientes.online\/index.php?rest_route=\/wp\/v2\/posts\/3443\/revisions\/3445"}],"wp:featuredmedia":[{"embeddable":true,"href":"https:\/\/informativoelvalledeaguascalientes.online\/index.php?rest_route=\/wp\/v2\/media\/3444"}],"wp:attachment":[{"href":"https:\/\/informativoelvalledeaguascalientes.online\/index.php?rest_route=%2Fwp%2Fv2%2Fmedia&parent=3443"}],"wp:term":[{"taxonomy":"category","embeddable":true,"href":"https:\/\/informativoelvalledeaguascalientes.online\/index.php?rest_route=%2Fwp%2Fv2%2Fcategories&post=3443"},{"taxonomy":"post_tag","embeddable":true,"href":"https:\/\/informativoelvalledeaguascalientes.online\/index.php?rest_route=%2Fwp%2Fv2%2Ftags&post=3443"}],"curies":[{"name":"wp","href":"https:\/\/api.w.org\/{rel}","templated":true}]}}