{"id":3434,"date":"2020-02-26T21:48:47","date_gmt":"2020-02-27T03:48:47","guid":{"rendered":"https:\/\/informativoelvalledeaguascalientes.online\/?p=3434"},"modified":"2020-02-26T21:48:47","modified_gmt":"2020-02-27T03:48:47","slug":"dif-municipal-ofrece-taller-gratuito-de-lenguaje-de-senas-mexicanas","status":"publish","type":"post","link":"https:\/\/informativoelvalledeaguascalientes.online\/?p=3434","title":{"rendered":"DIF MUNICIPAL OFRECE TALLER GRATUITO DE LENGUAJE DE SE\u00d1AS MEXICANAS"},"content":{"rendered":"<div class=\"opinion-section opinion-single-cover opinion-indent opinion-overlay\">\n<div class=\"container\">\n<div class=\"section-head row justify-content-center text-center\">\n<div class=\"col-12 col-md-8\"><\/div>\n<\/div>\n<\/div>\n<\/div>\n<div class=\"opinion-section\">\n<div class=\"container\">\n<div class=\"section-content row justify-content-center\">\n<div class=\"col-12 col-lg-8 opinion-order-1\">\n<article class=\"opinion-post opinion-single post-13740 post type-post status-publish format-standard has-post-thumbnail hentry category-dif-municipal tag-discapacidad-auditiva tag-lenguaje-de-senas-mexicanas tag-taller-de-senas\">\n<div class=\"entry-content\">\n<p>El Municipio de Aguascalientes a trav\u00e9s del DIF Municipal ofrecer\u00e1 de manera gratuita al p\u00fablico en general, el curso b\u00e1sico de Lenguaje de Se\u00f1as Mexicanas (LSM).<\/p>\n<p>A trav\u00e9s de este\u00a0curso\u00a0se facilita la comunicaci\u00f3n y se promueve la accesibilidad, ya que\u00a0se crea un v\u00ednculo entre quienes presentan discapacidad auditiva y sus familiares o personas cercanas, con el fin de que tengan una comunicaci\u00f3n efectiva.<\/p>\n<p><strong>Alma Hilda Medina Mac\u00edas,<\/strong>\u00a0directora general del DIF Municipal, se\u00f1al\u00f3 que para la administraci\u00f3n de la alcaldesa\u00a0<strong>Tere Jim\u00e9nez<\/strong>\u00a0es de vital importancia ofrecer programas y servicios que garanticen la atenci\u00f3n y desarrollo de las personas con discapacidad.<\/p>\n<p>El siguiente curso dar\u00e1 inicio\u00a0el pr\u00f3ximo 03 de marzo en un horario de 09:00 a 10:00 horas, de martes a jueves, con una duraci\u00f3n de tres meses. Se impartir\u00e1 en las instalaciones del \u00e1rea de atenci\u00f3n a la discapacidad, ubicadas en Calle Guadalupe Gonz\u00e1lez esquina Avenida Universidad, en la Colonia Primo Verdad.Para mayor informaci\u00f3n favor de comunicarse al tel\u00e9fono 153 09 80.<\/p>\n<\/div>\n<\/article>\n<\/div>\n<\/div>\n<\/div>\n<\/div>\n","protected":false},"excerpt":{"rendered":"<p>El Municipio de Aguascalientes a trav\u00e9s del DIF Municipal ofrecer\u00e1 de manera gratuita al p\u00fablico en general, el curso b\u00e1sico de Lenguaje de Se\u00f1as Mexicanas (LSM). A trav\u00e9s de este\u00a0curso\u00a0se facilita la comunicaci\u00f3n y se promueve la accesibilidad, ya que\u00a0se crea un v\u00ednculo entre quienes presentan discapacidad auditiva y sus familiares o personas cercanas, con [&hellip;]<\/p>\n","protected":false},"author":1,"featured_media":3435,"comment_status":"closed","ping_status":"open","sticky":false,"template":"","format":"standard","meta":{"advanced_seo_description":"","jetpack_seo_html_title":"","jetpack_seo_noindex":false,"_jetpack_memberships_contains_paid_content":false,"footnotes":"","jetpack_publicize_message":"","jetpack_publicize_feature_enabled":true,"jetpack_social_post_already_shared":true,"jetpack_social_options":{"image_generator_settings":{"template":"highway","default_image_id":0,"font":"","enabled":false},"version":2}},"categories":[21,3],"tags":[22,25],"class_list":["post-3434","post","type-post","status-publish","format-standard","has-post-thumbnail","hentry","category-aguascalientes","category-municipio-aguascalientes","tag-aguascalientes","tag-mpio-aguascalientes"],"jetpack_publicize_connections":[],"jetpack_featured_media_url":"https:\/\/i0.wp.com\/informativoelvalledeaguascalientes.online\/wp-content\/uploads\/2020\/02\/mpio_ags_senas_26022020.jpg?fit=1024%2C691&ssl=1","jetpack-related-posts":[],"jetpack_sharing_enabled":true,"jetpack_likes_enabled":true,"_links":{"self":[{"href":"https:\/\/informativoelvalledeaguascalientes.online\/index.php?rest_route=\/wp\/v2\/posts\/3434","targetHints":{"allow":["GET"]}}],"collection":[{"href":"https:\/\/informativoelvalledeaguascalientes.online\/index.php?rest_route=\/wp\/v2\/posts"}],"about":[{"href":"https:\/\/informativoelvalledeaguascalientes.online\/index.php?rest_route=\/wp\/v2\/types\/post"}],"author":[{"embeddable":true,"href":"https:\/\/informativoelvalledeaguascalientes.online\/index.php?rest_route=\/wp\/v2\/users\/1"}],"replies":[{"embeddable":true,"href":"https:\/\/informativoelvalledeaguascalientes.online\/index.php?rest_route=%2Fwp%2Fv2%2Fcomments&post=3434"}],"version-history":[{"count":1,"href":"https:\/\/informativoelvalledeaguascalientes.online\/index.php?rest_route=\/wp\/v2\/posts\/3434\/revisions"}],"predecessor-version":[{"id":3436,"href":"https:\/\/informativoelvalledeaguascalientes.online\/index.php?rest_route=\/wp\/v2\/posts\/3434\/revisions\/3436"}],"wp:featuredmedia":[{"embeddable":true,"href":"https:\/\/informativoelvalledeaguascalientes.online\/index.php?rest_route=\/wp\/v2\/media\/3435"}],"wp:attachment":[{"href":"https:\/\/informativoelvalledeaguascalientes.online\/index.php?rest_route=%2Fwp%2Fv2%2Fmedia&parent=3434"}],"wp:term":[{"taxonomy":"category","embeddable":true,"href":"https:\/\/informativoelvalledeaguascalientes.online\/index.php?rest_route=%2Fwp%2Fv2%2Fcategories&post=3434"},{"taxonomy":"post_tag","embeddable":true,"href":"https:\/\/informativoelvalledeaguascalientes.online\/index.php?rest_route=%2Fwp%2Fv2%2Ftags&post=3434"}],"curies":[{"name":"wp","href":"https:\/\/api.w.org\/{rel}","templated":true}]}}