{"id":33061,"date":"2022-07-04T23:00:55","date_gmt":"2022-07-05T05:00:55","guid":{"rendered":"https:\/\/informativoelvalledeaguascalientes.online\/?p=33061"},"modified":"2022-07-04T23:00:55","modified_gmt":"2022-07-05T05:00:55","slug":"espera-municipio-ags-participacion-de-mas-de-2-mil-ninas-y-ninos-en-el-programa-de-cursos-de-verano-2022","status":"publish","type":"post","link":"https:\/\/informativoelvalledeaguascalientes.online\/?p=33061","title":{"rendered":"ESPERA MUNICIPIO AGS. PARTICIPACI\u00d3N DE M\u00c1S DE 2 MIL NI\u00d1AS Y NI\u00d1OS EN EL PROGRAMA DE CURSOS DE VERANO 2022"},"content":{"rendered":"<p class=\"p1\">#informativoelvalledeaguascalientes #novaradioaguascalientes<\/p>\n<div class=\"opinion-section opinion-single-cover opinion-indent opinion-overlay\">\n<div class=\"container\">\n<div class=\"section-head row justify-content-center text-center\">\n<div class=\"col-12 col-md-8\"><\/div>\n<\/div>\n<\/div>\n<\/div>\n<div class=\"opinion-section\">\n<div class=\"container\">\n<div class=\"section-content row justify-content-center\">\n<div class=\"col-12 col-lg-8 opinion-order-1\">\n<article class=\"opinion-post opinion-single post-46808 post type-post status-publish format-standard has-post-thumbnail hentry category-cursos-de-verano tag-actividades-recreativas tag-cursos-de-verano tag-vacaciones-diferentes-2022\">\n<div class=\"entry-content\">\n<div class=\"meks_ess layout-1-1 rectangle no-labels solid\"><\/div>\n<ul>\n<li><strong>Se desarrollar\u00e1n actividades deportivas, art\u00edsticas, recreativas y de educaci\u00f3n ambiental en m\u00e1s de 30 sedes como la duela del DIF, polideportivos y centros culturales<\/strong><\/li>\n<\/ul>\n<p>Con el inicio del periodo de descanso escolar, el Municipio de Aguascalientes present\u00f3 el Programa de Cursos de Verano\u00a0<strong>\u00abVacaciones Diferentes 2022\u00bb<\/strong>, en donde m\u00e1s de dos mil ni\u00f1as y ni\u00f1os podr\u00e1n participar en actividades deportivas, art\u00edsticas recreativas y de educaci\u00f3n ambiental en m\u00e1s de 30 sedes como la duela del DIF, polideportivos, canchas y centros culturales.<\/p>\n<p>El regidor presidente de la Comisi\u00f3n de Educaci\u00f3n, Juventud y Deporte, del H. Ayuntamiento,\u00a0<strong>Juan Guillermo Alaniz de Le\u00f3n<\/strong>, dio a conocer que la Secretar\u00eda de Desarrollo Social (SEDESOM) en las\u00a0<strong>\u201cVacaciones Deportivas en la Ciudad de mi Vida\u201d<\/strong>\u00a0impartir\u00e1 actividades deportivas, manualidades, juegos tradicionales y ajedrez gigante, adem\u00e1s de pl\u00e1ticas de prevenci\u00f3n del delito, entre otras, las cuales se brindar\u00e1n gratuitamente y en las que se contempla participen alrededor de mil 500 ni\u00f1as y ni\u00f1os de 6 a 12 a\u00f1os de edad, del 18 de julio al 5 de agosto en espacios como:<\/p>\n<ul>\n<li><strong>Centro Deportivo Fidel Vel\u00e1zquez<\/strong><\/li>\n<li><strong>Centro Deportivo Mujeres Ilustres<\/strong><\/li>\n<li><strong>Centro Deportivo Pensadores Mexicanos<\/strong><\/li>\n<li><strong>Polideportivo VNSA<\/strong><\/li>\n<li><strong>Parque Viller\u00edas<\/strong><\/li>\n<li><strong>Parque Expensi\u00f3n Municipal<\/strong><\/li>\n<li><strong>Parque Benito Ju\u00e1rez<\/strong><\/li>\n<li><strong>Parque Luis Donaldo Colosio<\/strong><\/li>\n<li><strong>Parque Gremial El Solar<\/strong><\/li>\n<li><strong>Alberca Municipal de Bulevares<\/strong><\/li>\n<li><strong>Alberca Municipal de VNSA<\/strong><\/li>\n<\/ul>\n<p>Adem\u00e1s,\u00a0 se ofrece\u00a0<strong>\u201cVerano en mi Biblioteca\u201d<\/strong>, del 18 de julio al 5 de agosto, en las bibliotecas urbanas y del \u00e1rea rural, en donde se desarrollar\u00e1n de 09:00 a 14:00 horas, talleres de lectura y creaci\u00f3n literaria, computaci\u00f3n, experimentos, juegos recreativos, Tae Kwon Do, juegos tradicionales y charlas de autoestima, entre otras.\u00a0Las ubicaciones de las bibliotecas y detalles para inscripciones que ser\u00e1n del 11 al 15 de julio, est\u00e1n disponibles en la p\u00e1gina oficial de Facebook de la Secretar\u00eda de Desarrollo Social:\u00a0<a href=\"https:\/\/www.facebook.com\/DesarrolloSocialAgs\">https:\/\/www.facebook.com\/DesarrolloSocialAgs<\/a>.<\/p>\n<p>A su vez, la directora general del DIF Municipal,\u00a0<strong>Rita Ver\u00f3nica Cruz Medina<\/strong>, indic\u00f3 que se ofrecer\u00e1n, del 25 de julio al 12 de agosto, de lunes a viernes, de 9:00 a 13:00 horas, en los Centros de Desarrollo Comunitario (CEDECO) Universidad, Rodolfo Landeros y\u00a0 Ojocaliente, y en conjunto con Secretar\u00eda de Medio Ambiente y Desarrollo Sustentable (SEMADESU), Instituto Estatal Electoral (IEE) y la Secretar\u00eda de Seguridad P\u00fablica a trav\u00e9s de la Direcci\u00f3n de Prevenci\u00f3n de las Violencias y la Delincuencia, m\u00e1s de\u00a0 10 actividades como: baile, magia, capoeria, juegos deportivos y tradicionales, manualidades, sensibilizaci\u00f3n cultura de la discapacidad,\u00a0 reciclarte,\u00a0 m\u00fasica, \u00a0microhuertos y casa de la ciencia.<\/p>\n<p>La secretaria de Medio Ambiente,\u00a0<strong>Sarahi Mac\u00edas Alicea<\/strong>, en este sentido reiter\u00f3\u00a0 la invitaci\u00f3n a ni\u00f1as y ni\u00f1os a sumarse a trav\u00e9s de estos cursos a ser agentes de cambio a favor del entorno ecol\u00f3gico y nuestros recursos naturales.<\/p>\n<p>El periodo de inscripciones se llevar\u00e1 a cabo a partir del lunes 11 al 22 de julio, de 10:00 a 19:00 horas en el CEDECO de su preferencia:<\/p>\n<ul>\n<li>CEDECO Universidad. Av. Universidad #612 Colonia Primo Verdad, tel\u00e9fono de contacto: 449 970 36 37. El costo es de $664 pesos por ni\u00f1o, a partir del segundo hermano es de $490 pesos y para servidores p\u00fablicos municipales de $498 pesos (presentando recibo de n\u00f3mina); incluye una playera, gafete y lonchera, adem\u00e1s de otros materiales.<\/li>\n<\/ul>\n<ul>\n<li>CEDECO Ojocaliente. Calle El Zarco S\/N, Colonia Municipio Libre, tel\u00e9fonos de contacto: 449 227 14 23 Y 449 396 55 67. Costo general de $107 pesos.<\/li>\n<\/ul>\n<ul>\n<li>CEDECO Rodolfo Landeros. Calle L\u00e1zaro C\u00e1rdenas S\/N, Colonia Rodolfo Landeros, tel\u00e9fono de contacto: 449 152 22 49. Costo general de $107 pesos.<\/li>\n<\/ul>\n<p>Por otra parte, el titular del Instituto Municipal Aguascalentense para la Cultura (IMAC), <strong>Octavio Alberto Ozuna<\/strong>, present\u00f3\u00a0<strong>\u00abTalleres Operando\u00bb<\/strong>\u00a0que se llevar\u00e1n a cabo gratuitamente en la Casa de Animaci\u00f3n Cultural Oriente (CACO), en el Centro de Desarrollo Social (CEMDES) en el barrio de La Salud y en la Casa Refugio Reyes, en Juan de Montoro, zona Centro, ofreciendo por las tardes de 16:00 a 18:00 horas actividades de arte, danza, m\u00fasica, teatro, artesan\u00edas y juegos tradicionales.<\/p>\n<p>En esta rueda de prensa en el parque Morelos, se realizaron din\u00e1micas infantiles y se cont\u00f3 adem\u00e1s con la participaci\u00f3n del director de Educaci\u00f3n,\u00a0<strong>Ricardo Jaime Hern\u00e1ndez<\/strong>, as\u00ed como del director de Activaci\u00f3n F\u00edsica, Recreaci\u00f3n y Deporte de la Secretar\u00eda de Desarrollo Social (SEDESOM),\u00a0<strong>Luis Rodr\u00edguez Dur\u00e1n<\/strong>, quienes invitaron a consultar las convocatorias en redes sociales y en el portal web www.ags.gob.mx.<\/p>\n<\/div>\n<\/article>\n<\/div>\n<\/div>\n<\/div>\n<\/div>\n","protected":false},"excerpt":{"rendered":"<p>#informativoelvalledeaguascalientes #novaradioaguascalientes Se desarrollar\u00e1n actividades deportivas, art\u00edsticas, recreativas y de educaci\u00f3n ambiental en m\u00e1s de 30 sedes como la duela del DIF, polideportivos y centros culturales Con el inicio del periodo de descanso escolar, el Municipio de Aguascalientes present\u00f3 el Programa de Cursos de Verano\u00a0\u00abVacaciones Diferentes 2022\u00bb, en donde m\u00e1s de dos mil ni\u00f1as y [&hellip;]<\/p>\n","protected":false},"author":1,"featured_media":33062,"comment_status":"closed","ping_status":"open","sticky":false,"template":"","format":"standard","meta":{"advanced_seo_description":"","jetpack_seo_html_title":"","jetpack_seo_noindex":false,"_jetpack_memberships_contains_paid_content":false,"footnotes":"","jetpack_publicize_message":"","jetpack_publicize_feature_enabled":true,"jetpack_social_post_already_shared":true,"jetpack_social_options":{"image_generator_settings":{"template":"highway","default_image_id":0,"font":"","enabled":false},"version":2}},"categories":[21,3],"tags":[22,286],"class_list":["post-33061","post","type-post","status-publish","format-standard","has-post-thumbnail","hentry","category-aguascalientes","category-municipio-aguascalientes","tag-aguascalientes","tag-mpio-aguascalientes-sedesom"],"jetpack_publicize_connections":[],"jetpack_featured_media_url":"https:\/\/i0.wp.com\/informativoelvalledeaguascalientes.online\/wp-content\/uploads\/2022\/07\/mpio-ags-vacaciones.jpeg?fit=1503%2C1002&ssl=1","jetpack-related-posts":[],"jetpack_sharing_enabled":true,"jetpack_likes_enabled":true,"_links":{"self":[{"href":"https:\/\/informativoelvalledeaguascalientes.online\/index.php?rest_route=\/wp\/v2\/posts\/33061","targetHints":{"allow":["GET"]}}],"collection":[{"href":"https:\/\/informativoelvalledeaguascalientes.online\/index.php?rest_route=\/wp\/v2\/posts"}],"about":[{"href":"https:\/\/informativoelvalledeaguascalientes.online\/index.php?rest_route=\/wp\/v2\/types\/post"}],"author":[{"embeddable":true,"href":"https:\/\/informativoelvalledeaguascalientes.online\/index.php?rest_route=\/wp\/v2\/users\/1"}],"replies":[{"embeddable":true,"href":"https:\/\/informativoelvalledeaguascalientes.online\/index.php?rest_route=%2Fwp%2Fv2%2Fcomments&post=33061"}],"version-history":[{"count":1,"href":"https:\/\/informativoelvalledeaguascalientes.online\/index.php?rest_route=\/wp\/v2\/posts\/33061\/revisions"}],"predecessor-version":[{"id":33063,"href":"https:\/\/informativoelvalledeaguascalientes.online\/index.php?rest_route=\/wp\/v2\/posts\/33061\/revisions\/33063"}],"wp:featuredmedia":[{"embeddable":true,"href":"https:\/\/informativoelvalledeaguascalientes.online\/index.php?rest_route=\/wp\/v2\/media\/33062"}],"wp:attachment":[{"href":"https:\/\/informativoelvalledeaguascalientes.online\/index.php?rest_route=%2Fwp%2Fv2%2Fmedia&parent=33061"}],"wp:term":[{"taxonomy":"category","embeddable":true,"href":"https:\/\/informativoelvalledeaguascalientes.online\/index.php?rest_route=%2Fwp%2Fv2%2Fcategories&post=33061"},{"taxonomy":"post_tag","embeddable":true,"href":"https:\/\/informativoelvalledeaguascalientes.online\/index.php?rest_route=%2Fwp%2Fv2%2Ftags&post=33061"}],"curies":[{"name":"wp","href":"https:\/\/api.w.org\/{rel}","templated":true}]}}