{"id":32948,"date":"2022-07-01T20:50:00","date_gmt":"2022-07-02T02:50:00","guid":{"rendered":"https:\/\/informativoelvalledeaguascalientes.online\/?p=32948"},"modified":"2022-07-01T20:50:00","modified_gmt":"2022-07-02T02:50:00","slug":"afianza-gabinete-estrategico-de-desarrollo-social-cierre-exitoso-del-programa-gobernador-contigo","status":"publish","type":"post","link":"https:\/\/informativoelvalledeaguascalientes.online\/?p=32948","title":{"rendered":"AFIANZA GABINETE ESTRAT\u00c9GICO DE DESARROLLO SOCIAL CIERRE EXITOSO DEL PROGRAMA \u201cGOBERNADOR CONTIGO\u201d\u00a0"},"content":{"rendered":"<p style=\"font-weight: 400;\">#informativoelvalledeaguascalientes #novaradioaguascalientes<\/p>\n<p style=\"font-weight: 400;\">\n<p style=\"font-weight: 400;\">\n<p style=\"font-weight: 400;\">Integrantes del Gabinete Estrat\u00e9gico de Desarrollo Social acordaron cerrar filas y hacer un frente com\u00fan contra la marginaci\u00f3n y la pobreza, afianzando el trabajo coordinado y transversal que como parte de la estrategia interinstitucional denominada \u201cGobernador Contigo\u201d han venido desarrollando desde julio de 2021 en beneficio de m\u00e1s de 8 mil familias en todo el estado.<\/p>\n<p style=\"font-weight: 400;\">\n<p style=\"font-weight: 400;\">En el marco de la Segunda Sesi\u00f3n Ordinaria 2022 del Gabinete que agrupa a las dependencias de la cartera social, Humberto Montero, secretario de Desarrollo Social, present\u00f3 el cronograma de cierre del \u201cGobernador Contigo\u201d para designaci\u00f3n y acuerdo de dependencias involucradas en las 5 intervenciones sociales restantes del programa, el cu\u00e1l culminar\u00e1 en el mes de septiembre en el municipio de Asientos.<\/p>\n<p style=\"font-weight: 400;\">\n<p style=\"font-weight: 400;\">Asimismo, agradeci\u00f3 la sinergia y disposici\u00f3n de las 48 dependencias gubernamentales que como parte de la estrategia, han escuchado las necesidades puntuales de la poblaci\u00f3n y llevado en respuesta, sus servicios y programas directamente a las colonias y comunidades a trav\u00e9s de las ya 22 intervenciones realizadas, destacando que gracias a esta suma de esfuerzos se han entregado m\u00e1s de 38 mil apoyos.<\/p>\n","protected":false},"excerpt":{"rendered":"<p>#informativoelvalledeaguascalientes #novaradioaguascalientes Integrantes del Gabinete Estrat\u00e9gico de Desarrollo Social acordaron cerrar filas y hacer un frente com\u00fan contra la marginaci\u00f3n y la pobreza, afianzando el trabajo coordinado y transversal que como parte de la estrategia interinstitucional denominada \u201cGobernador Contigo\u201d han venido desarrollando desde julio de 2021 en beneficio de m\u00e1s de 8 mil familias en [&hellip;]<\/p>\n","protected":false},"author":1,"featured_media":32949,"comment_status":"closed","ping_status":"open","sticky":false,"template":"","format":"standard","meta":{"_monsterinsights_skip_tracking":false,"advanced_seo_description":"","jetpack_seo_html_title":"","jetpack_seo_noindex":false,"jetpack_seo_schema_type":"","_jetpack_newsletter_access":"","_jetpack_dont_email_post_to_subs":false,"_jetpack_newsletter_tier_id":0,"_jetpack_memberships_contains_paywalled_content":false,"_jetpack_feature_clip_id":0,"_jetpack_memberships_contains_paid_content":false,"footnotes":"","jetpack_publicize_message":"","jetpack_publicize_feature_enabled":true,"jetpack_social_post_already_shared":true,"jetpack_social_options":{"image_generator_settings":{"template":"highway","default_image_id":0,"font":"","enabled":false},"version":2},"jetpack_post_was_ever_published":false},"categories":[21,4],"tags":[22,24],"class_list":["post-32948","post","type-post","status-publish","format-standard","has-post-thumbnail","hentry","category-aguascalientes","category-gobierno-del-estado-aguascalientes","tag-aguascalientes","tag-sedeso"],"jetpack_publicize_connections":[],"jetpack_featured_media_url":"https:\/\/i0.wp.com\/informativoelvalledeaguascalientes.online\/wp-content\/uploads\/2022\/07\/sedeso.jpg?fit=852%2C568&ssl=1","jetpack-related-posts":[],"jetpack_sharing_enabled":true,"jetpack_likes_enabled":true,"_links":{"self":[{"href":"https:\/\/informativoelvalledeaguascalientes.online\/index.php?rest_route=\/wp\/v2\/posts\/32948","targetHints":{"allow":["GET"]}}],"collection":[{"href":"https:\/\/informativoelvalledeaguascalientes.online\/index.php?rest_route=\/wp\/v2\/posts"}],"about":[{"href":"https:\/\/informativoelvalledeaguascalientes.online\/index.php?rest_route=\/wp\/v2\/types\/post"}],"author":[{"embeddable":true,"href":"https:\/\/informativoelvalledeaguascalientes.online\/index.php?rest_route=\/wp\/v2\/users\/1"}],"replies":[{"embeddable":true,"href":"https:\/\/informativoelvalledeaguascalientes.online\/index.php?rest_route=%2Fwp%2Fv2%2Fcomments&post=32948"}],"version-history":[{"count":1,"href":"https:\/\/informativoelvalledeaguascalientes.online\/index.php?rest_route=\/wp\/v2\/posts\/32948\/revisions"}],"predecessor-version":[{"id":32950,"href":"https:\/\/informativoelvalledeaguascalientes.online\/index.php?rest_route=\/wp\/v2\/posts\/32948\/revisions\/32950"}],"wp:featuredmedia":[{"embeddable":true,"href":"https:\/\/informativoelvalledeaguascalientes.online\/index.php?rest_route=\/wp\/v2\/media\/32949"}],"wp:attachment":[{"href":"https:\/\/informativoelvalledeaguascalientes.online\/index.php?rest_route=%2Fwp%2Fv2%2Fmedia&parent=32948"}],"wp:term":[{"taxonomy":"category","embeddable":true,"href":"https:\/\/informativoelvalledeaguascalientes.online\/index.php?rest_route=%2Fwp%2Fv2%2Fcategories&post=32948"},{"taxonomy":"post_tag","embeddable":true,"href":"https:\/\/informativoelvalledeaguascalientes.online\/index.php?rest_route=%2Fwp%2Fv2%2Ftags&post=32948"}],"curies":[{"name":"wp","href":"https:\/\/api.w.org\/{rel}","templated":true}]}}