{"id":32634,"date":"2022-06-23T21:29:09","date_gmt":"2022-06-24T03:29:09","guid":{"rendered":"https:\/\/informativoelvalledeaguascalientes.online\/?p=32634"},"modified":"2022-06-23T21:29:09","modified_gmt":"2022-06-24T03:29:09","slug":"participa-iea-en-liv-reunion-del-consejo-nacional-de-autoridades-educativas","status":"publish","type":"post","link":"https:\/\/informativoelvalledeaguascalientes.online\/?p=32634","title":{"rendered":"PARTICIPA IEA EN LIV REUNI\u00d3N DEL CONSEJO NACIONAL DE AUTORIDADES EDUCATIVAS"},"content":{"rendered":"<p>#informativoelvalledeaguascalientes #novaradioaguascalientes<\/p>\n<p style=\"font-weight: 400;\"><strong>\u00a0<\/strong><\/p>\n<p style=\"font-weight: 400;\">El director general del Instituto de Educaci\u00f3n de Aguascalientes (IEA), Ulises Reyes Esparza, acompa\u00f1ado de la titular de la Direcci\u00f3n de Educaci\u00f3n B\u00e1sica, Lourdes Carmona Agui\u00f1aga, participa en la\u00a0<em>LIV Reuni\u00f3n Plenaria Ordinaria del Consejo Nacional de Autoridades Educativas (Conaedu)<\/em>\u00a0que se realiza del 23 al 25 de junio en la ciudad de Puebla y que encabeza la secretaria de Educaci\u00f3n P\u00fablica, Delfina G\u00f3mez \u00c1lvarez.<\/p>\n<p style=\"font-weight: 400;\">Como parte de los trabajos que se desarrollaron hoy en dicho encuentro, se llev\u00f3 a cabo el\u00a0<em>Taller de an\u00e1lisis del Plan y los Programas de Estudio de la Educaci\u00f3n B\u00e1sica 2022;\u00a0<\/em>la revisi\u00f3n del<em>\u00a0Calendario Escolar 2022-2023;\u00a0<\/em>adem\u00e1s de que se abord\u00f3 el\u00a0<em>Nuevo Marco Curricular Com\u00fan de la Educaci\u00f3n Media Superior 2021-2022;\u00a0<\/em>as\u00ed como el\u00a0<em>Plan y Programas de\u00a0 Estudio de la Educaci\u00f3n Normal y dem\u00e1s aplicables para la Formaci\u00f3n de Maestras y Maestros de Educaci\u00f3n B\u00e1sica.<\/em><\/p>\n<p style=\"font-weight: 400;\">Cabe destacar que esta reuni\u00f3n nacional del\u00a0<em>Conaedu\u00a0<\/em>que congrega a las autoridades educativas de todo el pa\u00eds,<em>\u00a0<\/em>se realiza con la finalidad de analizar e intercambiar puntos de vista sobre el desarrollo de la educaci\u00f3n en M\u00e9xico y formular acciones para fortalecer el sistema educativo a favor del desarrollo integral de ni\u00f1as, ni\u00f1os y j\u00f3venes.<\/p>\n","protected":false},"excerpt":{"rendered":"<p>#informativoelvalledeaguascalientes #novaradioaguascalientes \u00a0 El director general del Instituto de Educaci\u00f3n de Aguascalientes (IEA), Ulises Reyes Esparza, acompa\u00f1ado de la titular de la Direcci\u00f3n de Educaci\u00f3n B\u00e1sica, Lourdes Carmona Agui\u00f1aga, participa en la\u00a0LIV Reuni\u00f3n Plenaria Ordinaria del Consejo Nacional de Autoridades Educativas (Conaedu)\u00a0que se realiza del 23 al 25 de junio en la ciudad de Puebla [&hellip;]<\/p>\n","protected":false},"author":1,"featured_media":32635,"comment_status":"closed","ping_status":"open","sticky":false,"template":"","format":"standard","meta":{"advanced_seo_description":"","jetpack_seo_html_title":"","jetpack_seo_noindex":false,"_jetpack_memberships_contains_paid_content":false,"footnotes":"","jetpack_publicize_message":"","jetpack_publicize_feature_enabled":true,"jetpack_social_post_already_shared":true,"jetpack_social_options":{"image_generator_settings":{"template":"highway","default_image_id":0,"font":"","enabled":false},"version":2}},"categories":[21,4],"tags":[22,39],"class_list":["post-32634","post","type-post","status-publish","format-standard","has-post-thumbnail","hentry","category-aguascalientes","category-gobierno-del-estado-aguascalientes","tag-aguascalientes","tag-iea"],"jetpack_publicize_connections":[],"jetpack_featured_media_url":"https:\/\/i0.wp.com\/informativoelvalledeaguascalientes.online\/wp-content\/uploads\/2022\/06\/iea-3.jpg?fit=938%2C625&ssl=1","jetpack-related-posts":[],"jetpack_sharing_enabled":true,"jetpack_likes_enabled":true,"_links":{"self":[{"href":"https:\/\/informativoelvalledeaguascalientes.online\/index.php?rest_route=\/wp\/v2\/posts\/32634","targetHints":{"allow":["GET"]}}],"collection":[{"href":"https:\/\/informativoelvalledeaguascalientes.online\/index.php?rest_route=\/wp\/v2\/posts"}],"about":[{"href":"https:\/\/informativoelvalledeaguascalientes.online\/index.php?rest_route=\/wp\/v2\/types\/post"}],"author":[{"embeddable":true,"href":"https:\/\/informativoelvalledeaguascalientes.online\/index.php?rest_route=\/wp\/v2\/users\/1"}],"replies":[{"embeddable":true,"href":"https:\/\/informativoelvalledeaguascalientes.online\/index.php?rest_route=%2Fwp%2Fv2%2Fcomments&post=32634"}],"version-history":[{"count":1,"href":"https:\/\/informativoelvalledeaguascalientes.online\/index.php?rest_route=\/wp\/v2\/posts\/32634\/revisions"}],"predecessor-version":[{"id":32636,"href":"https:\/\/informativoelvalledeaguascalientes.online\/index.php?rest_route=\/wp\/v2\/posts\/32634\/revisions\/32636"}],"wp:featuredmedia":[{"embeddable":true,"href":"https:\/\/informativoelvalledeaguascalientes.online\/index.php?rest_route=\/wp\/v2\/media\/32635"}],"wp:attachment":[{"href":"https:\/\/informativoelvalledeaguascalientes.online\/index.php?rest_route=%2Fwp%2Fv2%2Fmedia&parent=32634"}],"wp:term":[{"taxonomy":"category","embeddable":true,"href":"https:\/\/informativoelvalledeaguascalientes.online\/index.php?rest_route=%2Fwp%2Fv2%2Fcategories&post=32634"},{"taxonomy":"post_tag","embeddable":true,"href":"https:\/\/informativoelvalledeaguascalientes.online\/index.php?rest_route=%2Fwp%2Fv2%2Ftags&post=32634"}],"curies":[{"name":"wp","href":"https:\/\/api.w.org\/{rel}","templated":true}]}}