{"id":3250,"date":"2020-02-22T12:40:02","date_gmt":"2020-02-22T18:40:02","guid":{"rendered":"https:\/\/informativoelvalledeaguascalientes.online\/?p=3250"},"modified":"2020-02-22T12:40:02","modified_gmt":"2020-02-22T18:40:02","slug":"el-instituto-de-transparencia-del-estado-de-aguascalientes-se-solidariza-este-9-de-marzo-2020","status":"publish","type":"post","link":"https:\/\/informativoelvalledeaguascalientes.online\/?p=3250","title":{"rendered":"El Instituto de Transparencia del Estado de Aguascalientes se solidariza este 9 de marzo 2020"},"content":{"rendered":"<p style=\"font-weight: 400;\">El Instituto de Transparencia del Estado de Aguascalientes en aras de solidarizarse y de respaldar las acciones de organizaciones nacionales, respetar\u00e1 a todas aquellas mujeres en el movimiento del pr\u00f3ximo 9 de marzo #UnD\u00edaSinMujeres<\/p>\n<p style=\"font-weight: 400;\">\n<p style=\"font-weight: 400;\">Reconocemos plenamente el valor que tienen para la Transparencia, el Derecho de Acceso a la Informaci\u00f3n adem\u00e1s de ser parte fundamental para este Instituto.<\/p>\n<p style=\"font-weight: 400;\">\n<p style=\"font-weight: 400;\">Seguiremos haciendo valer sus derechos en la materia sabiendo que este movimiento tendr\u00e1 repercusiones positivas en el futuro de nuestro pa\u00eds.<\/p>\n","protected":false},"excerpt":{"rendered":"<p>El Instituto de Transparencia del Estado de Aguascalientes en aras de solidarizarse y de respaldar las acciones de organizaciones nacionales, respetar\u00e1 a todas aquellas mujeres en el movimiento del pr\u00f3ximo 9 de marzo #UnD\u00edaSinMujeres Reconocemos plenamente el valor que tienen para la Transparencia, el Derecho de Acceso a la Informaci\u00f3n adem\u00e1s de ser parte fundamental [&hellip;]<\/p>\n","protected":false},"author":1,"featured_media":3251,"comment_status":"closed","ping_status":"open","sticky":false,"template":"","format":"standard","meta":{"advanced_seo_description":"","jetpack_seo_html_title":"","jetpack_seo_noindex":false,"_jetpack_memberships_contains_paid_content":false,"footnotes":"","jetpack_publicize_message":"","jetpack_publicize_feature_enabled":true,"jetpack_social_post_already_shared":true,"jetpack_social_options":{"image_generator_settings":{"template":"highway","default_image_id":0,"font":"","enabled":false},"version":2}},"categories":[21,4],"tags":[22,36],"class_list":["post-3250","post","type-post","status-publish","format-standard","has-post-thumbnail","hentry","category-aguascalientes","category-gobierno-del-estado-aguascalientes","tag-aguascalientes","tag-itea"],"jetpack_publicize_connections":[],"jetpack_featured_media_url":"https:\/\/i0.wp.com\/informativoelvalledeaguascalientes.online\/wp-content\/uploads\/2020\/02\/Sin-t%C3%ADtulo-1.png?fit=799%2C521&ssl=1","jetpack-related-posts":[],"jetpack_sharing_enabled":true,"jetpack_likes_enabled":true,"_links":{"self":[{"href":"https:\/\/informativoelvalledeaguascalientes.online\/index.php?rest_route=\/wp\/v2\/posts\/3250","targetHints":{"allow":["GET"]}}],"collection":[{"href":"https:\/\/informativoelvalledeaguascalientes.online\/index.php?rest_route=\/wp\/v2\/posts"}],"about":[{"href":"https:\/\/informativoelvalledeaguascalientes.online\/index.php?rest_route=\/wp\/v2\/types\/post"}],"author":[{"embeddable":true,"href":"https:\/\/informativoelvalledeaguascalientes.online\/index.php?rest_route=\/wp\/v2\/users\/1"}],"replies":[{"embeddable":true,"href":"https:\/\/informativoelvalledeaguascalientes.online\/index.php?rest_route=%2Fwp%2Fv2%2Fcomments&post=3250"}],"version-history":[{"count":1,"href":"https:\/\/informativoelvalledeaguascalientes.online\/index.php?rest_route=\/wp\/v2\/posts\/3250\/revisions"}],"predecessor-version":[{"id":3252,"href":"https:\/\/informativoelvalledeaguascalientes.online\/index.php?rest_route=\/wp\/v2\/posts\/3250\/revisions\/3252"}],"wp:featuredmedia":[{"embeddable":true,"href":"https:\/\/informativoelvalledeaguascalientes.online\/index.php?rest_route=\/wp\/v2\/media\/3251"}],"wp:attachment":[{"href":"https:\/\/informativoelvalledeaguascalientes.online\/index.php?rest_route=%2Fwp%2Fv2%2Fmedia&parent=3250"}],"wp:term":[{"taxonomy":"category","embeddable":true,"href":"https:\/\/informativoelvalledeaguascalientes.online\/index.php?rest_route=%2Fwp%2Fv2%2Fcategories&post=3250"},{"taxonomy":"post_tag","embeddable":true,"href":"https:\/\/informativoelvalledeaguascalientes.online\/index.php?rest_route=%2Fwp%2Fv2%2Ftags&post=3250"}],"curies":[{"name":"wp","href":"https:\/\/api.w.org\/{rel}","templated":true}]}}