{"id":3247,"date":"2020-02-22T11:59:38","date_gmt":"2020-02-22T17:59:38","guid":{"rendered":"https:\/\/informativoelvalledeaguascalientes.online\/?p=3247"},"modified":"2020-02-22T11:59:38","modified_gmt":"2020-02-22T17:59:38","slug":"modulos-del-ine-implementaran-el-sistema-de-gestion-de-calidad-iso-90012015","status":"publish","type":"post","link":"https:\/\/informativoelvalledeaguascalientes.online\/?p=3247","title":{"rendered":"M\u00f3dulos del INE implementar\u00e1n el Sistema de Gesti\u00f3n de Calidad ISO 9001:2015"},"content":{"rendered":"<ul>\n<li><strong>El sistema arrancar\u00e1 este lunes 24 de febrero en todos los m\u00f3dulos de atenci\u00f3n ciudadana de la entidad.<\/strong><\/li>\n<li><strong>Con esto se busca reducir los tiempos de espera en el servicio y la entrega de la credencial para votar.<\/strong><\/li>\n<\/ul>\n<p>Con motivo de la implementaci\u00f3n del Sistema de Gesti\u00f3n de Calidad a trav\u00e9s de la Norma ISO 9001:2015, en los M\u00f3dulos de Atenci\u00f3n Ciudadana (MAC) del Instituto Nacional Electoral (INE), Jes\u00fas Ojeda Luna, Coordinador de Operaci\u00f3n en Campo de la Direcci\u00f3n Ejecutiva del Registro Federal de Electores, visit\u00f3 la entidad para dar a conocer los detalles sobre los beneficios de este sistema en el proceso de credencializaci\u00f3n.<\/p>\n<p>Acompa\u00f1ado de Ignacio Ruelas Olvera, vocal ejecutivo de la Junta Local, y Felipe Reyes Romo, vocal del Registro Federal de Electores; Jes\u00fas Ojeda se\u00f1al\u00f3 que ser\u00e1 a partir del lunes 24 de febrero cuando los m\u00f3dulos en Aguascalientes comiencen a trabajar a trav\u00e9s de este sistema, cuyo objetivo es brindar a la ciudadan\u00eda un servicio eficiente y con los m\u00e1s altos est\u00e1ndares de calidad en el tr\u00e1mite de expedici\u00f3n de su credencial para votar.<\/p>\n<p>\u201cLo que busca el Instituto es asegurar los derechos pol\u00edtico electorales y garantizar un servicio de calidad a la ciudadan\u00eda, por lo que se facilitar\u00e1 el acceso, la ubicaci\u00f3n, la atenci\u00f3n, los horarios y el tiempo requerido para el tr\u00e1mite y entrega de la credencial para votar a los ciudadanos y su correcta inclusi\u00f3n en el Padr\u00f3n Electoral y Lista Nominal de Electores\u201d.<\/p>\n<p>Destac\u00f3 que uno de los principales avances que han tenido los m\u00f3dulos, es la reducci\u00f3n de tiempos, \u201cantes tomaba hasta 30 d\u00edas la entrega de una credencial de elector, y ahora se ha logrado disminuir este periodo de tiempo a s\u00f3lo cinco d\u00edas h\u00e1biles\u201d.<\/p>\n<p>El funcionario tambi\u00e9n se refiri\u00f3 al nuevo modelo de la credencial para votar, se\u00f1al\u00f3 que la nueva mica cuenta con elementos m\u00e1s seguros que permiten a la ciudadan\u00eda contar con un instrumento de identidad y para votar con los m\u00e1s adelantados mecanismos de seguridad, como los c\u00f3digos QR de alta densidad con informaci\u00f3n b\u00e1sica del ciudadano concebidos para facilitar la verificaci\u00f3n de su autenticidad, tanto por parte de las instituciones como de los propios ciudadanos y precis\u00f3 que el costo de la credencial es de 0.60 centavos de d\u00f3lar con el IVA incluido; es decir, 11.58 pesos, lo que representa una reducci\u00f3n aproximada de 9.6%.<\/p>\n<p>Adem\u00e1s, mencion\u00f3 que el Consejo General aprob\u00f3 este viernes, el Acuerdo mediante el cual se garantiza el derecho a la identidad de las personas suspendidas en sus derechos Pol\u00edtico-Electorales, en acatamiento a la sentencia SCM-JDC-1050\/2019, dictada por la Sala Regional Ciudad de M\u00e9xico del Tribunal Electoral del Poder Judicial de la Federaci\u00f3n.<\/p>\n","protected":false},"excerpt":{"rendered":"<p>El sistema arrancar\u00e1 este lunes 24 de febrero en todos los m\u00f3dulos de atenci\u00f3n ciudadana de la entidad. Con esto se busca reducir los tiempos de espera en el servicio y la entrega de la credencial para votar. Con motivo de la implementaci\u00f3n del Sistema de Gesti\u00f3n de Calidad a trav\u00e9s de la Norma ISO [&hellip;]<\/p>\n","protected":false},"author":1,"featured_media":3248,"comment_status":"closed","ping_status":"open","sticky":false,"template":"","format":"standard","meta":{"advanced_seo_description":"","jetpack_seo_html_title":"","jetpack_seo_noindex":false,"_jetpack_memberships_contains_paid_content":false,"footnotes":"","jetpack_publicize_message":"","jetpack_publicize_feature_enabled":true,"jetpack_social_post_already_shared":true,"jetpack_social_options":{"image_generator_settings":{"template":"highway","default_image_id":0,"font":"","enabled":false},"version":2}},"categories":[21,19],"tags":[22,82],"class_list":["post-3247","post","type-post","status-publish","format-standard","has-post-thumbnail","hentry","category-aguascalientes","category-informacion-general","tag-aguascalientes","tag-ine"],"jetpack_publicize_connections":[],"jetpack_featured_media_url":"https:\/\/i0.wp.com\/informativoelvalledeaguascalientes.online\/wp-content\/uploads\/2020\/02\/2-min.jpg?fit=2248%2C1500&ssl=1","jetpack-related-posts":[],"jetpack_sharing_enabled":true,"jetpack_likes_enabled":true,"_links":{"self":[{"href":"https:\/\/informativoelvalledeaguascalientes.online\/index.php?rest_route=\/wp\/v2\/posts\/3247","targetHints":{"allow":["GET"]}}],"collection":[{"href":"https:\/\/informativoelvalledeaguascalientes.online\/index.php?rest_route=\/wp\/v2\/posts"}],"about":[{"href":"https:\/\/informativoelvalledeaguascalientes.online\/index.php?rest_route=\/wp\/v2\/types\/post"}],"author":[{"embeddable":true,"href":"https:\/\/informativoelvalledeaguascalientes.online\/index.php?rest_route=\/wp\/v2\/users\/1"}],"replies":[{"embeddable":true,"href":"https:\/\/informativoelvalledeaguascalientes.online\/index.php?rest_route=%2Fwp%2Fv2%2Fcomments&post=3247"}],"version-history":[{"count":1,"href":"https:\/\/informativoelvalledeaguascalientes.online\/index.php?rest_route=\/wp\/v2\/posts\/3247\/revisions"}],"predecessor-version":[{"id":3249,"href":"https:\/\/informativoelvalledeaguascalientes.online\/index.php?rest_route=\/wp\/v2\/posts\/3247\/revisions\/3249"}],"wp:featuredmedia":[{"embeddable":true,"href":"https:\/\/informativoelvalledeaguascalientes.online\/index.php?rest_route=\/wp\/v2\/media\/3248"}],"wp:attachment":[{"href":"https:\/\/informativoelvalledeaguascalientes.online\/index.php?rest_route=%2Fwp%2Fv2%2Fmedia&parent=3247"}],"wp:term":[{"taxonomy":"category","embeddable":true,"href":"https:\/\/informativoelvalledeaguascalientes.online\/index.php?rest_route=%2Fwp%2Fv2%2Fcategories&post=3247"},{"taxonomy":"post_tag","embeddable":true,"href":"https:\/\/informativoelvalledeaguascalientes.online\/index.php?rest_route=%2Fwp%2Fv2%2Ftags&post=3247"}],"curies":[{"name":"wp","href":"https:\/\/api.w.org\/{rel}","templated":true}]}}