{"id":3239,"date":"2020-02-22T09:38:31","date_gmt":"2020-02-22T15:38:31","guid":{"rendered":"https:\/\/informativoelvalledeaguascalientes.online\/?p=3239"},"modified":"2020-02-22T09:38:31","modified_gmt":"2020-02-22T15:38:31","slug":"comunicado-de-prensa-seguot","status":"publish","type":"post","link":"https:\/\/informativoelvalledeaguascalientes.online\/?p=3239","title":{"rendered":"COMUNICADO DE PRENSA SEGUOT"},"content":{"rendered":"<p style=\"font-weight: 400;\">Con el objetivo de dar a conocer cada uno de los avances que se realizan para restablecer los servicios que presta el Registro P\u00fablico de la Propiedad y del Comercio, la Directora de esta dependencia Griselda Gonz\u00e1lez Morales, comunic\u00f3 la reanudaci\u00f3n del Sistema Integral de Gesti\u00f3n Registral a partir del lunes 24 de febrero.<\/p>\n<p style=\"font-weight: 400;\">En este sistema, se realizan las inscripciones de los actos mercantiles as\u00ed como todos aquellos relacionados con los comerciantes, entre los que se encuentran: la inscripci\u00f3n de sociedades mercantiles, asambleas mercantiles, poderes civiles y mercantiles, as\u00ed como la expedici\u00f3n de certificados mercantiles, de libertad o no de gravamen, certificados de inscripci\u00f3n de sociedades mercantiles, certificados con historial registral, rectificaci\u00f3n de actos mercantiles, registro de embargos y cancelaciones de actos mercantiles, todo ello en sus modalidades digital y presencial.<\/p>\n<p style=\"font-weight: 400;\">De esta manera se cumple con el compromiso de estar habilitando de manera paulatina los servicios de la dependencia y de informar de manera inmediata, puntual y con total transparencia los servicios que vuelven a operar de manera habitual.<\/p>\n<p style=\"font-weight: 400;\">Estos registros son un indicador importante que muestran el avance en el desarrollo y crecimiento de la econom\u00eda de Aguascalientes, una de las prioridades de Gobierno del Estado.<\/p>\n","protected":false},"excerpt":{"rendered":"<p>Con el objetivo de dar a conocer cada uno de los avances que se realizan para restablecer los servicios que presta el Registro P\u00fablico de la Propiedad y del Comercio, la Directora de esta dependencia Griselda Gonz\u00e1lez Morales, comunic\u00f3 la reanudaci\u00f3n del Sistema Integral de Gesti\u00f3n Registral a partir del lunes 24 de febrero. En [&hellip;]<\/p>\n","protected":false},"author":1,"featured_media":3240,"comment_status":"closed","ping_status":"open","sticky":false,"template":"","format":"standard","meta":{"advanced_seo_description":"","jetpack_seo_html_title":"","jetpack_seo_noindex":false,"_jetpack_memberships_contains_paid_content":false,"footnotes":"","jetpack_publicize_message":"","jetpack_publicize_feature_enabled":true,"jetpack_social_post_already_shared":true,"jetpack_social_options":{"image_generator_settings":{"template":"highway","default_image_id":0,"font":"","enabled":false},"version":2}},"categories":[21,4],"tags":[22,26],"class_list":["post-3239","post","type-post","status-publish","format-standard","has-post-thumbnail","hentry","category-aguascalientes","category-gobierno-del-estado-aguascalientes","tag-aguascalientes","tag-seguot"],"jetpack_publicize_connections":[],"jetpack_featured_media_url":"https:\/\/i0.wp.com\/informativoelvalledeaguascalientes.online\/wp-content\/uploads\/2020\/02\/seguot_griseldaglez_21022020.jpg?fit=445%2C382&ssl=1","jetpack-related-posts":[],"jetpack_sharing_enabled":true,"jetpack_likes_enabled":true,"_links":{"self":[{"href":"https:\/\/informativoelvalledeaguascalientes.online\/index.php?rest_route=\/wp\/v2\/posts\/3239","targetHints":{"allow":["GET"]}}],"collection":[{"href":"https:\/\/informativoelvalledeaguascalientes.online\/index.php?rest_route=\/wp\/v2\/posts"}],"about":[{"href":"https:\/\/informativoelvalledeaguascalientes.online\/index.php?rest_route=\/wp\/v2\/types\/post"}],"author":[{"embeddable":true,"href":"https:\/\/informativoelvalledeaguascalientes.online\/index.php?rest_route=\/wp\/v2\/users\/1"}],"replies":[{"embeddable":true,"href":"https:\/\/informativoelvalledeaguascalientes.online\/index.php?rest_route=%2Fwp%2Fv2%2Fcomments&post=3239"}],"version-history":[{"count":1,"href":"https:\/\/informativoelvalledeaguascalientes.online\/index.php?rest_route=\/wp\/v2\/posts\/3239\/revisions"}],"predecessor-version":[{"id":3241,"href":"https:\/\/informativoelvalledeaguascalientes.online\/index.php?rest_route=\/wp\/v2\/posts\/3239\/revisions\/3241"}],"wp:featuredmedia":[{"embeddable":true,"href":"https:\/\/informativoelvalledeaguascalientes.online\/index.php?rest_route=\/wp\/v2\/media\/3240"}],"wp:attachment":[{"href":"https:\/\/informativoelvalledeaguascalientes.online\/index.php?rest_route=%2Fwp%2Fv2%2Fmedia&parent=3239"}],"wp:term":[{"taxonomy":"category","embeddable":true,"href":"https:\/\/informativoelvalledeaguascalientes.online\/index.php?rest_route=%2Fwp%2Fv2%2Fcategories&post=3239"},{"taxonomy":"post_tag","embeddable":true,"href":"https:\/\/informativoelvalledeaguascalientes.online\/index.php?rest_route=%2Fwp%2Fv2%2Ftags&post=3239"}],"curies":[{"name":"wp","href":"https:\/\/api.w.org\/{rel}","templated":true}]}}