{"id":32267,"date":"2022-06-15T17:53:25","date_gmt":"2022-06-15T23:53:25","guid":{"rendered":"https:\/\/informativoelvalledeaguascalientes.online\/?p=32267"},"modified":"2022-06-15T17:53:25","modified_gmt":"2022-06-15T23:53:25","slug":"con-gran-participacion-se-realizo-el-baile-de-maestras-y-maestros-jubilados","status":"publish","type":"post","link":"https:\/\/informativoelvalledeaguascalientes.online\/?p=32267","title":{"rendered":"CON GRAN PARTICIPACI\u00d3N SE REALIZ\u00d3 EL BAILE DE MAESTRAS Y MAESTROS JUBILADOS"},"content":{"rendered":"<p style=\"font-weight: 400;\"><strong>\u00a0<\/strong><\/p>\n<p style=\"font-weight: 400;\"><strong>#informativoelvalledeaguascalientes , #novaradioaguascalientes<\/strong><\/p>\n<p style=\"font-weight: 400;\"><strong><em>\u00a0<\/em><\/strong><\/p>\n<p style=\"font-weight: 400;\">Con su trayectoria acad\u00e9mica, ejemplo y vocaci\u00f3n, las maestras y los maestros jubilados son la gu\u00eda para mantener de pie al sistema educativo estatal en todos sus niveles, as\u00ed lo se\u00f1al\u00f3 Ulises Reyes Esparza, director general del Instituto de Educaci\u00f3n de Aguascalientes (IEA).<\/p>\n<p style=\"font-weight: 400;\">Lo anterior, durante el tradicional Baile de las maestras y los maestros jubilados, en el que se cont\u00f3 con gran participaci\u00f3n y estuvo amenizado por Los \u00c1ngeles Negros. Las y los asistentes disfrutaron con entusiasmo este evento que se llev\u00f3 a cabo en el marco de los festejos por el D\u00eda de la Maestra y el Maestro 2022, con la finalidad de celebrar a quienes son ejemplo de entrega y servicio\u00a0a la educaci\u00f3n en el estado.<\/p>\n","protected":false},"excerpt":{"rendered":"<p>\u00a0 #informativoelvalledeaguascalientes , #novaradioaguascalientes \u00a0 Con su trayectoria acad\u00e9mica, ejemplo y vocaci\u00f3n, las maestras y los maestros jubilados son la gu\u00eda para mantener de pie al sistema educativo estatal en todos sus niveles, as\u00ed lo se\u00f1al\u00f3 Ulises Reyes Esparza, director general del Instituto de Educaci\u00f3n de Aguascalientes (IEA). Lo anterior, durante el tradicional Baile de [&hellip;]<\/p>\n","protected":false},"author":1,"featured_media":32270,"comment_status":"closed","ping_status":"open","sticky":false,"template":"","format":"standard","meta":{"advanced_seo_description":"","jetpack_seo_html_title":"","jetpack_seo_noindex":false,"_jetpack_memberships_contains_paid_content":false,"footnotes":"","jetpack_publicize_message":"","jetpack_publicize_feature_enabled":true,"jetpack_social_post_already_shared":true,"jetpack_social_options":{"image_generator_settings":{"template":"highway","default_image_id":0,"font":"","enabled":false},"version":2}},"categories":[21,4],"tags":[22,39],"class_list":["post-32267","post","type-post","status-publish","format-standard","has-post-thumbnail","hentry","category-aguascalientes","category-gobierno-del-estado-aguascalientes","tag-aguascalientes","tag-iea"],"jetpack_publicize_connections":[],"jetpack_featured_media_url":"https:\/\/i0.wp.com\/informativoelvalledeaguascalientes.online\/wp-content\/uploads\/2022\/06\/IMG_0058.jpeg?fit=1280%2C853&ssl=1","jetpack-related-posts":[],"jetpack_sharing_enabled":true,"jetpack_likes_enabled":true,"_links":{"self":[{"href":"https:\/\/informativoelvalledeaguascalientes.online\/index.php?rest_route=\/wp\/v2\/posts\/32267","targetHints":{"allow":["GET"]}}],"collection":[{"href":"https:\/\/informativoelvalledeaguascalientes.online\/index.php?rest_route=\/wp\/v2\/posts"}],"about":[{"href":"https:\/\/informativoelvalledeaguascalientes.online\/index.php?rest_route=\/wp\/v2\/types\/post"}],"author":[{"embeddable":true,"href":"https:\/\/informativoelvalledeaguascalientes.online\/index.php?rest_route=\/wp\/v2\/users\/1"}],"replies":[{"embeddable":true,"href":"https:\/\/informativoelvalledeaguascalientes.online\/index.php?rest_route=%2Fwp%2Fv2%2Fcomments&post=32267"}],"version-history":[{"count":1,"href":"https:\/\/informativoelvalledeaguascalientes.online\/index.php?rest_route=\/wp\/v2\/posts\/32267\/revisions"}],"predecessor-version":[{"id":32271,"href":"https:\/\/informativoelvalledeaguascalientes.online\/index.php?rest_route=\/wp\/v2\/posts\/32267\/revisions\/32271"}],"wp:featuredmedia":[{"embeddable":true,"href":"https:\/\/informativoelvalledeaguascalientes.online\/index.php?rest_route=\/wp\/v2\/media\/32270"}],"wp:attachment":[{"href":"https:\/\/informativoelvalledeaguascalientes.online\/index.php?rest_route=%2Fwp%2Fv2%2Fmedia&parent=32267"}],"wp:term":[{"taxonomy":"category","embeddable":true,"href":"https:\/\/informativoelvalledeaguascalientes.online\/index.php?rest_route=%2Fwp%2Fv2%2Fcategories&post=32267"},{"taxonomy":"post_tag","embeddable":true,"href":"https:\/\/informativoelvalledeaguascalientes.online\/index.php?rest_route=%2Fwp%2Fv2%2Ftags&post=32267"}],"curies":[{"name":"wp","href":"https:\/\/api.w.org\/{rel}","templated":true}]}}