{"id":32266,"date":"2022-06-15T17:50:27","date_gmt":"2022-06-15T23:50:27","guid":{"rendered":"https:\/\/informativoelvalledeaguascalientes.online\/?p=32266"},"modified":"2022-06-15T17:54:02","modified_gmt":"2022-06-15T23:54:02","slug":"aviso-vial-12","status":"publish","type":"post","link":"https:\/\/informativoelvalledeaguascalientes.online\/?p=32266","title":{"rendered":"AVISO VIAL"},"content":{"rendered":"<p style=\"font-weight: 400;\"><strong>#informativoelvalledeaguascalientes , #novaradioaguascalientes<\/strong><\/p>\n<p style=\"font-weight: 400;\">La Secretar\u00eda de Obras P\u00fablicas del Estado informa a la poblaci\u00f3n en general, especialmente a los conductores que circulan por Av. Aguascalientes que el\u00a0<strong><em>pr\u00f3ximo 15 de junio al 18 de junio<\/em><\/strong>\u00a0se tendr\u00e1 una disminuci\u00f3n de carriles de circulaci\u00f3n en un horario de las\u00a0<strong><em>10:00 am a las 15:00 pm. en el tramo de R\u00edo Volga a Jardines Eternos en direcci\u00f3n de sur a norte y en el tramo de Aquiles Elourduy a Calle Tokio de norte a sur<\/em><\/strong>, debido a las obras de rehabilitaci\u00f3n de la carpeta asf\u00e1ltica que se realizar\u00e1n en dicha zona<\/p>\n<p style=\"font-weight: 400;\">Por lo que se recomienda anticipar sus traslados y\/o desplazarse por alguna otra ruta alterna, que les permita llegar a su destino a tiempo, toda vez que solo se dejar\u00e1 un carril de circulaci\u00f3n, ya que se tendr\u00e1 personal trabajando y equipos de repavimentaci\u00f3n, asimismo se sugiere manejar con precauci\u00f3n a quienes decidan trasladarse sobre Av. Aguascalientes<\/p>\n","protected":false},"excerpt":{"rendered":"<p>#informativoelvalledeaguascalientes , #novaradioaguascalientes La Secretar\u00eda de Obras P\u00fablicas del Estado informa a la poblaci\u00f3n en general, especialmente a los conductores que circulan por Av. Aguascalientes que el\u00a0pr\u00f3ximo 15 de junio al 18 de junio\u00a0se tendr\u00e1 una disminuci\u00f3n de carriles de circulaci\u00f3n en un horario de las\u00a010:00 am a las 15:00 pm. en el tramo de [&hellip;]<\/p>\n","protected":false},"author":1,"featured_media":32268,"comment_status":"closed","ping_status":"open","sticky":false,"template":"","format":"standard","meta":{"advanced_seo_description":"","jetpack_seo_html_title":"","jetpack_seo_noindex":false,"_jetpack_memberships_contains_paid_content":false,"footnotes":"","jetpack_publicize_message":"","jetpack_publicize_feature_enabled":true,"jetpack_social_post_already_shared":true,"jetpack_social_options":{"image_generator_settings":{"template":"highway","default_image_id":0,"font":"","enabled":false},"version":2}},"categories":[21,4],"tags":[22,46],"class_list":["post-32266","post","type-post","status-publish","format-standard","has-post-thumbnail","hentry","category-aguascalientes","category-gobierno-del-estado-aguascalientes","tag-aguascalientes","tag-sop"],"jetpack_publicize_connections":[],"jetpack_featured_media_url":"https:\/\/i0.wp.com\/informativoelvalledeaguascalientes.online\/wp-content\/uploads\/2022\/06\/AV.-AGUASCALIENTES-3.jpg?fit=1261%2C710&ssl=1","jetpack-related-posts":[],"jetpack_sharing_enabled":true,"jetpack_likes_enabled":true,"_links":{"self":[{"href":"https:\/\/informativoelvalledeaguascalientes.online\/index.php?rest_route=\/wp\/v2\/posts\/32266","targetHints":{"allow":["GET"]}}],"collection":[{"href":"https:\/\/informativoelvalledeaguascalientes.online\/index.php?rest_route=\/wp\/v2\/posts"}],"about":[{"href":"https:\/\/informativoelvalledeaguascalientes.online\/index.php?rest_route=\/wp\/v2\/types\/post"}],"author":[{"embeddable":true,"href":"https:\/\/informativoelvalledeaguascalientes.online\/index.php?rest_route=\/wp\/v2\/users\/1"}],"replies":[{"embeddable":true,"href":"https:\/\/informativoelvalledeaguascalientes.online\/index.php?rest_route=%2Fwp%2Fv2%2Fcomments&post=32266"}],"version-history":[{"count":2,"href":"https:\/\/informativoelvalledeaguascalientes.online\/index.php?rest_route=\/wp\/v2\/posts\/32266\/revisions"}],"predecessor-version":[{"id":32273,"href":"https:\/\/informativoelvalledeaguascalientes.online\/index.php?rest_route=\/wp\/v2\/posts\/32266\/revisions\/32273"}],"wp:featuredmedia":[{"embeddable":true,"href":"https:\/\/informativoelvalledeaguascalientes.online\/index.php?rest_route=\/wp\/v2\/media\/32268"}],"wp:attachment":[{"href":"https:\/\/informativoelvalledeaguascalientes.online\/index.php?rest_route=%2Fwp%2Fv2%2Fmedia&parent=32266"}],"wp:term":[{"taxonomy":"category","embeddable":true,"href":"https:\/\/informativoelvalledeaguascalientes.online\/index.php?rest_route=%2Fwp%2Fv2%2Fcategories&post=32266"},{"taxonomy":"post_tag","embeddable":true,"href":"https:\/\/informativoelvalledeaguascalientes.online\/index.php?rest_route=%2Fwp%2Fv2%2Ftags&post=32266"}],"curies":[{"name":"wp","href":"https:\/\/api.w.org\/{rel}","templated":true}]}}